{"id":77310,"date":"2023-06-16T08:06:58","date_gmt":"2023-06-16T06:06:58","guid":{"rendered":"https:\/\/www.mojevrijeme.hr\/magazin\/?p=77310"},"modified":"2023-06-16T08:07:11","modified_gmt":"2023-06-16T06:07:11","slug":"dio-umirovljenika-u-bih-dobit-ce-pomoc-od-306-eura-ovo-su-kriteriji","status":"publish","type":"post","link":"https:\/\/www.mojevrijeme.hr\/magazin\/2023\/06\/dio-umirovljenika-u-bih-dobit-ce-pomoc-od-306-eura-ovo-su-kriteriji\/","title":{"rendered":"Dio umirovljenika u BiH dobit \u0107e pomo\u0107 od 306 eura, ovo su kriteriji"},"content":{"rendered":"\n<p>Vlada Federacije BiH usvojila je Program raspodjele paketa potpore za energetski siroma\u0161na ku\u0107anstva. Rije\u010d je o novcu koji je Europska uniju interventno poslala stanovni\u0161tvu BiH, a koji \u0107e se isplatiti kao jednokratna potpora siroma\u0161nim ku\u0107anstvima.<\/p>\n\n\n\n<p>Vlada napominje da korisnici socijalnih naknada ne\u0107e automatski postati korisnici ove pomo\u0107i, iako ni oni nisu isklju\u010deni. &#8220;Program potro\u0161nje uklju\u010duje pomo\u0107 za 110.000 ku\u0107anstava razvrstanih u \u010detiri kategorije, a to su obitelji u kojima niti jedan \u010dlan ne radi; korisnici mirovina do iznosa zajam\u010dene mirovine, obitelji s djecom, korisnici doplatka za djecu i jednoroditeljske obitelji bez stalnih primanja ili ni\u017eih od minimalne pla\u0107e&#8221;, rekao je federalni ministra rada i socijalne politike <strong>Adnan Deli\u0107<\/strong>.<\/p>\n\n\n\n<p>Naglasio je i da prijava na javni poziv za ovu jednokratnu pomo\u0107 ne utje\u010de na ostvarivanje redovitih socijalnih naknada: invalidnine, dje\u010djeg doplatka, odnosno korisnici ovih naknada ne gube pravo na njih ako se prijave na javni poziv. za ovu jednokratnu pomo\u0107. Projekt podjele ove pomo\u0107i provodit \u0107e se u suradnji s op\u0107inama i centrima za socijalni rad, navodi se u priop\u0107enju. Ranije je najavljeno da svako doma\u0107instvo mo\u017ee dobiti najvi\u0161e 600 KM (306 eura) pomo\u0107i.<\/p><div id=\"mojev-2836750221\" class=\"mojev-u-tekstu mojev-entity-placement\" style=\"margin-left: auto;margin-right: auto;text-align: center;\"><div class=\"mojev-adlabel\">oglas<\/div><div style=\"height: 250px;\"><script async src=\"https:\/\/pagead2.googlesyndication.com\/pagead\/js\/adsbygoogle.js?client=ca-pub-8106111766207173\"\r\n     crossorigin=\"anonymous\"><\/script>\r\n<!-- Prikazni 1 u tekstu -->\r\n<ins class=\"adsbygoogle\"\r\n     style=\"display:block\"\r\n     data-ad-client=\"ca-pub-8106111766207173\"\r\n     data-ad-slot=\"8535551207\"\r\n     data-ad-format=\"auto\"\r\n     data-full-width-responsive=\"true\"><\/ins>\r\n<script>\r\n     (adsbygoogle = window.adsbygoogle || []).push({});\r\n<\/script><\/div><\/div><br style=\"clear: both; display: block; float: none;\"\/>\n<div id=\"mojev-3481793222\" class=\"mojev-kraj-teksta mojev-entity-placement\" style=\"margin-bottom: 20px;margin-left: auto;margin-right: auto;text-align: center;\"><div class=\"mojev-adlabel\">oglas<\/div><div style=\"height: 250px;\"><script async src=\"https:\/\/pagead2.googlesyndication.com\/pagead\/js\/adsbygoogle.js?client=ca-pub-8106111766207173\"\r\n     crossorigin=\"anonymous\"><\/script>\r\n<!-- Display-1 -->\r\n<ins class=\"adsbygoogle\"\r\n     style=\"display:block\"\r\n     data-ad-client=\"ca-pub-8106111766207173\"\r\n     data-ad-slot=\"1465712950\"\r\n     data-ad-format=\"auto\"\r\n     data-full-width-responsive=\"true\"><\/ins>\r\n<script>\r\n     (adsbygoogle = window.adsbygoogle || []).push({});\r\n<\/script><\/div><\/div>","protected":false},"excerpt":{"rendered":"<p>Projekt podjele ove pomo\u0107i provodit \u0107e se u suradnji s op\u0107inama i centrima za socijalni rad, navodi se u priop\u0107enju. <\/p>\n","protected":false},"author":1,"featured_media":71300,"comment_status":"closed","ping_status":"closed","sticky":false,"template":"","format":"standard","meta":{"footnotes":""},"categories":[9],"tags":[574,3411,113],"class_list":["post-77310","post","type-post","status-publish","format-standard","has-post-thumbnail","hentry","category-vijesti","tag-europska-unija","tag-federacija-bih","tag-novcana-pomoc"],"_links":{"self":[{"href":"https:\/\/www.mojevrijeme.hr\/magazin\/wp-json\/wp\/v2\/posts\/77310","targetHints":{"allow":["GET"]}}],"collection":[{"href":"https:\/\/www.mojevrijeme.hr\/magazin\/wp-json\/wp\/v2\/posts"}],"about":[{"href":"https:\/\/www.mojevrijeme.hr\/magazin\/wp-json\/wp\/v2\/types\/post"}],"author":[{"embeddable":true,"href":"https:\/\/www.mojevrijeme.hr\/magazin\/wp-json\/wp\/v2\/users\/1"}],"replies":[{"embeddable":true,"href":"https:\/\/www.mojevrijeme.hr\/magazin\/wp-json\/wp\/v2\/comments?post=77310"}],"version-history":[{"count":0,"href":"https:\/\/www.mojevrijeme.hr\/magazin\/wp-json\/wp\/v2\/posts\/77310\/revisions"}],"wp:featuredmedia":[{"embeddable":true,"href":"https:\/\/www.mojevrijeme.hr\/magazin\/wp-json\/wp\/v2\/media\/71300"}],"wp:attachment":[{"href":"https:\/\/www.mojevrijeme.hr\/magazin\/wp-json\/wp\/v2\/media?parent=77310"}],"wp:term":[{"taxonomy":"category","embeddable":true,"href":"https:\/\/www.mojevrijeme.hr\/magazin\/wp-json\/wp\/v2\/categories?post=77310"},{"taxonomy":"post_tag","embeddable":true,"href":"https:\/\/www.mojevrijeme.hr\/magazin\/wp-json\/wp\/v2\/tags?post=77310"}],"curies":[{"name":"wp","href":"https:\/\/api.w.org\/{rel}","templated":true}]}}