{"id":77323,"date":"2023-06-19T09:42:25","date_gmt":"2023-06-19T07:42:25","guid":{"rendered":"https:\/\/www.mojevrijeme.hr\/magazin\/?p=77323"},"modified":"2023-06-19T09:44:46","modified_gmt":"2023-06-19T07:44:46","slug":"katarina-65-cijeli-zivot-smo-se-svadali-a-sad-me-ostavio-samu","status":"publish","type":"post","link":"https:\/\/www.mojevrijeme.hr\/magazin\/2023\/06\/katarina-65-cijeli-zivot-smo-se-svadali-a-sad-me-ostavio-samu\/","title":{"rendered":"Katarina (65): Cijeli \u017eivot smo se sva\u0111ali, a sad me ostavio samu"},"content":{"rendered":"\n<p>Gospo\u0111a <strong>Katarina<\/strong> na svoj \u017eivot ne gleda ru\u017ei\u010dasto i ispunjena sretnim uspomenama &#8211; provela ga je u problemati\u010dnom braku koji je tek sada do\u0161ao svome kraju, a isplivale su s ovim porazom i druge istine koje je pogledala ravno u o\u010di. Sve \u0161to jo\u0161 pri\u017eeljkuje je da ju \u017eivotna snaga ne izda dok ne odlu\u010di \u0161to \u0107e i kako sama dalje.<\/p>\n\n\n\n<p>&#8220;U svom domu nikad nisam bila kraljica, uvijek sam bila nesavr\u0161ena i nezrela neprijateljica. Udala sam se mlada i iz ljubavi, ali ipak prerano, nespremna. Suprug je bio terenac, ja sam tr\u010dala s posla raditi po ku\u0107i i brinuti o troje djece. A radilo se u na\u0161oj firmi tada puno, natovarila sam si posla koji bi danas radilo troje ljudi&#8221;, zapo\u010dela je svoju ispovijest gospo\u0111a Katarina.<\/p>\n\n\n\n<p>Odrasla je, otkriva, na selu pa ju je ono tipi\u010dno hrvatsko, kad netko ne zna kako bi nekoga povrijedio pa mu podrugljivim tonom ka\u017ee &#8220;seljanka&#8221;, pratilo kroz \u017eivot.<\/p><div id=\"mojev-6715773\" class=\"mojev-u-tekstu mojev-entity-placement\" style=\"margin-left: auto;margin-right: auto;text-align: center;\"><div class=\"mojev-adlabel\">oglas<\/div><div style=\"height: 250px;\"><script async src=\"https:\/\/pagead2.googlesyndication.com\/pagead\/js\/adsbygoogle.js?client=ca-pub-8106111766207173\"\r\n     crossorigin=\"anonymous\"><\/script>\r\n<!-- Prikazni 1 u tekstu -->\r\n<ins class=\"adsbygoogle\"\r\n     style=\"display:block\"\r\n     data-ad-client=\"ca-pub-8106111766207173\"\r\n     data-ad-slot=\"8535551207\"\r\n     data-ad-format=\"auto\"\r\n     data-full-width-responsive=\"true\"><\/ins>\r\n<script>\r\n     (adsbygoogle = window.adsbygoogle || []).push({});\r\n<\/script><\/div><\/div><br style=\"clear: both; display: block; float: none;\"\/>\n\n\n\n<p>Danas je punica, svekrva i baka. &#8220;Osje\u0107am se kroz \u017eivot kao \u010duvarica svega, i svoje djece i djece svog sina, i njihove ku\u0107e. Mladi imaju svoje \u017eelje i snove, a ja sam shvatila da mi stariji i iskusniji najvi\u0161e mo\u017eemo pomo\u0107i ako se u ni\u0161ta ne mije\u0161amo. Odradi i nestani, tako nekako&#8221;, razmi\u0161ljanja su na\u0161e \u010ditateljice.<\/p>\n\n\n\n<h3 class=\"wp-block-heading\">Napustio me kad se razbolio<\/h3>\n\n\n\n<p>Suprug ju je napustio kad se razbolio. &#8220;Jedna od na\u0161ih k\u0107eri \u017eivi u njegovoj roditeljskoj ku\u0107i, prepisao joj je svoj dio. Razbolio se, iselio iz na\u0161eg stana i oti\u0161ao kod nje u ku\u0107u. Tu\u017eno je to, prema kraju na\u0161ih \u017eivota, kad bi jedno drugome trebali biti najve\u0107a potpora i \u0161tap, mi smo svoje potro\u0161ene \u017eivote stavili na raspolaganje drugima. Nismo u lo\u0161im odnosima, ali u nama je gorki okus izgubljene sre\u0107e. Vi\u0161e od pola svojih \u017eivota potro\u0161ili smo na razmirice, viku, galamu. Ah, kad se sjetim, bile su to sve bezvezne sva\u0111e, zbilja bezvezne&#8221;, iznosi svoje razmi\u0161ljanje. <\/p>\n\n\n\n<p>&#8220;I eto, danas kad bi si mogli pomo\u0107i u starosti, \u017eivimo po novim pravilima. Kako se drugima prohtije, jer svi bi rado dirigirali. Ja jo\u0161 uvijek nisam na\u010distu kako \u0107u sama dalje, jer iako nisam sama, imam djecu i unu\u010dad, a opet, sama sam. I ne vidim da \u0107u ovim tempom mo\u0107i jo\u0161 dugo, snaga me napu\u0161ta&#8221;, opisuje gospo\u0111a Katarina.<\/p>\n\n\n\n<h3 class=\"wp-block-heading\">K\u0107eri samo prigovaraju<\/h3>\n\n\n\n<p>Osvrnula se potom na k\u0107eri i unu\u010dad. &#8220;K\u0107eri imaju svoje \u017eivote i vole upravljati i mojim. Bez pardona mi prigovaraju, stalno vise na mobitelima, a meni ka\u017eu da nemaju vremena za razgovor. Ka\u017eu mi da \u0161to je to tako va\u017eno da ih opet zovem, da sam im sve ve\u0107 stoput rekla i neka idem psihologu. Pa i bila sam. Smatram da da bi danas gotovo svaka druga osoba trebala psiholo\u0161ku pomo\u0107, a djeca ponajvi\u0161e&#8221;, isti\u010de na\u0161a sugovornica.<\/p>\n\n\n\n<p>Ono \u0161to vidi oko sebe, smatra, ne vodi u ni\u0161ta dobro. &#8220;Djeca se odgajaju gotovo sami, preko medija i mobitela. Sve im je dostupno sada i odmah, ali ono \u0161to im zapravo treba je vi\u0161e roditeljske pa\u017enje. Neki roditelji su, vidim oko sebe, djeci previsoko postavili ljestvice, a nemaju vremena za razgovor s njima. Djeci kupuju sve, i mobitele, laptope, televizore, a kad krene naopako krive druge. Za neuspjeh u \u0161koli okrivit \u0107e i u\u010ditelje i \u0161kolu, roditelji nikad za ni\u0161ta nisu krivi. Pa kakav je to svijet?&#8221; pita se.<\/p>\n\n\n\n<p>Unuci su joj, isti\u010de, prebrzo odrasli. \u201dOdselili su, kao i mnogi drugi, izvan granica Lijepe Na\u0161e. Tamo u\u010de nove obi\u010daje i \u017eive po novim pravilima, a ovdje ne sudjeluju u skoro pa ni\u010demu&#8221;, napominje.<\/p>\n\n\n\n<h3 class=\"wp-block-heading\">Mirovina dostatna samo za osnovni \u017eivot<\/h3>\n\n\n\n<p>&#8220;Mirovina mi je mala, jedva dostatna za pokrivanje osnovnih \u017eivotnih tro\u0161kova, jedva izdr\u017ei od prvog do prvog. Zato ski\u0107em od ovog do onog, imam emocionalnu potporu kad nisam kod ku\u0107e i manje tro\u0161im&#8221;, povjerila nam je na kraju svoju \u017eivotnu istinu gospo\u0111a Katarina.<\/p>\n\n\n\n<div id=\"crveno\"><\/p>\n\n\n\n<h3 class=\"wp-block-heading\">Zanima nas va\u0161a pri\u010da<\/h3>\n\n\n\n<p>\u017delite li i vi, posve anonimno, podijeliti svoje iskustvo i vi\u0111enje ove teme s nama i na\u0161im \u010ditateljima, mo\u017eete to u\u010diniti putem web obrasca <a rel=\"noreferrer noopener\" href=\"https:\/\/www.mojevrijeme.hr\/magazin\/povjerljivo\/\" target=\"_blank\">Povjerljivo<\/a>. Napi\u0161ite svoju pri\u010du!<\/p>\n\n\n\n<p><\/div>\n<div id=\"mojev-2389861581\" class=\"mojev-kraj-teksta mojev-entity-placement\" style=\"margin-bottom: 20px;margin-left: auto;margin-right: auto;text-align: center;\"><div class=\"mojev-adlabel\">oglas<\/div><div style=\"height: 250px;\"><script async src=\"https:\/\/pagead2.googlesyndication.com\/pagead\/js\/adsbygoogle.js?client=ca-pub-8106111766207173\"\r\n     crossorigin=\"anonymous\"><\/script>\r\n<!-- Display-1 -->\r\n<ins class=\"adsbygoogle\"\r\n     style=\"display:block\"\r\n     data-ad-client=\"ca-pub-8106111766207173\"\r\n     data-ad-slot=\"1465712950\"\r\n     data-ad-format=\"auto\"\r\n     data-full-width-responsive=\"true\"><\/ins>\r\n<script>\r\n     (adsbygoogle = window.adsbygoogle || []).push({});\r\n<\/script><\/div><\/div>","protected":false},"excerpt":{"rendered":"<p>Umorna od nemilih doga\u0111aja u pro\u0161losti, nepo\u0161tovanja najbli\u017eih i naru\u0161enog zdravlja, gospo\u0111a Katarina (65) svjedo\u010di da cijeli \u010dovjekov \u017eivot mo\u017ee pro\u0107i u davanju, a tre\u0107a ga \u017eivotna dob sti\u0107i u samo\u0107i i brigama.  <\/p>\n","protected":false},"author":17,"featured_media":77544,"comment_status":"closed","ping_status":"closed","sticky":false,"template":"","format":"standard","meta":{"footnotes":""},"categories":[3552],"tags":[304,1436,728],"class_list":["post-77323","post","type-post","status-publish","format-standard","has-post-thumbnail","hentry","category-povjerljivo","tag-brak","tag-povjerljivo","tag-svada"],"_links":{"self":[{"href":"https:\/\/www.mojevrijeme.hr\/magazin\/wp-json\/wp\/v2\/posts\/77323","targetHints":{"allow":["GET"]}}],"collection":[{"href":"https:\/\/www.mojevrijeme.hr\/magazin\/wp-json\/wp\/v2\/posts"}],"about":[{"href":"https:\/\/www.mojevrijeme.hr\/magazin\/wp-json\/wp\/v2\/types\/post"}],"author":[{"embeddable":true,"href":"https:\/\/www.mojevrijeme.hr\/magazin\/wp-json\/wp\/v2\/users\/17"}],"replies":[{"embeddable":true,"href":"https:\/\/www.mojevrijeme.hr\/magazin\/wp-json\/wp\/v2\/comments?post=77323"}],"version-history":[{"count":0,"href":"https:\/\/www.mojevrijeme.hr\/magazin\/wp-json\/wp\/v2\/posts\/77323\/revisions"}],"wp:featuredmedia":[{"embeddable":true,"href":"https:\/\/www.mojevrijeme.hr\/magazin\/wp-json\/wp\/v2\/media\/77544"}],"wp:attachment":[{"href":"https:\/\/www.mojevrijeme.hr\/magazin\/wp-json\/wp\/v2\/media?parent=77323"}],"wp:term":[{"taxonomy":"category","embeddable":true,"href":"https:\/\/www.mojevrijeme.hr\/magazin\/wp-json\/wp\/v2\/categories?post=77323"},{"taxonomy":"post_tag","embeddable":true,"href":"https:\/\/www.mojevrijeme.hr\/magazin\/wp-json\/wp\/v2\/tags?post=77323"}],"curies":[{"name":"wp","href":"https:\/\/api.w.org\/{rel}","templated":true}]}}