{"id":77352,"date":"2023-06-18T10:44:43","date_gmt":"2023-06-18T08:44:43","guid":{"rendered":"https:\/\/www.mojevrijeme.hr\/magazin\/?p=77352"},"modified":"2023-06-18T10:44:46","modified_gmt":"2023-06-18T08:44:46","slug":"mira-64-prozivjela-sam-velike-traume-tek-u-mirovini-imam-malo-mira","status":"publish","type":"post","link":"https:\/\/www.mojevrijeme.hr\/magazin\/2023\/06\/mira-64-prozivjela-sam-velike-traume-tek-u-mirovini-imam-malo-mira\/","title":{"rendered":"Mira (64): Pro\u017eivjela sam velike traume, tek u mirovini imam malo mira"},"content":{"rendered":"\n<p>Od rane mladosti pa do umirovljenja, gospo\u0111a Mira nije se puno smijala i nije \u010desto predahnula. Tek su joj umirovljeni\u010dki dani, koji traju lijepih godinu dana, donijeli mir i olak\u0161anje. Djeca su odrasla, ima i malu u\u0161te\u0111evinu, pa se nakon cijelog \u017eivota odricanja usudi uga\u0111ati samo sebi. <\/p>\n\n\n\n<p>&#8220;Odrasla sam u Slavoniji kao k\u0107i jedinica. Tata je bio lije\u010dnik, sje\u0107am se da ga je stalno netko tra\u017eio pomo\u0107, savjet, dolazili bi nam ljudi doma, ili bi njega zvali k sebi. \u010cini mi se da si mnogi dali za pravo iskori\u0161tavati ga i izvan ambulante. Majka je bila slu\u017ebenica, za mene dobra, ali dosta podlo\u017ena ocu, sve mu je odluke prepu\u0161tala&#8221;, prisje\u0107a se svog djetinjstva gospo\u0111a Mira. Kako ka\u017ee, djetinje dane svakako pamti po dobrom, tada su djeca jo\u0161 \u017eivjela na ulici pa se nau\u017eivala igre s prijateljima.<\/p>\n\n\n\n<h3 class=\"wp-block-heading\">Nesretna u \u0111a\u010dkom domu<\/h3>\n\n\n\n<p>Nakon osnovne \u0161kole, do\u0161lo je vrijeme da ode na daljnje \u0161kolovanje. &#8220;Namjeravala sam studirati u Zagrebu, pa smo odlu\u010dili da \u0107u tu odmah upisati i srednju \u0161kolu. Za moj odlazak u Zagreb smo se ponajvi\u0161e odlu\u010dili zato \u0161to sam htjela nastaviti i srednju glazbenu \u0161kolu, a ona nam nije bila u blizini. I onda, u \u0111a\u010dkom domu, kre\u0107e moja kalvarija.&#8221;<\/p><div id=\"mojev-1829883245\" class=\"mojev-u-tekstu mojev-entity-placement\" style=\"margin-left: auto;margin-right: auto;text-align: center;\"><div class=\"mojev-adlabel\">oglas<\/div><div style=\"height: 250px;\"><script async src=\"https:\/\/pagead2.googlesyndication.com\/pagead\/js\/adsbygoogle.js?client=ca-pub-8106111766207173\"\r\n     crossorigin=\"anonymous\"><\/script>\r\n<!-- Prikazni 1 u tekstu -->\r\n<ins class=\"adsbygoogle\"\r\n     style=\"display:block\"\r\n     data-ad-client=\"ca-pub-8106111766207173\"\r\n     data-ad-slot=\"8535551207\"\r\n     data-ad-format=\"auto\"\r\n     data-full-width-responsive=\"true\"><\/ins>\r\n<script>\r\n     (adsbygoogle = window.adsbygoogle || []).push({});\r\n<\/script><\/div><\/div><br style=\"clear: both; display: block; float: none;\"\/>\n\n\n\n<p>&#8220;Djevojke iz sobe nikako mi nisu sjele. Bile su lajave, bezobrazne, jednoj je cijelu no\u0107 tik-takala stara vekerica od koje nisam mogla spavati. Kad bi se vratila s vikenda koji bi provela kod ku\u0107e, svaki put bi mi ne\u0161to nestalo iz ormara: kreme, kozmetika, ne\u0161to od odje\u0107e, \u010dak i donje rublje. Vidjele su da sam slaba, pa su se jo\u0161 ja\u010de \u0161alile na moj ra\u010dun. Tonula sam, vi\u0161e nisam imala prijatelja, popustila sam u \u0161koli na slabu \u010detvorku&#8221;, ispri\u010dala je gospo\u0111a Mira. Cijelu srednju \u0161kolu se mu\u010dila, patila je. Najsretnija je bila, ka\u017ee, nave\u010der kad se pokrila popunom preko glave.<\/p>\n\n\n\n<h3 class=\"wp-block-heading\">\u0160ok za vrijeme studija<\/h3>\n\n\n\n<p>&#8220;Onda sam upisala studij i tu sam ve\u0107 malo nado\u0161la. No, na pola mog studiranja razboljela se majka koja je ubrzo i preminula. To je za mene bio stra\u0161an, golem \u0161ok. Jedva sam se oporavila, najvi\u0161e mi je pomogao de\u010dko, moj budu\u0107i suprug. \u010cim sam diplomirala i dobila posao u struci, nakon tri godine rodila sam sina. Par godina kasnije, na putu je bila i k\u0107i. A onda, novi \u0161ok. Bila sam trudna kad je iznenada preminuo i otac. Nova trauma ba\u0161 u razdoblju \u017eivota koje za mene trebalo biti najljep\u0161e&#8221;, rekla je.<\/p>\n\n\n\n<h3 class=\"wp-block-heading\">Odlazak u inozemstvo<\/h3>\n\n\n\n<p>&#8220;Djeca su bila jo\u0161 mala, moja karijera u za\u010decima, kad je suprug dobio posao u inozemstvu. Preselili smo u London. Ja tada nisam radila, on je imao izvrsnu pla\u0107u u informati\u010dkoj tvrtki, tada su se jako tra\u017eili stru\u010dnjaci. Radio je po cijele dane, nekad do kasno u no\u0107. Kao kad gledate u kakvom stranom filmu, ba\u0161 tako je bilo. Stan na visokom katu, pogled na grad no\u0107u, u stanu samo svjetlo koje dolazi od ra\u010dunala. Djeca spavaju, on zadubljen u brojke, ja \u010de\u0161\u0107e nesretna nego sretna, divnoj djeci unato\u010d&#8221;, prisjetila se.<\/p>\n\n\n\n<p>Kad je i k\u0107i trebala krenuti u \u0161kolu, u njoj se, ka\u017ee, ne\u0161to prelomilo, htjela se vratiti ku\u0107i. Suprug je uvidio da bi im se brak mogao uru\u0161iti, pa je pristao. &#8220;Primili su ga u hrvatskoj podru\u017enici te iste tvrtke, a ja sam skovala plan da \u0107u otvoriti svoju firmu. Studirala sam ekonomiju pa sam imala dovoljno znanja, no po\u010detak je bio te\u017eak. Sada sam se ja morala dati na poslu. Kako je posao rastao, tako se brak raspadao dok se nije raspao&#8221;, ka\u017ee iskreno.<\/p>\n\n\n\n<h3 class=\"wp-block-heading\">&#8220;Sve sa izgurala! Sad sam, kona\u010dno, sretna!&#8221;<\/h3>\n\n\n\n<p>Odjednom se na\u0161la sama u brizi za djecu. Primala je alimentaciju, ali je uz svu brigu o djeci, trpjela prkos i inate biv\u0161eg mu\u017ea. &#8220;I sve sam izgurala, i posao je i\u0161ao, i djeca su rasla i dobro zavr\u0161ila, hvala Bogu. Ne\u0107u ni govoriti kolike mi je besane no\u0107i biv\u0161i mu\u017e priu\u0161tio dok se djeca nisu odselila, kontrolirao me, prigovarao ako ne\u0161to ne bih odradila s njima po zami\u0161ljenom savr\u0161enom scenariju. A stigao se on i drugi put o\u017eeniti, ja to evo stigla nisam. Ma, nije mi ni \u017eao.&#8221;<\/p>\n\n\n\n<p>&#8220;Sada sam sretno u penziji, nema vi\u0161e jurnjave, nesanice, prvog obroka tek pred ve\u010der, strepnje nad pubertetlijama, s nikim se ne sva\u0111am, nikome ne pola\u017eem ra\u010dune. Imam auto, idem gdje ho\u0107u i koliko mi financije dopuste, evo ba\u0161 se spremam u rodni kraj, ostao je tamo stan od roditelja. Krajem srpnja \u0107u u hotel na more, prvi put da sam samo sebi ne\u0161to mirne du\u0161e priu\u0161tila. Treba mi sad samo jo\u0161 zdravlja jer me mu\u010di \u0161titnja\u010da, ali ju dr\u017eim pod kontrolom. Kad pogledan natrag na svoj \u017eivot, ja sam tek sada po\u010dela u\u017eivati&#8221;, zaklju\u010dila je na\u0161 razgovor gospo\u0111a Mira.<\/p>\n\n\n\n<div id=\"crveno\"><\/p>\n\n\n\n<h3 class=\"wp-block-heading\">Zanima nas va\u0161a pri\u010da<\/h3>\n\n\n\n<p>\u017delite li i vi, posve anonimno, podijeliti svoje iskustvo i vi\u0111enje ove teme s nama i na\u0161im \u010ditateljima, mo\u017eete to u\u010diniti putem web obrasca <a rel=\"noreferrer noopener\" href=\"https:\/\/www.mojevrijeme.hr\/magazin\/povjerljivo\/\" target=\"_blank\">Povjerljivo<\/a>. Napi\u0161ite svoju pri\u010du!<\/p>\n\n\n\n<p><\/div>\n<div id=\"mojev-4275770121\" class=\"mojev-kraj-teksta mojev-entity-placement\" style=\"margin-bottom: 20px;margin-left: auto;margin-right: auto;text-align: center;\"><div class=\"mojev-adlabel\">oglas<\/div><div style=\"height: 250px;\"><script async src=\"https:\/\/pagead2.googlesyndication.com\/pagead\/js\/adsbygoogle.js?client=ca-pub-8106111766207173\"\r\n     crossorigin=\"anonymous\"><\/script>\r\n<!-- Display-1 -->\r\n<ins class=\"adsbygoogle\"\r\n     style=\"display:block\"\r\n     data-ad-client=\"ca-pub-8106111766207173\"\r\n     data-ad-slot=\"1465712950\"\r\n     data-ad-format=\"auto\"\r\n     data-full-width-responsive=\"true\"><\/ins>\r\n<script>\r\n     (adsbygoogle = window.adsbygoogle || []).push({});\r\n<\/script><\/div><\/div>","protected":false},"excerpt":{"rendered":"<p>Traume od \u0111a\u010dkog doma, prerane smrti roditelja, propali brak \u2013 sve je to gospo\u0111u Miru (64) za \u017eivota bacalo na koljena, no danas, kad vidi \u0161to je sve pro\u0161la, a ipak se jo\u0161 uvijek mo\u017ee radovati \u017eivotu, ponosna je na sebe. I treba biti!<\/p>\n","protected":false},"author":17,"featured_media":77500,"comment_status":"closed","ping_status":"closed","sticky":false,"template":"","format":"standard","meta":{"footnotes":""},"categories":[3552],"tags":[957,1436,252],"class_list":["post-77352","post","type-post","status-publish","format-standard","has-post-thumbnail","hentry","category-povjerljivo","tag-mirovina","tag-povjerljivo","tag-razvod"],"_links":{"self":[{"href":"https:\/\/www.mojevrijeme.hr\/magazin\/wp-json\/wp\/v2\/posts\/77352","targetHints":{"allow":["GET"]}}],"collection":[{"href":"https:\/\/www.mojevrijeme.hr\/magazin\/wp-json\/wp\/v2\/posts"}],"about":[{"href":"https:\/\/www.mojevrijeme.hr\/magazin\/wp-json\/wp\/v2\/types\/post"}],"author":[{"embeddable":true,"href":"https:\/\/www.mojevrijeme.hr\/magazin\/wp-json\/wp\/v2\/users\/17"}],"replies":[{"embeddable":true,"href":"https:\/\/www.mojevrijeme.hr\/magazin\/wp-json\/wp\/v2\/comments?post=77352"}],"version-history":[{"count":0,"href":"https:\/\/www.mojevrijeme.hr\/magazin\/wp-json\/wp\/v2\/posts\/77352\/revisions"}],"wp:featuredmedia":[{"embeddable":true,"href":"https:\/\/www.mojevrijeme.hr\/magazin\/wp-json\/wp\/v2\/media\/77500"}],"wp:attachment":[{"href":"https:\/\/www.mojevrijeme.hr\/magazin\/wp-json\/wp\/v2\/media?parent=77352"}],"wp:term":[{"taxonomy":"category","embeddable":true,"href":"https:\/\/www.mojevrijeme.hr\/magazin\/wp-json\/wp\/v2\/categories?post=77352"},{"taxonomy":"post_tag","embeddable":true,"href":"https:\/\/www.mojevrijeme.hr\/magazin\/wp-json\/wp\/v2\/tags?post=77352"}],"curies":[{"name":"wp","href":"https:\/\/api.w.org\/{rel}","templated":true}]}}