{"id":77367,"date":"2023-06-16T16:26:03","date_gmt":"2023-06-16T14:26:03","guid":{"rendered":"https:\/\/www.mojevrijeme.hr\/magazin\/?p=77367"},"modified":"2023-06-16T16:27:04","modified_gmt":"2023-06-16T14:27:04","slug":"umirovljenicima-u-srbiji-najavljena-velika-povisica-prosjek-raste-na-390-eura","status":"publish","type":"post","link":"https:\/\/www.mojevrijeme.hr\/magazin\/2023\/06\/umirovljenicima-u-srbiji-najavljena-velika-povisica-prosjek-raste-na-390-eura\/","title":{"rendered":"Umirovljenicima u Srbiji najavljena velika povi\u0161ica, prosjek raste na 390 eura"},"content":{"rendered":"\n<p>Srbijanski ministar financija <strong>Sini\u0161a Mali<\/strong> izjavio je da Srbija ozbiljno vodi ekonomsku politiku usmjerenu prema podizanju \u017eivotnog standarda gra\u0111ana. Zbog toga je odlu\u010deno da od listopada mirovine budu pove\u0107ane za 5,5 posto, a zatim za jo\u0161 najmanje 14,5 posto od sije\u010dnja idu\u0107e godine, priop\u0107eno je iz njegova ureda.<\/p>\n\n\n\n<p>Mali je tijekom posjeta Klubu za starije osobe na Novom Beogradu rekao da, ako se promatraju pove\u0107anja mirovina u pro\u0161loj i ovoj godini te dva predstoje\u0107a pove\u0107anja, dolazimo do toga da \u0107e mirovine biti pove\u0107ane za 55,8 posto kumulativno, te da \u0107e prosje\u010dna mirovina u Srbiji za \u0161est mjeseci iznositi 390 eura.<\/p>\n\n\n\n<p>&#8220;Za nas je izuzetno va\u017eno pokazati koliko se brinemo o ljudima i da nam je njihov \u017eivotni standard va\u017ean, posebno u vremenima velike ekonomske krize i rastu\u0107ih tro\u0161kova \u017eivota&#8221;, izjavio je ministar financija.<\/p><div id=\"mojev-2964518420\" class=\"mojev-u-tekstu mojev-entity-placement\" style=\"margin-left: auto;margin-right: auto;text-align: center;\"><div class=\"mojev-adlabel\">oglas<\/div><div style=\"height: 250px;\"><script async src=\"https:\/\/pagead2.googlesyndication.com\/pagead\/js\/adsbygoogle.js?client=ca-pub-8106111766207173\"\r\n     crossorigin=\"anonymous\"><\/script>\r\n<!-- Prikazni 1 u tekstu -->\r\n<ins class=\"adsbygoogle\"\r\n     style=\"display:block\"\r\n     data-ad-client=\"ca-pub-8106111766207173\"\r\n     data-ad-slot=\"8535551207\"\r\n     data-ad-format=\"auto\"\r\n     data-full-width-responsive=\"true\"><\/ins>\r\n<script>\r\n     (adsbygoogle = window.adsbygoogle || []).push({});\r\n<\/script><\/div><\/div><br style=\"clear: both; display: block; float: none;\"\/>\n<div id=\"mojev-1820241188\" class=\"mojev-kraj-teksta mojev-entity-placement\" style=\"margin-bottom: 20px;margin-left: auto;margin-right: auto;text-align: center;\"><div class=\"mojev-adlabel\">oglas<\/div><div style=\"height: 250px;\"><script async src=\"https:\/\/pagead2.googlesyndication.com\/pagead\/js\/adsbygoogle.js?client=ca-pub-8106111766207173\"\r\n     crossorigin=\"anonymous\"><\/script>\r\n<!-- Display-1 -->\r\n<ins class=\"adsbygoogle\"\r\n     style=\"display:block\"\r\n     data-ad-client=\"ca-pub-8106111766207173\"\r\n     data-ad-slot=\"1465712950\"\r\n     data-ad-format=\"auto\"\r\n     data-full-width-responsive=\"true\"><\/ins>\r\n<script>\r\n     (adsbygoogle = window.adsbygoogle || []).push({});\r\n<\/script><\/div><\/div>","protected":false},"excerpt":{"rendered":"<p>Uzbu\u0111eni srbijanski umirovljenici nestrpljivo o\u010dekuju pove\u0107anje mirovina. Pozitivne vijesti o rastu mirovina proteklih dana dolaze od predsjednika Srbije Aleksandra Vu\u010di\u0107a, a danas ih je potvrdio i ministar financija Sini\u0161a Mali.<\/p>\n","protected":false},"author":1,"featured_media":77371,"comment_status":"closed","ping_status":"closed","sticky":false,"template":"","format":"standard","meta":{"footnotes":""},"categories":[9],"tags":[18,1122,638,236],"class_list":["post-77367","post","type-post","status-publish","format-standard","has-post-thumbnail","hentry","category-vijesti","tag-mirovine","tag-povisice","tag-srbija","tag-standard"],"_links":{"self":[{"href":"https:\/\/www.mojevrijeme.hr\/magazin\/wp-json\/wp\/v2\/posts\/77367","targetHints":{"allow":["GET"]}}],"collection":[{"href":"https:\/\/www.mojevrijeme.hr\/magazin\/wp-json\/wp\/v2\/posts"}],"about":[{"href":"https:\/\/www.mojevrijeme.hr\/magazin\/wp-json\/wp\/v2\/types\/post"}],"author":[{"embeddable":true,"href":"https:\/\/www.mojevrijeme.hr\/magazin\/wp-json\/wp\/v2\/users\/1"}],"replies":[{"embeddable":true,"href":"https:\/\/www.mojevrijeme.hr\/magazin\/wp-json\/wp\/v2\/comments?post=77367"}],"version-history":[{"count":0,"href":"https:\/\/www.mojevrijeme.hr\/magazin\/wp-json\/wp\/v2\/posts\/77367\/revisions"}],"wp:featuredmedia":[{"embeddable":true,"href":"https:\/\/www.mojevrijeme.hr\/magazin\/wp-json\/wp\/v2\/media\/77371"}],"wp:attachment":[{"href":"https:\/\/www.mojevrijeme.hr\/magazin\/wp-json\/wp\/v2\/media?parent=77367"}],"wp:term":[{"taxonomy":"category","embeddable":true,"href":"https:\/\/www.mojevrijeme.hr\/magazin\/wp-json\/wp\/v2\/categories?post=77367"},{"taxonomy":"post_tag","embeddable":true,"href":"https:\/\/www.mojevrijeme.hr\/magazin\/wp-json\/wp\/v2\/tags?post=77367"}],"curies":[{"name":"wp","href":"https:\/\/api.w.org\/{rel}","templated":true}]}}