{"id":77377,"date":"2023-06-16T17:57:55","date_gmt":"2023-06-16T15:57:55","guid":{"rendered":"https:\/\/www.mojevrijeme.hr\/magazin\/?p=77377"},"modified":"2023-06-16T17:59:04","modified_gmt":"2023-06-16T15:59:04","slug":"u-subotu-17-lipnja-na-bundeku-besplatno-pregledajte-madeze","status":"publish","type":"post","link":"https:\/\/www.mojevrijeme.hr\/magazin\/2023\/06\/u-subotu-17-lipnja-na-bundeku-besplatno-pregledajte-madeze\/","title":{"rendered":"U subotu 17. lipnja na Bundeku besplatno pregledajte made\u017ee"},"content":{"rendered":"\n<p>20 lije\u010dnika stru\u010dnjaka dermatologa pregledavat \u0107e gra\u0111ane, bez uputnice, sutra (17. lipnja), od 10:00 do 17:00 sati na SRC Bundek, nasuprot Centra Bundek. Prilika je to da Zagrep\u010dani, osim specijalisti\u010dkog pregleda, dobiju i informacije o tome kako se zdravstveno prihvatljivo pona\u0161ati tijekom ljeta i poja\u010danog UV zra\u010denja. <\/p>\n\n\n\n<p>Akcija &#8220;Djeluj sada!&#8221; je najposje\u0107enija javnozdravstvena akcija besplatnih preventivnih pregleda made\u017ea za koju nije potrebna prethodna predbilje\u017eba i za gra\u0111ane je potpuno besplatna.<\/p>\n\n\n\n<p>Organizatori akcije su Grad Zagreb, Gradski ured za socijalnu za\u0161titu, zdravstvo, branitelje i osobe s invaliditetom u suradnji s Udrugom za prevenciju tumora i drugih bolesti ko\u017ee \u201eZdravi pod suncem\u201c, Klinikom za ko\u017ene i spolne bolesti Klini\u010dkog bolni\u010dkog centra \u201eSestre milosrdnice\u201c, Referentnim centrom za melanom Ministarstva zdravstva Republike Hrvatske, Klinikom za dermatovenerologiju Klini\u010dkog bolni\u010dkog centra Zagreb, Klinikom za tumore i Gradskim dru\u0161tvom Crvenog kri\u017ea Zagreb te Me\u0111unarodnom udrugom studenata medicine Hrvatska &#8211; CroMSIC.<\/p><div id=\"mojev-1468440252\" class=\"mojev-u-tekstu mojev-entity-placement\" style=\"margin-left: auto;margin-right: auto;text-align: center;\"><div class=\"mojev-adlabel\">oglas<\/div><div style=\"height: 250px;\"><script async src=\"https:\/\/pagead2.googlesyndication.com\/pagead\/js\/adsbygoogle.js?client=ca-pub-8106111766207173\"\r\n     crossorigin=\"anonymous\"><\/script>\r\n<!-- Prikazni 1 u tekstu -->\r\n<ins class=\"adsbygoogle\"\r\n     style=\"display:block\"\r\n     data-ad-client=\"ca-pub-8106111766207173\"\r\n     data-ad-slot=\"8535551207\"\r\n     data-ad-format=\"auto\"\r\n     data-full-width-responsive=\"true\"><\/ins>\r\n<script>\r\n     (adsbygoogle = window.adsbygoogle || []).push({});\r\n<\/script><\/div><\/div><br style=\"clear: both; display: block; float: none;\"\/>\n<div id=\"mojev-724291445\" class=\"mojev-kraj-teksta mojev-entity-placement\" style=\"margin-bottom: 20px;margin-left: auto;margin-right: auto;text-align: center;\"><div class=\"mojev-adlabel\">oglas<\/div><div style=\"height: 250px;\"><script async src=\"https:\/\/pagead2.googlesyndication.com\/pagead\/js\/adsbygoogle.js?client=ca-pub-8106111766207173\"\r\n     crossorigin=\"anonymous\"><\/script>\r\n<!-- Display-1 -->\r\n<ins class=\"adsbygoogle\"\r\n     style=\"display:block\"\r\n     data-ad-client=\"ca-pub-8106111766207173\"\r\n     data-ad-slot=\"1465712950\"\r\n     data-ad-format=\"auto\"\r\n     data-full-width-responsive=\"true\"><\/ins>\r\n<script>\r\n     (adsbygoogle = window.adsbygoogle || []).push({});\r\n<\/script><\/div><\/div>","protected":false},"excerpt":{"rendered":"<p>Made\u017ei su \u010desto prisutni na na\u0161oj ko\u017ei i ve\u0107ina njih je dobro\u0107udna. No manji broj ih je zlo\u0107udan i nu\u017eno ih je \u0161to ranije detektirati kako bi se izbjegla po \u017eivot opasna stanja.<\/p>\n","protected":false},"author":1,"featured_media":77379,"comment_status":"closed","ping_status":"closed","sticky":false,"template":"","format":"standard","meta":{"footnotes":""},"categories":[9],"tags":[824,39],"class_list":["post-77377","post","type-post","status-publish","format-standard","has-post-thumbnail","hentry","category-vijesti","tag-madezi","tag-zagreb"],"_links":{"self":[{"href":"https:\/\/www.mojevrijeme.hr\/magazin\/wp-json\/wp\/v2\/posts\/77377","targetHints":{"allow":["GET"]}}],"collection":[{"href":"https:\/\/www.mojevrijeme.hr\/magazin\/wp-json\/wp\/v2\/posts"}],"about":[{"href":"https:\/\/www.mojevrijeme.hr\/magazin\/wp-json\/wp\/v2\/types\/post"}],"author":[{"embeddable":true,"href":"https:\/\/www.mojevrijeme.hr\/magazin\/wp-json\/wp\/v2\/users\/1"}],"replies":[{"embeddable":true,"href":"https:\/\/www.mojevrijeme.hr\/magazin\/wp-json\/wp\/v2\/comments?post=77377"}],"version-history":[{"count":0,"href":"https:\/\/www.mojevrijeme.hr\/magazin\/wp-json\/wp\/v2\/posts\/77377\/revisions"}],"wp:featuredmedia":[{"embeddable":true,"href":"https:\/\/www.mojevrijeme.hr\/magazin\/wp-json\/wp\/v2\/media\/77379"}],"wp:attachment":[{"href":"https:\/\/www.mojevrijeme.hr\/magazin\/wp-json\/wp\/v2\/media?parent=77377"}],"wp:term":[{"taxonomy":"category","embeddable":true,"href":"https:\/\/www.mojevrijeme.hr\/magazin\/wp-json\/wp\/v2\/categories?post=77377"},{"taxonomy":"post_tag","embeddable":true,"href":"https:\/\/www.mojevrijeme.hr\/magazin\/wp-json\/wp\/v2\/tags?post=77377"}],"curies":[{"name":"wp","href":"https:\/\/api.w.org\/{rel}","templated":true}]}}