{"id":77450,"date":"2023-06-17T18:48:00","date_gmt":"2023-06-17T16:48:00","guid":{"rendered":"https:\/\/www.mojevrijeme.hr\/magazin\/?p=77450"},"modified":"2023-06-17T18:48:40","modified_gmt":"2023-06-17T16:48:40","slug":"starija-sam-28-godina-od-njega-ne-zelim-djecu-mozemo-li-uspjeti","status":"publish","type":"post","link":"https:\/\/www.mojevrijeme.hr\/magazin\/2023\/06\/starija-sam-28-godina-od-njega-ne-zelim-djecu-mozemo-li-uspjeti\/","title":{"rendered":"Starija sam 28 godina od njega, ne \u017eelim djecu. Mo\u017eemo li uspjeti?"},"content":{"rendered":"\n<p>Razlika u godinama, kada je \u017eena znatno starija od mu\u0161karca, s vremenom je postala dru\u0161tveno prihva\u0107enija. Dodu\u0161e, ne toliko kao potpuno prihva\u0107ena veza starijih mu\u0161karaca s mladim djevojkama. To zna\u010di da je pred starijim \u017eenama koje izlaze s mladim mu\u0161karcima puno vi\u0161e izazova, zbog \u010dega mnoge odbacuju ljubav i potencijalno kvalitetnu romanti\u010dnu vezu, pa \u010dak i brak.<\/p>\n\n\n\n<p>Jedna od takvih \u017eena, koja se bori s vlastitim nesigurnostima i dru\u0161tvenim predrasudama, svoj je odnos opisala popularnoj kolumnistici i savjetnici<strong> Amy Dickinson<\/strong>, \u010dije savjete prenose brojni portali. Ka\u017ee da ima 56 godina, a razvela se nakon 23 godine braka.<\/p>\n\n\n\n<p>&#8220;Ve\u0107inu vremena je to bio odli\u010dan brak. Odgojili smo dva dobra sina od 22 i 24 godine. Ali i sada\u0161nji \u017eivot je fantasti\u010dan. Izgledam kao da imam 40 i osje\u0107am se odli\u010dno. Mu\u0161karci mi se udvaraju, ali naj\u010de\u0161\u0107e me ne privla\u010de. Zabavljam se bez obveze, odlazim na plesove i bavim se drugim zdravim aktivnostima&#8221;, ka\u017ee \u010ditateljica.<\/p><div id=\"mojev-338853076\" class=\"mojev-u-tekstu mojev-entity-placement\" style=\"margin-left: auto;margin-right: auto;text-align: center;\"><div class=\"mojev-adlabel\">oglas<\/div><div style=\"height: 250px;\"><script async src=\"https:\/\/pagead2.googlesyndication.com\/pagead\/js\/adsbygoogle.js?client=ca-pub-8106111766207173\"\r\n     crossorigin=\"anonymous\"><\/script>\r\n<!-- Prikazni 1 u tekstu -->\r\n<ins class=\"adsbygoogle\"\r\n     style=\"display:block\"\r\n     data-ad-client=\"ca-pub-8106111766207173\"\r\n     data-ad-slot=\"8535551207\"\r\n     data-ad-format=\"auto\"\r\n     data-full-width-responsive=\"true\"><\/ins>\r\n<script>\r\n     (adsbygoogle = window.adsbygoogle || []).push({});\r\n<\/script><\/div><\/div><br style=\"clear: both; display: block; float: none;\"\/>\n\n\n\n<p>Nedavno je upoznala mu\u0161karca koji je upola mla\u0111i od nje \u2013 ima 28 godina. &#8220;On je artikuliran, inteligentan i ima karakter. Me\u0111u nama postoji privla\u010dnost. Njegova majka je godinu dana starija od mene i ina\u010de bih mislila da je takav odnos smije\u0161an.&#8221;<\/p>\n\n\n\n<p>&#8220;Raspravljali smo nadugo o tome, jo\u0161 se upoznajemo i nismo bili fizi\u010dki intimni. Rekla sam mu da ne namjeravam imati jo\u0161 djece, ali on je rekao da \u017eivi \u017eivot u trenutku, s djecom ili bez njih&#8221;, opisuje ova nesigurna 56-godi\u0161njakinja i pita: &#8220;Osje\u0107am kao da ne\u0161to ne vidim u tom odnosu, kao da mi promi\u010de. Ako ovo preraste u ljubav, koje su mi opcije?&#8221;<\/p>\n\n\n\n<h3 class=\"wp-block-heading\">&#8220;Grrrrr! Zare\u017eite i zgrabite ga!&#8221;<\/h3>\n\n\n\n<p>Savjetnica Amy Dickinson u ovakvom odnosu vidi vi\u0161e prednosti nego nedostataka. &#8220;Djelujete kao emocionalno zdrava i zrela \u017eena. On djeluje kao da nije vjetropir. Da je on 56-godi\u0161nji mu\u0161karac, a vi da ste 28-godi\u0161nja \u017eena, svijet bi mu \u010destitao na osvajanju mla\u0111e partnerice. I zato vam \u010destitam; i vama i njemu.&#8221;<\/p>\n\n\n\n<p>&#8220;Jedini problem bi mogla biti reakcija va\u0161ih sinova. Mogli bi imati ozbiljna pitanja u vezi s razvojem doga\u0111aja. Ako je tako, oboje \u0107ete morati rije\u0161iti mogu\u0107e nesuglasice s njima. Budite otvoreni, imajte razumijevanja i pristupite im s po\u0161tovanjem&#8221;, ka\u017ee Dickinson uz napomenu da \u010ditateljica i njen partner tako\u0111er imaju pravo o\u010dekivati otvorenost, po\u0161tovanje i razumijevanje od njenih sinova.<\/p>\n\n\n\n<p>&#8220;Ova veza mo\u017eda ne\u0107e dugo trajati zbog znatne razlike u godinama i nerazumijevanju stvari koje su vam va\u017ene. Primjerice, mo\u017eda \u0107ete ga iznenaditi informacijom da je Paul McCartney jednom davno svirao u grupi koja se zvala The Beatles. \u0160to se ostalog ti\u010de, zare\u017eite kao prava <strong>puma<\/strong> i u\u017eivajte&#8221;, zaklju\u010duje Dickinson.<\/p>\n\n\n\n<h3 class=\"wp-block-heading\">Za one koji \u017eele znati vi\u0161e<\/h3>\n\n\n\n<p>U \u017eargonu se <strong>pumama <\/strong>nazivaju \u017eene koje se romanti\u010dno ili karnalno zabavljaju s mu\u0161karcima znatno mla\u0111ima od sebe.<\/p>\n\n\n\n<div id=\"crveno\"><\/p>\n\n\n\n<h3 class=\"wp-block-heading\">Zanima nas va\u0161a pri\u010da<\/h3>\n\n\n\n<p>\u017delite li i vi, posve anonimno, podijeliti svoje iskustvo i vi\u0111enje ove teme s nama i na\u0161im \u010ditateljima, mo\u017eete to u\u010diniti putem web obrasca <a rel=\"noreferrer noopener\" href=\"https:\/\/www.mojevrijeme.hr\/magazin\/povjerljivo\/\" target=\"_blank\">Povjerljivo<\/a>. Napi\u0161ite svoju pri\u010du!<\/p>\n\n\n\n<p><\/div>\n<div id=\"mojev-319509168\" class=\"mojev-kraj-teksta mojev-entity-placement\" style=\"margin-bottom: 20px;margin-left: auto;margin-right: auto;text-align: center;\"><div class=\"mojev-adlabel\">oglas<\/div><div style=\"height: 250px;\"><script async src=\"https:\/\/pagead2.googlesyndication.com\/pagead\/js\/adsbygoogle.js?client=ca-pub-8106111766207173\"\r\n     crossorigin=\"anonymous\"><\/script>\r\n<!-- Display-1 -->\r\n<ins class=\"adsbygoogle\"\r\n     style=\"display:block\"\r\n     data-ad-client=\"ca-pub-8106111766207173\"\r\n     data-ad-slot=\"1465712950\"\r\n     data-ad-format=\"auto\"\r\n     data-full-width-responsive=\"true\"><\/ins>\r\n<script>\r\n     (adsbygoogle = window.adsbygoogle || []).push({});\r\n<\/script><\/div><\/div>","protected":false},"excerpt":{"rendered":"<p>Razlika u godinama, kada je \u017eena znatno starija od mu\u0161karca, s vremenom je postala dru\u0161tveno prihva\u0107enija. Dodu\u0161e, ne toliko kao potpuno prihva\u0107ena veza starijih mu\u0161karaca s mladim djevojkama. To zna\u010di da je pred starijim \u017eenama koje izlaze s mladim mu\u0161karcima puno vi\u0161e izazova, zbog \u010dega mnoge odbacuju ljubav i potencijalno kvalitetnu romanti\u010dnu vezu, pa \u010dak [&hellip;]<\/p>\n","protected":false},"author":1,"featured_media":77455,"comment_status":"closed","ping_status":"closed","sticky":false,"template":"","format":"standard","meta":{"footnotes":""},"categories":[10],"tags":[1436,747],"class_list":["post-77450","post","type-post","status-publish","format-standard","has-post-thumbnail","hentry","category-ljubav","tag-povjerljivo","tag-razlika-u-godinama"],"_links":{"self":[{"href":"https:\/\/www.mojevrijeme.hr\/magazin\/wp-json\/wp\/v2\/posts\/77450","targetHints":{"allow":["GET"]}}],"collection":[{"href":"https:\/\/www.mojevrijeme.hr\/magazin\/wp-json\/wp\/v2\/posts"}],"about":[{"href":"https:\/\/www.mojevrijeme.hr\/magazin\/wp-json\/wp\/v2\/types\/post"}],"author":[{"embeddable":true,"href":"https:\/\/www.mojevrijeme.hr\/magazin\/wp-json\/wp\/v2\/users\/1"}],"replies":[{"embeddable":true,"href":"https:\/\/www.mojevrijeme.hr\/magazin\/wp-json\/wp\/v2\/comments?post=77450"}],"version-history":[{"count":0,"href":"https:\/\/www.mojevrijeme.hr\/magazin\/wp-json\/wp\/v2\/posts\/77450\/revisions"}],"wp:featuredmedia":[{"embeddable":true,"href":"https:\/\/www.mojevrijeme.hr\/magazin\/wp-json\/wp\/v2\/media\/77455"}],"wp:attachment":[{"href":"https:\/\/www.mojevrijeme.hr\/magazin\/wp-json\/wp\/v2\/media?parent=77450"}],"wp:term":[{"taxonomy":"category","embeddable":true,"href":"https:\/\/www.mojevrijeme.hr\/magazin\/wp-json\/wp\/v2\/categories?post=77450"},{"taxonomy":"post_tag","embeddable":true,"href":"https:\/\/www.mojevrijeme.hr\/magazin\/wp-json\/wp\/v2\/tags?post=77450"}],"curies":[{"name":"wp","href":"https:\/\/api.w.org\/{rel}","templated":true}]}}