{"id":77469,"date":"2023-06-18T09:51:31","date_gmt":"2023-06-18T07:51:31","guid":{"rendered":"https:\/\/www.mojevrijeme.hr\/magazin\/?p=77469"},"modified":"2023-06-18T10:05:03","modified_gmt":"2023-06-18T08:05:03","slug":"nismo-dobili-stan-u-jugi-ne-gledajte-svisoka-umirovljenike-podstanare","status":"publish","type":"post","link":"https:\/\/www.mojevrijeme.hr\/magazin\/2023\/06\/nismo-dobili-stan-u-jugi-ne-gledajte-svisoka-umirovljenike-podstanare\/","title":{"rendered":"&#8216;Nismo dobili stan u Jugi, ne gledajte svisoka umirovljenike podstanare&#8217;"},"content":{"rendered":"\n<p>Nakon \u0161to smo otvorili <a href=\"https:\/\/www.mojevrijeme.hr\/magazin\/2023\/06\/mirovina-ode-na-podstanarstvo-da-mi-nema-djece-prosila-bi-po-ulici\/\" data-type=\"post\" data-id=\"77272\" target=\"_blank\" rel=\"noreferrer noopener\">temu umirovljenika podstanara<\/a> koji, vjerojatno, pripadaju najranjivijoj podskupini ionako ranjive skupine umirovljenika, primili smo brojne poruke na\u0161ih \u010ditatelja. Ka\u017eu, podstanarstvo u tre\u0107oj \u017eivotnoj dobi jamac je ekstremnog siroma\u0161tva, no taj problem nije prepoznat ni me\u0111u vladaju\u0107ima, ni me\u0111u umirovljeni\u010dkim strankama i udrugama.<\/p>\n\n\n\n<p>Sli\u010dnu sudbinu do\u017eivjela je i na\u0161a \u010ditateljica koja \u017eeli ostati anonimna. Opovrgava pri\u010du da su u nekada\u0161njoj Jugoslaviji svi mogli do\u0107i do dru\u0161tvenog stana. A oni koji tada nisu mogli ugrabiti dru\u0161tvene kvadrate, danas su ve\u0107inom \u2013 podstanari. Za sebe ka\u017ee da je ve\u0107inu svoga 68 godina dugog \u017eivota provela u tu\u0111im stanovima.<\/p>\n\n\n\n<p>&#8220;Samo sam od 1968. do 1973. godine \u017eivjela u roditeljskoj ku\u0107i. Prije toga smo bili podstanari kao obitelj, nakon toga smo do 1996. godine \u017eivjeli bez oca u djedovoj ku\u0107i. Tu je ku\u0107u naslijedio ujak, a mama je od ostavine dobila gradili\u0161te koje su joj 1980. nacionalizirali. Prisilili su je da uzme od\u0161tetu za koju se nije mogao kupiti ni Fi\u0107o.&#8221; I tako je na\u0161a \u010ditateljica od 1996. do 2018. godine bila podstanar bez stalnog zaposlenja.<\/p><div id=\"mojev-2574161872\" class=\"mojev-u-tekstu mojev-entity-placement\" style=\"margin-left: auto;margin-right: auto;text-align: center;\"><div class=\"mojev-adlabel\">oglas<\/div><div style=\"height: 250px;\"><script async src=\"https:\/\/pagead2.googlesyndication.com\/pagead\/js\/adsbygoogle.js?client=ca-pub-8106111766207173\"\r\n     crossorigin=\"anonymous\"><\/script>\r\n<!-- Prikazni 1 u tekstu -->\r\n<ins class=\"adsbygoogle\"\r\n     style=\"display:block\"\r\n     data-ad-client=\"ca-pub-8106111766207173\"\r\n     data-ad-slot=\"8535551207\"\r\n     data-ad-format=\"auto\"\r\n     data-full-width-responsive=\"true\"><\/ins>\r\n<script>\r\n     (adsbygoogle = window.adsbygoogle || []).push({});\r\n<\/script><\/div><\/div><br style=\"clear: both; display: block; float: none;\"\/>\n\n\n\n<h3 class=\"wp-block-heading\">&#8220;Kupovala sam drugima kvadrate&#8221;<\/h3>\n\n\n\n<p>&#8220;Ako od 22 godine sta\u017ea izuzmem vrijeme koje sam radila u biv\u0161oj dr\u017eavi, to je 15 godina uplata za tu\u0111e stanovanje. Upla\u0107ivala sam u takozvani stambeni fond, a nikad nisam dobila stan, ni stambeni kredit, ni mogu\u0107nost otkupljivanja kvadrata, jer ih nisam ni imala. Na podstanarstvo sam u 22 godine potro\u0161ila sumu dostatnu za kupnju jednog manjeg stana ili garsonjere. O \u017eivotu u tim uvjetima ne\u0107u ni govoriti&#8221;, ka\u017ee.<\/p>\n\n\n\n<p>U me\u0111uvremenu se 2009. godine te\u0161ko razboljela; onkolo\u0161ka bolest i o\u0161te\u0107enje sluha dovele su do ote\u017eane komunikacije s okolinom. Punih devet godina je \u017eivjela od 700 kuna socijalne pomo\u0107i u podstanarstvu, a tek je 2016. godine isposlovala jo\u0161 700 kuna dodatka za podstanarstvo. &#8220;Radila sam \u0161to sam mogla na crno. \u010cistila sam, plela, radila bi\u017euteriju, pomagala mi je mama s mirovinom. Meni i sestri koju uzdr\u017eava&#8221;, ka\u017ee \u010ditateljica i dodaje da je &#8220;za neke poslove bila prestara, za neke bez kompetencija, a za ve\u0107inu ih nije imala vezu&#8221;.<\/p>\n\n\n\n<p>Ipak, 2018. godine joj se barem malo osmjehnula sre\u0107a, dobila je u najam gradski stan i mirovinu za 22 godine sta\u017ea. &#8220;Zahvaljuju\u0107i gradskom stanu danas ne pla\u0107am veliku stanarinu. A i od \u010dega i bi kad mi mirovina ne prelazi 260 eura. U me\u0111uvremenu sam dobila jo\u0161 4 dijagnoze, a peta je jo\u0161 jedan karcinom prije 4 godine&#8221;, dodaje.<\/p>\n\n\n\n<h3 class=\"wp-block-heading\">Marko: Dru\u0161tveni stanovi u Jugoslaviji su bili \u010dista kra\u0111a<\/h3>\n\n\n\n<p>Da su dru\u0161tveni stanovi u Jugoslaviji i danas bolna rana mnogim hrvatskim gra\u0111anima, ka\u017ee na\u0161 76-godi\u0161nji \u010ditatelj ohrabren pri\u010dom podstanarke <a href=\"https:\/\/www.mojevrijeme.hr\/magazin\/2023\/06\/mirovina-ode-na-podstanarstvo-da-mi-nema-djece-prosila-bi-po-ulici\/\" data-type=\"post\" data-id=\"77272\" target=\"_blank\" rel=\"noreferrer noopener\">Luce iz Splita<\/a>. I danas, desetlje\u0107a kasnije, ne mo\u017ee zaboraviti nepravdu nanijetu njegovoj obitelji.<\/p>\n\n\n\n<p>&#8220;Oni koji su uspjeli ugrabiti stan u Jugoslaviji pa su ga kasnije bagatelno otkupili \u2013 ti su na konju. Za to najvi\u0161e krivim Franju Tu\u0111mana koji im je to omogu\u0107io, umjesto da su ti stanovi ostali dru\u0161tveni i na korist siroma\u0161nima. No, nisu svi bili te sre\u0107e&#8221;, kazuje nam \u010ditatelj koji ka\u017ee da njegova obitelj &#8220;nije bila podobna, pa nisu nikada dobili dru\u0161tveni stan, ve\u0107 su svojim pla\u0107ama i doprinosima financirali tu\u0111e stanove dok su oni bili i ostali podstanari&#8221;.<\/p>\n\n\n\n<p>&#8220;\u0160to je najgore, i ti koji su dobivali stanove su si gradili vikendice i kupovali aute. Akcija &#8216;Ima\u0161 ku\u0107u \u2013 vrati stan&#8217; je bila \u010dista sprdnja. Nitko tko je nepo\u0161teno uzeo dru\u0161tveni stan, a ve\u0107ina ih je bila takva, nije vratio taj stan jer ima svoju nekretninu. Ako to nije bila kra\u0111a, onda ne znam \u0161to je, ali na\u0161 narod je jako nepo\u0161ten. Ti stanovi nisu proslije\u0111eni nama sirotinji i podstanarima koji nismo imali vezu da do\u0111emo na vrh liste za dodjelu stanova. Da budemo iskreni, ti dru\u0161tveni stanovi u Jugoslaviji bili su \u010dista plja\u010dka sirotinje&#8221;, ka\u017ee na\u0161 \u010ditatelj iz Karlovca, koji je i danas podstanar.<\/p>\n\n\n\n<h3 class=\"wp-block-heading\">&#8220;Ne gledajte svisoka na podstanare&#8221;<\/h3>\n\n\n\n<p>Na\u0161a \u010ditateljica s po\u010detka pri\u010de pak zaklju\u010duje: &#8220;Molila bih da se na podstanare ne gleda svisoka, jer zna se da ni\u010dija nije gorjela vje\u010dno. Imajte malo razumijevanja za one kojima sre\u0107a, pamet, snala\u017eljivost nisu dani, a nisu bili ni lijeni, ni glupi ili sli\u010dno. Mo\u017eda bi razumijevanjem \u0161ireg konteksta mogli nekome i pomo\u0107i oni koji imaju vi\u0161e no \u0161to im treba.&#8221;<\/p>\n\n\n\n<div id=\"crveno\"><\/p>\n\n\n\n<h3 class=\"wp-block-heading\">Zanima nas va\u0161a pri\u010da<\/h3>\n\n\n\n<p>\u017delite li i vi, posve anonimno, podijeliti svoje iskustvo i vi\u0111enje ove teme s nama i na\u0161im \u010ditateljima, mo\u017eete to u\u010diniti putem web obrasca <a rel=\"noreferrer noopener\" href=\"https:\/\/www.mojevrijeme.hr\/magazin\/povjerljivo\/\" target=\"_blank\">Povjerljivo<\/a>. Napi\u0161ite svoju pri\u010du!<\/p>\n\n\n\n<p><\/div>\n<div id=\"mojev-2008466582\" class=\"mojev-kraj-teksta mojev-entity-placement\" style=\"margin-bottom: 20px;margin-left: auto;margin-right: auto;text-align: center;\"><div class=\"mojev-adlabel\">oglas<\/div><div style=\"height: 250px;\"><script async src=\"https:\/\/pagead2.googlesyndication.com\/pagead\/js\/adsbygoogle.js?client=ca-pub-8106111766207173\"\r\n     crossorigin=\"anonymous\"><\/script>\r\n<!-- Display-1 -->\r\n<ins class=\"adsbygoogle\"\r\n     style=\"display:block\"\r\n     data-ad-client=\"ca-pub-8106111766207173\"\r\n     data-ad-slot=\"1465712950\"\r\n     data-ad-format=\"auto\"\r\n     data-full-width-responsive=\"true\"><\/ins>\r\n<script>\r\n     (adsbygoogle = window.adsbygoogle || []).push({});\r\n<\/script><\/div><\/div>","protected":false},"excerpt":{"rendered":"<p>Radnici koji u biv\u0161oj dr\u017eavi nisu imali novca za izgraditi vlastite kvadrate, a nisu dobili ni dru\u0161tveni stan, danas su uglavnom &#8211; umirovljenici podstanari koji doslovno \u017eive na rubu gladi.<\/p>\n","protected":false},"author":1,"featured_media":77490,"comment_status":"closed","ping_status":"closed","sticky":false,"template":"","format":"standard","meta":{"footnotes":""},"categories":[3552],"tags":[188,1731,1436,237,77],"class_list":["post-77469","post","type-post","status-publish","format-standard","has-post-thumbnail","hentry","category-povjerljivo","tag-jugoslavija","tag-podstanari","tag-povjerljivo","tag-siromastvo","tag-umirovljenici"],"_links":{"self":[{"href":"https:\/\/www.mojevrijeme.hr\/magazin\/wp-json\/wp\/v2\/posts\/77469","targetHints":{"allow":["GET"]}}],"collection":[{"href":"https:\/\/www.mojevrijeme.hr\/magazin\/wp-json\/wp\/v2\/posts"}],"about":[{"href":"https:\/\/www.mojevrijeme.hr\/magazin\/wp-json\/wp\/v2\/types\/post"}],"author":[{"embeddable":true,"href":"https:\/\/www.mojevrijeme.hr\/magazin\/wp-json\/wp\/v2\/users\/1"}],"replies":[{"embeddable":true,"href":"https:\/\/www.mojevrijeme.hr\/magazin\/wp-json\/wp\/v2\/comments?post=77469"}],"version-history":[{"count":0,"href":"https:\/\/www.mojevrijeme.hr\/magazin\/wp-json\/wp\/v2\/posts\/77469\/revisions"}],"wp:featuredmedia":[{"embeddable":true,"href":"https:\/\/www.mojevrijeme.hr\/magazin\/wp-json\/wp\/v2\/media\/77490"}],"wp:attachment":[{"href":"https:\/\/www.mojevrijeme.hr\/magazin\/wp-json\/wp\/v2\/media?parent=77469"}],"wp:term":[{"taxonomy":"category","embeddable":true,"href":"https:\/\/www.mojevrijeme.hr\/magazin\/wp-json\/wp\/v2\/categories?post=77469"},{"taxonomy":"post_tag","embeddable":true,"href":"https:\/\/www.mojevrijeme.hr\/magazin\/wp-json\/wp\/v2\/tags?post=77469"}],"curies":[{"name":"wp","href":"https:\/\/api.w.org\/{rel}","templated":true}]}}