{"id":77531,"date":"2023-06-19T07:50:56","date_gmt":"2023-06-19T05:50:56","guid":{"rendered":"https:\/\/www.mojevrijeme.hr\/magazin\/?p=77531"},"modified":"2023-06-19T07:51:35","modified_gmt":"2023-06-19T05:51:35","slug":"umirovljenici-spremni-na-izlazak-na-ceste-ovo-su-glavni-zahtjevi","status":"publish","type":"post","link":"https:\/\/www.mojevrijeme.hr\/magazin\/2023\/06\/umirovljenici-spremni-na-izlazak-na-ceste-ovo-su-glavni-zahtjevi\/","title":{"rendered":"Umirovljenici spremni na izlazak na ceste: Ovo su glavni zahtjevi"},"content":{"rendered":"\n<p>&#8220;Prosvjed smo najavili kao jednu od mogu\u0107ih radikalnijih mjera ako nas Vlada bude ignorirala u umirovljeni\u010dkim zahtjevima koje smo ve\u0107 nekoliko puta jasno artikulirali.&#8221; Izjavio je to za <a href=\"https:\/\/www.vecernji.hr\/vijesti\/na-vladi-je-hocemo-li-na-pregovore-ili-trgove-1688524\" target=\"_blank\" rel=\"noreferrer noopener\">Ve\u010dernji list<\/a> o mogu\u0107em prosvjedu umirovljenika koordinator politi\u010dke platforme Umirovljenici zajedno <strong>Lazar Gruji\u0107<\/strong>.<\/p>\n\n\n\n<p>Ka\u017ee, umirovljenici \u0107e se okupiti 1. listopada na Me\u0111unarodni dan starijih osoba. &#8220;Ho\u0107e li to biti dostojanstvena proslava ili sna\u017eno artikuliran prosvjed, ovisi o tome \u0161to \u0107e Vlada u\u010diniti po pitanju na\u0161ih zahtjeva&#8221;, ka\u017ee.<\/p>\n\n\n\n<p>A glavni zahtjevi su da se za izra\u010dun osnovice za mirovinu na bazi 41 godine sta\u017ea i 65 godina \u017eivota uzima 75-80 posto&nbsp;neto pla\u0107e iz posljednjih ili pak vezanih 10 godina, da netko s navedenim uvjetima, odnosno 41\/65,&nbsp;<strong>ne mo\u017ee imati mirovinu manju od 615 eura<\/strong>, bez obzira na visinu pla\u0107e tijekom radnog vijeka, te da se nakon 65. godine ukine penalizacija zbog prijevremenog umirovljenja. <\/p><div id=\"mojev-3110811691\" class=\"mojev-u-tekstu mojev-entity-placement\" style=\"margin-left: auto;margin-right: auto;text-align: center;\"><div class=\"mojev-adlabel\">oglas<\/div><div style=\"height: 250px;\"><script async src=\"https:\/\/pagead2.googlesyndication.com\/pagead\/js\/adsbygoogle.js?client=ca-pub-8106111766207173\"\r\n     crossorigin=\"anonymous\"><\/script>\r\n<!-- Prikazni 1 u tekstu -->\r\n<ins class=\"adsbygoogle\"\r\n     style=\"display:block\"\r\n     data-ad-client=\"ca-pub-8106111766207173\"\r\n     data-ad-slot=\"8535551207\"\r\n     data-ad-format=\"auto\"\r\n     data-full-width-responsive=\"true\"><\/ins>\r\n<script>\r\n     (adsbygoogle = window.adsbygoogle || []).push({});\r\n<\/script><\/div><\/div><br style=\"clear: both; display: block; float: none;\"\/>\n\n\n\n<p>&#8220;Pove\u0107anje mirovina i nova formula za izra\u010dun osnovice mogu\u0107i su ako se udio mirovina u BDP-u Hrvatske s 10,2 posto&nbsp;podigne na 12,5 posto. Na Vladi je odgovor na pitanje ho\u0107e li se s umirovljenicima dogovarati i rje\u0161avati probleme za stolom ili \u0107e umirovljenici morati dokazivati svoju snagu na trgovima&#8221;, rekao je Gruji\u0107. <a rel=\"noreferrer noopener\" href=\"https:\/\/www.lidl.hr\/\" target=\"_blank\"><\/a><\/p>\n<div id=\"mojev-3167820962\" class=\"mojev-kraj-teksta mojev-entity-placement\" style=\"margin-bottom: 20px;margin-left: auto;margin-right: auto;text-align: center;\"><div class=\"mojev-adlabel\">oglas<\/div><div style=\"height: 250px;\"><script async src=\"https:\/\/pagead2.googlesyndication.com\/pagead\/js\/adsbygoogle.js?client=ca-pub-8106111766207173\"\r\n     crossorigin=\"anonymous\"><\/script>\r\n<!-- Display-1 -->\r\n<ins class=\"adsbygoogle\"\r\n     style=\"display:block\"\r\n     data-ad-client=\"ca-pub-8106111766207173\"\r\n     data-ad-slot=\"1465712950\"\r\n     data-ad-format=\"auto\"\r\n     data-full-width-responsive=\"true\"><\/ins>\r\n<script>\r\n     (adsbygoogle = window.adsbygoogle || []).push({});\r\n<\/script><\/div><\/div>","protected":false},"excerpt":{"rendered":"<p>Uz konstantan rast cijena hrane, lijekova i stanovanja, posebno re\u017eija, \u017eivot se za mnoge umirovljenike doslovno pretvara u golo pre\u017eivljavanje. Sve je vi\u0161e onih koji kopaju po kontejnerima tra\u017ee\u0107i neki korisni materijal, a sve je vi\u0161e i onih koji na istom mjestu tra\u017ee hranu, \u0161to je na sramotu svih nas kao dru\u0161tva u cjelini, ka\u017ee Lazar Gruji\u0107.<\/p>\n","protected":false},"author":1,"featured_media":72413,"comment_status":"closed","ping_status":"closed","sticky":false,"template":"","format":"standard","meta":{"footnotes":""},"categories":[9],"tags":[],"class_list":["post-77531","post","type-post","status-publish","format-standard","has-post-thumbnail","hentry","category-vijesti"],"_links":{"self":[{"href":"https:\/\/www.mojevrijeme.hr\/magazin\/wp-json\/wp\/v2\/posts\/77531","targetHints":{"allow":["GET"]}}],"collection":[{"href":"https:\/\/www.mojevrijeme.hr\/magazin\/wp-json\/wp\/v2\/posts"}],"about":[{"href":"https:\/\/www.mojevrijeme.hr\/magazin\/wp-json\/wp\/v2\/types\/post"}],"author":[{"embeddable":true,"href":"https:\/\/www.mojevrijeme.hr\/magazin\/wp-json\/wp\/v2\/users\/1"}],"replies":[{"embeddable":true,"href":"https:\/\/www.mojevrijeme.hr\/magazin\/wp-json\/wp\/v2\/comments?post=77531"}],"version-history":[{"count":0,"href":"https:\/\/www.mojevrijeme.hr\/magazin\/wp-json\/wp\/v2\/posts\/77531\/revisions"}],"wp:featuredmedia":[{"embeddable":true,"href":"https:\/\/www.mojevrijeme.hr\/magazin\/wp-json\/wp\/v2\/media\/72413"}],"wp:attachment":[{"href":"https:\/\/www.mojevrijeme.hr\/magazin\/wp-json\/wp\/v2\/media?parent=77531"}],"wp:term":[{"taxonomy":"category","embeddable":true,"href":"https:\/\/www.mojevrijeme.hr\/magazin\/wp-json\/wp\/v2\/categories?post=77531"},{"taxonomy":"post_tag","embeddable":true,"href":"https:\/\/www.mojevrijeme.hr\/magazin\/wp-json\/wp\/v2\/tags?post=77531"}],"curies":[{"name":"wp","href":"https:\/\/api.w.org\/{rel}","templated":true}]}}