{"id":77534,"date":"2023-06-19T08:19:47","date_gmt":"2023-06-19T06:19:47","guid":{"rendered":"https:\/\/www.mojevrijeme.hr\/magazin\/?p=77534"},"modified":"2023-06-21T06:12:07","modified_gmt":"2023-06-21T04:12:07","slug":"spajic-objasnio-crnogorcima-mirovinski-fond-zapravo-nije-fond","status":"publish","type":"post","link":"https:\/\/www.mojevrijeme.hr\/magazin\/2023\/06\/spajic-objasnio-crnogorcima-mirovinski-fond-zapravo-nije-fond\/","title":{"rendered":"Spaji\u0107 objasnio Crnogorcima: Mirovinski fond zapravo nije fond"},"content":{"rendered":"\n<p>Fond mirovinskog i invalidskog osiguranja (PIO) nastavit \u0107e postojati i ispla\u0107ivati \u200b\u200bmirovine i nakon implementacije programa Europa sad 2.0, najavio je \u010delnik pokreta Europa sada <strong>Milojko Spaji\u0107<\/strong>.<\/p>\n\n\n\n<p>&#8220;PIO fond je 2009. godine u biti prestao postojati, odnosno ne funkcionira kao fond, ve\u0107 je jedna od 94 prora\u010dunske jedinice u sustavu dr\u017eavne riznice&#8221;, naveo je Spaji\u0107 na svom Twitter profilu.<\/p>\n\n\n\n<p>Kako je dodao, spomenuti fond je proto\u010dni bojler trezorskog sustava dr\u017eave Crne Gore koji prima novac iz trezora i koji dijeli mirovine umirovljenicima.<\/p><div id=\"mojev-1542927443\" class=\"mojev-u-tekstu mojev-entity-placement\" style=\"margin-left: auto;margin-right: auto;text-align: center;\"><div class=\"mojev-adlabel\">oglas<\/div><div style=\"height: 250px;\"><script async src=\"https:\/\/pagead2.googlesyndication.com\/pagead\/js\/adsbygoogle.js?client=ca-pub-8106111766207173\"\r\n     crossorigin=\"anonymous\"><\/script>\r\n<!-- Prikazni 1 u tekstu -->\r\n<ins class=\"adsbygoogle\"\r\n     style=\"display:block\"\r\n     data-ad-client=\"ca-pub-8106111766207173\"\r\n     data-ad-slot=\"8535551207\"\r\n     data-ad-format=\"auto\"\r\n     data-full-width-responsive=\"true\"><\/ins>\r\n<script>\r\n     (adsbygoogle = window.adsbygoogle || []).push({});\r\n<\/script><\/div><\/div><br style=\"clear: both; display: block; float: none;\"\/>\n\n\n\n<p>&#8220;Fon investira novac, a Fond PIO od 2009. godine nema te funkcije da investira novac gra\u0111ana. On samo prima novac iz trezorskog sustava i potpuno je nebitno dolazi li taj novac od PDV-a, akciza, carina ili doprinosa. Vi mo\u017eete na autobusu napisati <em>Coca Cola<\/em>, ali to je i dalje autobus. Nebitno je kako se on zove. Dakle, to nije fond. On \u0107e i dalje distribuirati mirovine, neva\u017eno od toga ho\u0107e li biti doprinosa ili ih ne\u0107e biti.&#8221;<\/p>\n<div id=\"mojev-4205592145\" class=\"mojev-kraj-teksta mojev-entity-placement\" style=\"margin-bottom: 20px;margin-left: auto;margin-right: auto;text-align: center;\"><div class=\"mojev-adlabel\">oglas<\/div><div style=\"height: 250px;\"><script async src=\"https:\/\/pagead2.googlesyndication.com\/pagead\/js\/adsbygoogle.js?client=ca-pub-8106111766207173\"\r\n     crossorigin=\"anonymous\"><\/script>\r\n<!-- Display-1 -->\r\n<ins class=\"adsbygoogle\"\r\n     style=\"display:block\"\r\n     data-ad-client=\"ca-pub-8106111766207173\"\r\n     data-ad-slot=\"1465712950\"\r\n     data-ad-format=\"auto\"\r\n     data-full-width-responsive=\"true\"><\/ins>\r\n<script>\r\n     (adsbygoogle = window.adsbygoogle || []).push({});\r\n<\/script><\/div><\/div>","protected":false},"excerpt":{"rendered":"<p>&#8220;PIO fond je u biti prestao postojati 2009. godine, odnosno ne funkcionira kao fond, ve\u0107 je jedna od 94 prora\u010dunske jedinice u sustavu riznice dr\u017eave&#8221;<\/p>\n","protected":false},"author":1,"featured_media":77536,"comment_status":"closed","ping_status":"closed","sticky":false,"template":"","format":"standard","meta":{"footnotes":""},"categories":[9],"tags":[1339,3577,18],"class_list":["post-77534","post","type-post","status-publish","format-standard","has-post-thumbnail","hentry","category-vijesti","tag-crna-gora","tag-milojko-spajic","tag-mirovine"],"_links":{"self":[{"href":"https:\/\/www.mojevrijeme.hr\/magazin\/wp-json\/wp\/v2\/posts\/77534","targetHints":{"allow":["GET"]}}],"collection":[{"href":"https:\/\/www.mojevrijeme.hr\/magazin\/wp-json\/wp\/v2\/posts"}],"about":[{"href":"https:\/\/www.mojevrijeme.hr\/magazin\/wp-json\/wp\/v2\/types\/post"}],"author":[{"embeddable":true,"href":"https:\/\/www.mojevrijeme.hr\/magazin\/wp-json\/wp\/v2\/users\/1"}],"replies":[{"embeddable":true,"href":"https:\/\/www.mojevrijeme.hr\/magazin\/wp-json\/wp\/v2\/comments?post=77534"}],"version-history":[{"count":0,"href":"https:\/\/www.mojevrijeme.hr\/magazin\/wp-json\/wp\/v2\/posts\/77534\/revisions"}],"wp:featuredmedia":[{"embeddable":true,"href":"https:\/\/www.mojevrijeme.hr\/magazin\/wp-json\/wp\/v2\/media\/77536"}],"wp:attachment":[{"href":"https:\/\/www.mojevrijeme.hr\/magazin\/wp-json\/wp\/v2\/media?parent=77534"}],"wp:term":[{"taxonomy":"category","embeddable":true,"href":"https:\/\/www.mojevrijeme.hr\/magazin\/wp-json\/wp\/v2\/categories?post=77534"},{"taxonomy":"post_tag","embeddable":true,"href":"https:\/\/www.mojevrijeme.hr\/magazin\/wp-json\/wp\/v2\/tags?post=77534"}],"curies":[{"name":"wp","href":"https:\/\/api.w.org\/{rel}","templated":true}]}}