{"id":77595,"date":"2023-06-19T15:34:22","date_gmt":"2023-06-19T13:34:22","guid":{"rendered":"https:\/\/www.mojevrijeme.hr\/magazin\/?p=77595"},"modified":"2023-06-19T15:36:09","modified_gmt":"2023-06-19T13:36:09","slug":"mirovine-treba-uskladiti-za-18-posto-vlada-sedam-godina-zakida-umirovljenike","status":"publish","type":"post","link":"https:\/\/www.mojevrijeme.hr\/magazin\/2023\/06\/mirovine-treba-uskladiti-za-18-posto-vlada-sedam-godina-zakida-umirovljenike\/","title":{"rendered":"&#8216;Mirovine treba uskladiti za 18 posto, Vlada sedam godina zakida umirovljenike&#8217;"},"content":{"rendered":"\n<p>Predsjednik Reformista <strong>Radimir \u010ca\u010di\u0107<\/strong> je predlo\u017eio je novi model uskla\u0111ivanja mirovina i to prema realnoj inflaciji umirovljeni\u010dke ko\u0161arice od 18 posto te poru\u010dio da su 2016., na po\u010detku ove vlade, mirovine bile za tre\u0107inu povoljnije nego danas.<\/p>\n\n\n\n<p>Ka\u017ee, novo uskla\u0111ivanje ide 1. srpnja i podsje\u0107a da je posljednje uskla\u0111ivanje provedeno 1. sije\u010dnja, a na temelju podataka iz drugog polugodi\u0161ta 2022. godine, iznosilo svega 5,57 posto. Istovremeno je slu\u017ebena pro\u0161logodi\u0161nja stopa inflacije bila 10.8 posto, a realna stopa inflacije za ko\u0161aricu tro\u0161kova umirovljenika iznosila je 18 posto. <\/p>\n\n\n\n<p>To dokazuje, smatra \u010ca\u010di\u0107 da Plenkovi\u0107eva vlada nastavlja s uskla\u0111ivanjem mirovina koje ide na \u0161tetu umirovljenika pa sve ilustrira podacima: &#8220;Kada je ova vlada po\u010dela sa svojim radom, 2016. godine, 42,84 posto su bile prosje\u010dne mirovine u prosje\u010dnim pla\u0107ama, a danas, uz sve silne pomo\u0107i i osjetljivost za najugro\u017eenije dijelove stanovni\u0161tva, udio mirovine su tek 31 posto pla\u0107e.&#8221;<\/p><div id=\"mojev-1375074971\" class=\"mojev-u-tekstu mojev-entity-placement\" style=\"margin-left: auto;margin-right: auto;text-align: center;\"><div class=\"mojev-adlabel\">oglas<\/div><div style=\"height: 250px;\"><script async src=\"https:\/\/pagead2.googlesyndication.com\/pagead\/js\/adsbygoogle.js?client=ca-pub-8106111766207173\"\r\n     crossorigin=\"anonymous\"><\/script>\r\n<!-- Prikazni 1 u tekstu -->\r\n<ins class=\"adsbygoogle\"\r\n     style=\"display:block\"\r\n     data-ad-client=\"ca-pub-8106111766207173\"\r\n     data-ad-slot=\"8535551207\"\r\n     data-ad-format=\"auto\"\r\n     data-full-width-responsive=\"true\"><\/ins>\r\n<script>\r\n     (adsbygoogle = window.adsbygoogle || []).push({});\r\n<\/script><\/div><\/div><br style=\"clear: both; display: block; float: none;\"\/>\n\n\n\n<p>Dodao je i da se danas mo\u017ee ustvrditi da je 2016. za jednu tre\u0107inu bilo povoljnije stanje umirovljenika u odnosu na prosje\u010dne pla\u0107e nego \u0161to je danas. Kao i umirovljeni\u010dke udruge, \u010ca\u010di\u0107 isti\u010de da zemlje u okru\u017eenju imaju povoljniji odnos pla\u0107e i mirovine; Srbi 46.5 posto, Crnogorci 48.5 posto, Makedonci 52.2 posto, a na\u0161i susjedi Slovenci 56.9 posto, pri \u010demu oni imaju za \u010detvrtinu ve\u0107e pla\u0107e u odnosu na zaposlene u Hrvatskoj, a za 104 posto ve\u0107e mirovine.<\/p>\n\n\n\n<h3 class=\"wp-block-heading\">Sedam godina zakidanja<\/h3>\n\n\n\n<p>Imaju, naglasio je, vi\u0161e nego dvostruke mirovine, a pla\u0107e su samo za \u010detvrtinu ve\u0107e i time umirovljeni\u010dka populacija u Sloveniji nije zadovoljna i najavljuju se prosvjedi. Ali tamo je o\u010dito jedina politi\u010dka snaga koju umirovljenici imaju, a to je glas na izborima, puno bolje organizirana pa je zato i situacija bolja.<\/p>\n\n\n\n<p>Zato Reformisti predla\u017eu Vladi RH uskla\u0111enje prema realnoj inflaciji umirovljeni\u010dke ko\u0161arice tro\u0161kova kako bi se mirovine vratile makar na ono \u0161to su premijer Andrej Plenkovi\u0107 (HDZ) i njegova vlada naslijedili.<\/p>\n\n\n\n<p>Najavio je i da \u0107e inzistirati da budu\u0107a vlada sebi za cilj zada podizanje prosje\u010dnih mirovina do najmanje 50 posto prosje\u010dne pla\u0107e. Ovih sedam godina kontinuiranog zakidanja umirovljenika i svega \u0161to im je oduzeto &#8220;uskla\u0111ivanjem&#8221;, ne o\u010dekujemo da \u0107e umirovljenicima biti vra\u0107eno, ali idemo zaustaviti propadanje, pozvao je \u010ca\u010di\u0107.<\/p>\n\n\n\n<p>Saborska zastupnica Reformista Natalija Martin\u010devi\u0107 ustvrdila je da su u Hrvatskoj egzistencijalno najugro\u017eeniji umirovljenici, no upravo su oni jedini koji su izostavljeni iz svih vladinih mjera i reformi, a rije\u010d je o tre\u0107ini gra\u0111ana koji \u017eive na rubu ili ispod granice siroma\u0161tva.<\/p>\n<div id=\"mojev-2318478327\" class=\"mojev-kraj-teksta mojev-entity-placement\" style=\"margin-bottom: 20px;margin-left: auto;margin-right: auto;text-align: center;\"><div class=\"mojev-adlabel\">oglas<\/div><div style=\"height: 250px;\"><script async src=\"https:\/\/pagead2.googlesyndication.com\/pagead\/js\/adsbygoogle.js?client=ca-pub-8106111766207173\"\r\n     crossorigin=\"anonymous\"><\/script>\r\n<!-- Display-1 -->\r\n<ins class=\"adsbygoogle\"\r\n     style=\"display:block\"\r\n     data-ad-client=\"ca-pub-8106111766207173\"\r\n     data-ad-slot=\"1465712950\"\r\n     data-ad-format=\"auto\"\r\n     data-full-width-responsive=\"true\"><\/ins>\r\n<script>\r\n     (adsbygoogle = window.adsbygoogle || []).push({});\r\n<\/script><\/div><\/div>","protected":false},"excerpt":{"rendered":"<p>Najavio je i da \u0107e inzistirati da budu\u0107a vlada sebi za cilj zada podizanje prosje\u010dnih mirovina do najmanje 50 posto prosje\u010dne pla\u0107e.<\/p>\n","protected":false},"author":1,"featured_media":77062,"comment_status":"closed","ping_status":"closed","sticky":false,"template":"","format":"standard","meta":{"footnotes":""},"categories":[9],"tags":[3564,971],"class_list":["post-77595","post","type-post","status-publish","format-standard","has-post-thumbnail","hentry","category-vijesti","tag-radimir-cacic","tag-uskladivanje-mirovina"],"_links":{"self":[{"href":"https:\/\/www.mojevrijeme.hr\/magazin\/wp-json\/wp\/v2\/posts\/77595","targetHints":{"allow":["GET"]}}],"collection":[{"href":"https:\/\/www.mojevrijeme.hr\/magazin\/wp-json\/wp\/v2\/posts"}],"about":[{"href":"https:\/\/www.mojevrijeme.hr\/magazin\/wp-json\/wp\/v2\/types\/post"}],"author":[{"embeddable":true,"href":"https:\/\/www.mojevrijeme.hr\/magazin\/wp-json\/wp\/v2\/users\/1"}],"replies":[{"embeddable":true,"href":"https:\/\/www.mojevrijeme.hr\/magazin\/wp-json\/wp\/v2\/comments?post=77595"}],"version-history":[{"count":0,"href":"https:\/\/www.mojevrijeme.hr\/magazin\/wp-json\/wp\/v2\/posts\/77595\/revisions"}],"wp:featuredmedia":[{"embeddable":true,"href":"https:\/\/www.mojevrijeme.hr\/magazin\/wp-json\/wp\/v2\/media\/77062"}],"wp:attachment":[{"href":"https:\/\/www.mojevrijeme.hr\/magazin\/wp-json\/wp\/v2\/media?parent=77595"}],"wp:term":[{"taxonomy":"category","embeddable":true,"href":"https:\/\/www.mojevrijeme.hr\/magazin\/wp-json\/wp\/v2\/categories?post=77595"},{"taxonomy":"post_tag","embeddable":true,"href":"https:\/\/www.mojevrijeme.hr\/magazin\/wp-json\/wp\/v2\/tags?post=77595"}],"curies":[{"name":"wp","href":"https:\/\/api.w.org\/{rel}","templated":true}]}}