{"id":77663,"date":"2023-06-21T06:38:04","date_gmt":"2023-06-21T04:38:04","guid":{"rendered":"https:\/\/www.mojevrijeme.hr\/magazin\/?p=77663"},"modified":"2023-06-21T06:44:14","modified_gmt":"2023-06-21T04:44:14","slug":"ogorcene-umirovljenice-jesmo-li-doista-prebogate-za-energetski-dodatak","status":"publish","type":"post","link":"https:\/\/www.mojevrijeme.hr\/magazin\/2023\/06\/ogorcene-umirovljenice-jesmo-li-doista-prebogate-za-energetski-dodatak\/","title":{"rendered":"Ogor\u010dene umirovljenice: Jesmo li doista prebogate za energetski dodatak?"},"content":{"rendered":"\n<p><strong>Umirovljenica Meri <\/strong>pi\u0161e nam da je u prijevremenu mirovinu oti\u0161la iz dr\u017eavne slu\u017ebe, sa 59 godina \u017eivota i 37 godina sta\u017ea. &#8220;Morala sam oti\u0107i u mirovinu jer mi je bilo naru\u0161eno zdravlje, a sve zbog nepravde koja je meni i mojim kolegama nanesena u vrijeme kad je premijer bio Zoran Milanovi\u0107, a njegov ministar financija Slavko Lini\u0107. Ukinuli su nam slu\u017ebu, snizili pla\u0107u, a sindikata nismo imali. O \u0161trajku se tada nije ni razmi\u0161ljalo&#8221;, pi\u0161e nam.<\/p>\n\n\n\n<p>Dodaje, treba uzeti u obzir da dvije mirovine u ku\u0107anstvu nisu isto \u0161to i jedna. &#8220;Samcu na le\u0111a padaju apsolutno svi tro\u0161kovi, a ja, primjerice, nisam dobila niti jedan energetski dodatak jer sam uvijek bila malo iznad limita od 610 eura. Nemam obiteljski dodatak jer moj mu\u017e nije umro, nego je oti\u0161ao pa je razvod bio neminovan. Nemam ni dodatni izvor prihoda, dok je mnogo onih koji dobivaju razne dodatke, a uz mirovinu zara\u0111uju na iznajmljivanju nekretnina. Jesu li oni siroma\u0161niji od mene?&#8221; pita umirovljenica Meri.<\/p>\n\n\n\n<p>Mo\u017ee, ka\u017ee, jedino zaklju\u010diti da su u najgorem polo\u017eaju oni koji su po\u0161teno odradili svoj radni vijek i koji u mirovini \u017eive kao samci. &#8220;Sve se svodi na to da bolje pro\u0111u snala\u017eljivi, nego po\u0161teni&#8221;, napominje<\/p><div id=\"mojev-3815681054\" class=\"mojev-u-tekstu mojev-entity-placement\" style=\"margin-left: auto;margin-right: auto;text-align: center;\"><div class=\"mojev-adlabel\">oglas<\/div><div style=\"height: 250px;\"><script async src=\"https:\/\/pagead2.googlesyndication.com\/pagead\/js\/adsbygoogle.js?client=ca-pub-8106111766207173\"\r\n     crossorigin=\"anonymous\"><\/script>\r\n<!-- Prikazni 1 u tekstu -->\r\n<ins class=\"adsbygoogle\"\r\n     style=\"display:block\"\r\n     data-ad-client=\"ca-pub-8106111766207173\"\r\n     data-ad-slot=\"8535551207\"\r\n     data-ad-format=\"auto\"\r\n     data-full-width-responsive=\"true\"><\/ins>\r\n<script>\r\n     (adsbygoogle = window.adsbygoogle || []).push({});\r\n<\/script><\/div><\/div><br style=\"clear: both; display: block; float: none;\"\/>\n\n\n\n<h3 class=\"wp-block-heading\">Julija (67): Nepravda boli<\/h3>\n\n\n\n<p>&#8220;Imam 67 godina i 46 godina sta\u017ea u zdravstvu. Mirovina mi iznosi 711 eura. Kad gledam oko sebe, mogu samo re\u0107i da je jako \u017ealosno da mi, koji smo odradili puni radni sta\u017e, sada pla\u0107amo kaznu za to. Vidim da bolje prolaze ljudi sa manje sta\u017ea, oni stalno dobivaju neke dodatke, a zapravo smo mi radili za njih dok su oni bili kod ku\u0107e i odradili minimalni sta\u017e&#8221;, istaknula je gospo\u0111a Julija.<\/p>\n\n\n\n<p>Istaknula je potom da treba uzeti u obzir i to, da je ona bila samohrana majka koja je podigla dvoje djece. Ni ona nema pravo na obiteljski dodatak. &#8220;To \u0161to nemam mu\u017ea, tako\u0111er zna\u010di da sam ka\u017enjena&#8230; pa tako, eto, sada izgleda da sam bila bezvrijedna. \u010cini se da ovaj sustav u\u017easno ne valja&#8221;, ustvrdila je.<\/p>\n\n\n\n<h3 class=\"wp-block-heading\">Nada (68): Zakon je \u2013 nikakav!<\/h3>\n\n\n\n<p>Sredinom pro\u0161le godine oti\u0161la sam u mirovinu, sa 42 godine radnog sta\u017ea i 67 godina \u017eivota. Svoju sam mirovinu ostvarila i budu\u0107i da je vi\u0161a od 863 eura, ne ostvarujem pravo na dio mirovine supruga koji je preminuo ostvariv\u0161i 36 godina radnog sta\u017ea. Kakav je to zakon koji ne omogu\u0107ava kori\u0161tenje makar malog postotka mirovine preminuloga supru\u017enika?<\/p>\n\n\n\n<p>Sla\u017eem se da ljudima s malim mirovinama treba pomo\u0107i, ali moj suprug je svoju mirovinu po\u0161teno zaradio, a ja nemam pravo kori\u0161tenja makar simboli\u010dnog dijela. Velikom broju umirovljenika samo treba dati ono \u0161to im pripada! Dr\u017eava otvoreno plja\u010dka umirovljenike postavljaju\u0107i limit za ostvarivanje dijela mirovine supru\u017enika! To bi trebalo biti neotu\u0111ivo pravo, jer su te mirovine zara\u0111ene!&#8221;, smatra gospo\u0111a Nada.<\/p>\n\n\n\n<div id=\"crveno\"><\/p>\n\n\n\n<h3 class=\"wp-block-heading\">Zanima nas va\u0161a pri\u010da<\/h3>\n\n\n\n<p>\u017delite li i vi, posve anonimno, podijeliti svoje iskustvo i vi\u0111enje ove teme s nama i na\u0161im \u010ditateljima, mo\u017eete to u\u010diniti putem web obrasca <a rel=\"noreferrer noopener\" href=\"https:\/\/www.mojevrijeme.hr\/magazin\/povjerljivo\/\" target=\"_blank\">Povjerljivo<\/a>. Napi\u0161ite svoju pri\u010du!<\/p>\n\n\n\n<p><\/div>\n<div id=\"mojev-2933083989\" class=\"mojev-kraj-teksta mojev-entity-placement\" style=\"margin-bottom: 20px;margin-left: auto;margin-right: auto;text-align: center;\"><div class=\"mojev-adlabel\">oglas<\/div><div style=\"height: 250px;\"><script async src=\"https:\/\/pagead2.googlesyndication.com\/pagead\/js\/adsbygoogle.js?client=ca-pub-8106111766207173\"\r\n     crossorigin=\"anonymous\"><\/script>\r\n<!-- Display-1 -->\r\n<ins class=\"adsbygoogle\"\r\n     style=\"display:block\"\r\n     data-ad-client=\"ca-pub-8106111766207173\"\r\n     data-ad-slot=\"1465712950\"\r\n     data-ad-format=\"auto\"\r\n     data-full-width-responsive=\"true\"><\/ins>\r\n<script>\r\n     (adsbygoogle = window.adsbygoogle || []).push({});\r\n<\/script><\/div><\/div>","protected":false},"excerpt":{"rendered":"<p>Iz brojnih pisama koja pristi\u017eu u na\u0161u redakciju mo\u017eemo zaklju\u010diti da postoji velika skupina nezadovoljnih umirovljenika koji u minimalnom iznosu prelaze limit za ostvarivanje raznih dodataka na mirovinu, poput energetskog dodatka. Svi imaju podu\u017ei radni sta\u017e i krajnje su revoltirani zbog nepravednog sustava.<\/p>\n","protected":false},"author":17,"featured_media":77703,"comment_status":"closed","ping_status":"closed","sticky":false,"template":"","format":"standard","meta":{"footnotes":""},"categories":[3552],"tags":[3055,1010],"class_list":["post-77663","post","type-post","status-publish","format-standard","has-post-thumbnail","hentry","category-povjerljivo","tag-energetski-dodatak","tag-obiteske-mirovine"],"_links":{"self":[{"href":"https:\/\/www.mojevrijeme.hr\/magazin\/wp-json\/wp\/v2\/posts\/77663","targetHints":{"allow":["GET"]}}],"collection":[{"href":"https:\/\/www.mojevrijeme.hr\/magazin\/wp-json\/wp\/v2\/posts"}],"about":[{"href":"https:\/\/www.mojevrijeme.hr\/magazin\/wp-json\/wp\/v2\/types\/post"}],"author":[{"embeddable":true,"href":"https:\/\/www.mojevrijeme.hr\/magazin\/wp-json\/wp\/v2\/users\/17"}],"replies":[{"embeddable":true,"href":"https:\/\/www.mojevrijeme.hr\/magazin\/wp-json\/wp\/v2\/comments?post=77663"}],"version-history":[{"count":0,"href":"https:\/\/www.mojevrijeme.hr\/magazin\/wp-json\/wp\/v2\/posts\/77663\/revisions"}],"wp:featuredmedia":[{"embeddable":true,"href":"https:\/\/www.mojevrijeme.hr\/magazin\/wp-json\/wp\/v2\/media\/77703"}],"wp:attachment":[{"href":"https:\/\/www.mojevrijeme.hr\/magazin\/wp-json\/wp\/v2\/media?parent=77663"}],"wp:term":[{"taxonomy":"category","embeddable":true,"href":"https:\/\/www.mojevrijeme.hr\/magazin\/wp-json\/wp\/v2\/categories?post=77663"},{"taxonomy":"post_tag","embeddable":true,"href":"https:\/\/www.mojevrijeme.hr\/magazin\/wp-json\/wp\/v2\/tags?post=77663"}],"curies":[{"name":"wp","href":"https:\/\/api.w.org\/{rel}","templated":true}]}}