{"id":77854,"date":"2023-06-22T11:44:23","date_gmt":"2023-06-22T09:44:23","guid":{"rendered":"https:\/\/www.mojevrijeme.hr\/magazin\/?p=77854"},"modified":"2023-06-23T22:29:41","modified_gmt":"2023-06-23T20:29:41","slug":"ivica-54-nitko-nema-bolju-punicu-od-mene-ona-je-moja-druga-mama","status":"publish","type":"post","link":"https:\/\/www.mojevrijeme.hr\/magazin\/2023\/06\/ivica-54-nitko-nema-bolju-punicu-od-mene-ona-je-moja-druga-mama\/","title":{"rendered":"Ivica (54): Nitko nema bolju punicu od mene, ona je moja druga mama"},"content":{"rendered":"\n<p>Otkako je s 18 godina iz rodnog sela u BiH oti\u0161ao na studij u Zagreb, gospodin Ivica rijetko se vra\u0107ao ku\u0107i. S roditeljima nije izgradio prisniji odnos, jer su od jutra do mraka samo radili, otac na poslu, a oboje jo\u0161 i na polju i u \u0161tali. Bio je najstarije dijete i imao je jo\u0161 tri sestre \u2013 majka je ra\u0111ala gotovo svake godine zaredom.<\/p>\n\n\n\n<p>&#8220;Majka nikad nije zastala, nije bilo vremena. Mi djeca smo nekako sami odrasli, takav osje\u0107aj imam. Sa sestrama je jo\u0161 ne\u0161to, sje\u0107am se, i razgovarala, sa mnom nikada, a kroz sva\u0161ta sam i ja prolazio u pubertetu. Mo\u017eda nije stigla, mo\u017eda s mu\u0161ki\u0107em nije umjela, danas je svejedno. A otac, on je imao jo\u0161 manje vremena i strpljenja za takvo povezivanje, njemu bilo va\u017eno da imamo za cipele i za kruh. I hvala mu na tome. A to da mi je ponekad trebao zagrljaj, duga i lijepa rije\u010d, pomo\u0107 pri odlukama, savjeti oko bilo \u010dega \u0161to mi se doga\u0111a u \u017eivotu \u2013 to sam spoznao tek kad sam upoznao suprugu, odnosno &#8211; zagreba\u010dku punicu&#8221;, rekao je gospodin Ivica.<\/p>\n\n\n\n<h3 class=\"wp-block-heading\">Nema bolje punice od njegove<\/h3>\n\n\n\n<p>&#8220;Dok nisam upoznao svoju \u017eenu, ja nisam ni slutio da se s majkom mo\u017ee biti u takvim odnosima. Mene je na po\u010detku na\u0161e veze doista iznenadio odnos moje supruge, tada djevojke, prema svojoj majci, i obrnuto. A to kako je moja punica mene prihvatila od prvog dana, pa meni suze do\u0111u na o\u010di! Kao da sam joj vlastiti sin! Ja takvo uva\u017eavanje nikad prije nisam iskusio&#8221;, rekao je.<\/p><div id=\"mojev-1292621462\" class=\"mojev-u-tekstu mojev-entity-placement\" style=\"margin-left: auto;margin-right: auto;text-align: center;\"><div class=\"mojev-adlabel\">oglas<\/div><div style=\"height: 250px;\"><script async src=\"https:\/\/pagead2.googlesyndication.com\/pagead\/js\/adsbygoogle.js?client=ca-pub-8106111766207173\"\r\n     crossorigin=\"anonymous\"><\/script>\r\n<!-- Prikazni 1 u tekstu -->\r\n<ins class=\"adsbygoogle\"\r\n     style=\"display:block\"\r\n     data-ad-client=\"ca-pub-8106111766207173\"\r\n     data-ad-slot=\"8535551207\"\r\n     data-ad-format=\"auto\"\r\n     data-full-width-responsive=\"true\"><\/ins>\r\n<script>\r\n     (adsbygoogle = window.adsbygoogle || []).push({});\r\n<\/script><\/div><\/div><br style=\"clear: both; display: block; float: none;\"\/>\n\n\n\n<p>&#8220;I ne samo to da me cijenila i poticala, ba\u0161 kao i svoju k\u0107er, ona je od onih punica koje vam skuhaju sarmu, donesu, stave na stol, izgrle vas i odu za svojim poslom. Ona je punica koja nedjeljom pozove na ru\u010dak koji traje satima, ako nama to odgovara. Ona mene nazove iz vedra neba, dok sam jo\u0161 na poslu, da pokupim doma\u0107e rezance za djecu. Pita nas uvijek svakog: kako si. Nikad se ne mije\u0161a u na\u0161e odluke, ali pita treba li nam \u0161togod, kako je na poslu. Nenametljivo i srda\u010dno. Ma nitko nema bolju punicu od mene&#8221;, pohvalio se.<\/p>\n\n\n\n<p>Kad je u mladosti slu\u0161ao kako prijatelji ru\u017eno pri\u010daju o svojim punicama, mislio da su one &#8220;zlo i naopako&#8221;. &#8220;Sre\u0107om sam se prevario u o\u010dekivanjima od svoje punice. U pozitivnom smislu. Pa ljudi moji, meni moja punica u ku\u0107i nikad nije otvorila niti jednu ladicu, virila u spava\u0107u, pitala na \u0161to tro\u0161imo, niti silila kad \u0107e unuci, a kamoli da bi svojoj k\u0107eri govorila da je nisam vrijedan ili ne\u0161to tome sli\u010dno. A sve su mi takve gadarije prepri\u010davali prijatelji koji svoju punicu ne mogu smisliti. Imam sre\u0107e&#8221;, zaklju\u010dio je gospodin Ivica.<\/p>\n\n\n\n<p>Dodao je da je uvelike sudjelovala u odgoju njihovih dvoje djece. &#8220;Nije bilo tog dana da bi ona nama rekla da ne mo\u017ee pri\u010duvati unuke. Sje\u0107am se da je starija k\u0107i u svibnju napunila godinu dana, supruga je po\u010dela raditi, a jo\u0161 je dojila. Punica, koja ima ku\u0107u na moru, odrekla se kupanja i sun\u010danja tri mjeseca, i \u010duvala na\u0161u curicu sve do jeseni kad je krenula u vrti\u0107. To je samo jedan primjer \u0161to je sve radila za svoje unuke koji i danas znaju prespavati kod nje. Mi smo kad god nam se prohtjelo mogli i\u0107i sami na vikend ili na cijeli dan u toplice, znali smo da se ona veseli vremenu koje provodi s djecom&#8221;, rekao je. <\/p>\n\n\n\n<h3 class=\"wp-block-heading\"><strong>Vremena su bila surovij<\/strong>a<\/h3>\n\n\n\n<p>Ne smije, ka\u017ee nam na kraju razgovora, u tom veli\u010danju punice biti nepravedan prema svojim roditeljima, koji su umrli.  &#8220;Ja u svakom slu\u010daju gajim lijepe osje\u0107aje prema mojim roditeljima. Znam duboko u sebi da su me voljeli, ali bila su to neka te\u0161ka vremena koja nisu dopu\u0161tala veliki sentiment. Nije to bilo kao danas.&#8221;<\/p>\n\n\n\n<p>&#8220;Ja sam kasnije postao otac, u svojim srednjim tridesetima, kad sam ve\u0107 bio situiran i mene vi\u0161e nisu mu\u010dila osnovna egzistencijalna pitanja kao moje roditelje. I to je ono zbog \u010dega im ja ni\u0161ta ne zamjeram. Bila su to surova vremena za ljude na selu s puno djece&#8221;, govori. Zahvalan im je, rekao za kraj, jer su mu do punoljetnosti ipak uspjeli usadili najve\u0107e vrijednosti koje su mu poslije u \u017eivotu puno zna\u010dile, a to su \u2013 radi\u0161nost i po\u0161tenje.<\/p>\n\n\n\n<div id=\"crveno\"><\/p>\n\n\n\n<h3 class=\"wp-block-heading\">Zanima nas va\u0161a pri\u010da<\/h3>\n\n\n\n<p>\u017delite li i vi, posve anonimno, podijeliti svoje iskustvo i vi\u0111enje ove teme s nama i na\u0161im \u010ditateljima, mo\u017eete to u\u010diniti putem web obrasca <a rel=\"noreferrer noopener\" href=\"https:\/\/www.mojevrijeme.hr\/magazin\/povjerljivo\/\" target=\"_blank\">Povjerljivo<\/a>. Napi\u0161ite svoju pri\u010du!<\/p>\n\n\n\n<p><\/div>\n<div id=\"mojev-3058161947\" class=\"mojev-kraj-teksta mojev-entity-placement\" style=\"margin-bottom: 20px;margin-left: auto;margin-right: auto;text-align: center;\"><div class=\"mojev-adlabel\">oglas<\/div><div style=\"height: 250px;\"><script async src=\"https:\/\/pagead2.googlesyndication.com\/pagead\/js\/adsbygoogle.js?client=ca-pub-8106111766207173\"\r\n     crossorigin=\"anonymous\"><\/script>\r\n<!-- Display-1 -->\r\n<ins class=\"adsbygoogle\"\r\n     style=\"display:block\"\r\n     data-ad-client=\"ca-pub-8106111766207173\"\r\n     data-ad-slot=\"1465712950\"\r\n     data-ad-format=\"auto\"\r\n     data-full-width-responsive=\"true\"><\/ins>\r\n<script>\r\n     (adsbygoogle = window.adsbygoogle || []).push({});\r\n<\/script><\/div><\/div>","protected":false},"excerpt":{"rendered":"<p>\u010cesto nam se snahe \u017eale na svekrvu, a zetovi na punicu, no gospodin Ivica (54) ispri\u010dao nam je da je punica druga najva\u017enija i najbolja \u017eena u njegovom \u017eivotu \u2013 nakon supruge, naravno.<\/p>\n","protected":false},"author":17,"featured_media":77898,"comment_status":"closed","ping_status":"closed","sticky":false,"template":"","format":"standard","meta":{"footnotes":""},"categories":[3552],"tags":[3437,3559],"class_list":["post-77854","post","type-post","status-publish","format-standard","has-post-thumbnail","hentry","category-povjerljivo","tag-obiteljski-odnosi","tag-punice-i-zetovi"],"_links":{"self":[{"href":"https:\/\/www.mojevrijeme.hr\/magazin\/wp-json\/wp\/v2\/posts\/77854","targetHints":{"allow":["GET"]}}],"collection":[{"href":"https:\/\/www.mojevrijeme.hr\/magazin\/wp-json\/wp\/v2\/posts"}],"about":[{"href":"https:\/\/www.mojevrijeme.hr\/magazin\/wp-json\/wp\/v2\/types\/post"}],"author":[{"embeddable":true,"href":"https:\/\/www.mojevrijeme.hr\/magazin\/wp-json\/wp\/v2\/users\/17"}],"replies":[{"embeddable":true,"href":"https:\/\/www.mojevrijeme.hr\/magazin\/wp-json\/wp\/v2\/comments?post=77854"}],"version-history":[{"count":0,"href":"https:\/\/www.mojevrijeme.hr\/magazin\/wp-json\/wp\/v2\/posts\/77854\/revisions"}],"wp:featuredmedia":[{"embeddable":true,"href":"https:\/\/www.mojevrijeme.hr\/magazin\/wp-json\/wp\/v2\/media\/77898"}],"wp:attachment":[{"href":"https:\/\/www.mojevrijeme.hr\/magazin\/wp-json\/wp\/v2\/media?parent=77854"}],"wp:term":[{"taxonomy":"category","embeddable":true,"href":"https:\/\/www.mojevrijeme.hr\/magazin\/wp-json\/wp\/v2\/categories?post=77854"},{"taxonomy":"post_tag","embeddable":true,"href":"https:\/\/www.mojevrijeme.hr\/magazin\/wp-json\/wp\/v2\/tags?post=77854"}],"curies":[{"name":"wp","href":"https:\/\/api.w.org\/{rel}","templated":true}]}}