{"id":77856,"date":"2023-06-22T10:59:00","date_gmt":"2023-06-22T08:59:00","guid":{"rendered":"https:\/\/www.mojevrijeme.hr\/magazin\/?p=77856"},"modified":"2023-06-22T13:19:52","modified_gmt":"2023-06-22T11:19:52","slug":"klematis-omiljena-povijusa-nasih-vrtova-kako-postici-raskosan-cvat","status":"publish","type":"post","link":"https:\/\/www.mojevrijeme.hr\/magazin\/2023\/06\/klematis-omiljena-povijusa-nasih-vrtova-kako-postici-raskosan-cvat\/","title":{"rendered":"Klematis: Kako posti\u0107i rasko\u0161an cvat omiljene poviju\u0161e na\u0161ih vrtova"},"content":{"rendered":"\n<p>Na svijetu postoji oko 300 vrsta unutar roda <em>Clematis<\/em>, no samo se mali dio njih koristi u vrtlarstvu. Tako u Hrvatskoj na rubovima \u0161uma i u \u0161ikarama prirodno raste <em>Clematis vitalba<\/em>, divlja vrsta s lijepim sitnim cvjetovima boje svijetle slonove kosti, poznatija i kao obi\u010dna pavit ili cigansko perje.<\/p>\n\n\n\n<p>Ranih devedesetih u hrvatske rasadnike po\u010dele su pristizati prve sadnice kultiviranih klematisa, rasko\u0161no cvjetaju\u0107ih poviju\u0161a koje su do sada osvojile gotovo sve kontinentalne vrtove. Isprva je to bio plavi &#8220;Jackmanii&#8221;, prvi velikocvjetni moderni kultivar iz 1862. godine. Potom se na na\u0161em tr\u017ei\u0161tu pojavila i &#8220;Nelly Moser&#8221; iz 1897. godine. To su dva &#8220;osnovna&#8221; kultivara, vrtlarski standardi koje svaki vrtlar koji dr\u017ei do sebe treba imati u vlastitom uzgoju. Ostali su, ako nas pitate, tek nadogradnja.<\/p>\n\n\n\n<p>U me\u0111uvremenu su trgova\u010dki lanci u vrtnom asortimanu ponudili gotovo sve komercijalne varijante ove biljke. Iako se razlikuju u nekim detaljima, osnovna uzgojna pravila vrijede, uglavnom, za sve klematise. Mlade biljke sade se u prolje\u0107e ili kasnu jesen, a sadnice u kontejnerima sade se cijele godine. U uzgoju valja simulirati uvjete ruba \u0161ume u kojima paviti prirodno rastu.<\/p><div id=\"mojev-3217484872\" class=\"mojev-u-tekstu mojev-entity-placement\" style=\"margin-left: auto;margin-right: auto;text-align: center;\"><div class=\"mojev-adlabel\">oglas<\/div><div style=\"height: 250px;\"><script async src=\"https:\/\/pagead2.googlesyndication.com\/pagead\/js\/adsbygoogle.js?client=ca-pub-8106111766207173\"\r\n     crossorigin=\"anonymous\"><\/script>\r\n<!-- Prikazni 1 u tekstu -->\r\n<ins class=\"adsbygoogle\"\r\n     style=\"display:block\"\r\n     data-ad-client=\"ca-pub-8106111766207173\"\r\n     data-ad-slot=\"8535551207\"\r\n     data-ad-format=\"auto\"\r\n     data-full-width-responsive=\"true\"><\/ins>\r\n<script>\r\n     (adsbygoogle = window.adsbygoogle || []).push({});\r\n<\/script><\/div><\/div><br style=\"clear: both; display: block; float: none;\"\/>\n\n\n\n<h3 class=\"wp-block-heading\">Sunce<\/h3>\n\n\n\n<p>Za klematise ili paviti va\u017ei jedno pravilo: <strong>glava na suncu, noge u hladu<\/strong>. Dakle, idealna pozicija je osun\u010dani dio vrta; puno ili djelomi\u010dno sunce, jer upravo o tome ovisi koli\u010dina cvjetova koju \u0107e biljka dati.<\/p>\n\n\n\n<p>Istovremeno tlo oko biljke, kao i sam donji dio biljke, trebao bi biti zaklonjen nekim ni\u017eim trajnicama pli\u0107eg korijena. Osim \u0161to poma\u017ee u odr\u017eavanju vla\u017enosti, i <strong>mal\u010diranje<\/strong> mo\u017ee biti posebno korisno u odr\u017eavanju povoljne temperature tla. U posebno vru\u0107im podru\u010djima, biljka \u0107e cijeniti i podnevnu za\u0161titu od pripeke.<\/p>\n\n\n\n<figure class=\"wp-block-image size-large\"><img loading=\"lazy\" decoding=\"async\" width=\"740\" height=\"444\" src=\"https:\/\/www.mojevrijeme.hr\/magazin\/wp-content\/uploads\/2023\/06\/clematis-plavi-740x444.jpg\" alt=\"\" class=\"wp-image-77870\" srcset=\"https:\/\/www.mojevrijeme.hr\/magazin\/wp-content\/uploads\/2023\/06\/clematis-plavi-740x444.jpg 740w, https:\/\/www.mojevrijeme.hr\/magazin\/wp-content\/uploads\/2023\/06\/clematis-plavi-636x382.jpg 636w, https:\/\/www.mojevrijeme.hr\/magazin\/wp-content\/uploads\/2023\/06\/clematis-plavi-768x461.jpg 768w, https:\/\/www.mojevrijeme.hr\/magazin\/wp-content\/uploads\/2023\/06\/clematis-plavi-1536x922.jpg 1536w, https:\/\/www.mojevrijeme.hr\/magazin\/wp-content\/uploads\/2023\/06\/clematis-plavi-1500x900.jpg 1500w, https:\/\/www.mojevrijeme.hr\/magazin\/wp-content\/uploads\/2023\/06\/clematis-plavi-1600x960.jpg 1600w, https:\/\/www.mojevrijeme.hr\/magazin\/wp-content\/uploads\/2023\/06\/clematis-plavi-590x354.jpg 590w, https:\/\/www.mojevrijeme.hr\/magazin\/wp-content\/uploads\/2023\/06\/clematis-plavi-400x240.jpg 400w, https:\/\/www.mojevrijeme.hr\/magazin\/wp-content\/uploads\/2023\/06\/clematis-plavi.jpg 2000w\" sizes=\"auto, (max-width: 740px) 100vw, 740px\" \/><figcaption class=\"wp-element-caption\">foto: countrywives\/Pixabay<\/figcaption><\/figure>\n\n\n\n<h3 class=\"wp-block-heading\">Voda<\/h3>\n\n\n\n<p>Prilikom sadnje klematis treba dobro zaliti. Dosljedna razina vlage bit \u0107e klju\u010dna za razvoj zdravog, sna\u017enog korijenskog sustava, a kasnije i cvjetanja. Op\u0107e pravilo jest da biljku treba tjedno obilno zaliti. U suhim i vru\u0107im podru\u010djima, pogotovo na posnijim tlima, klematis trebati zalijevati i \u010de\u0161\u0107e.<\/p>\n\n\n\n<h3 class=\"wp-block-heading\">Tlo<\/h3>\n\n\n\n<p>Klematis preferira dobro drenirano tlo koje dobro zadr\u017eava vlagu. Idealno tlo je blago kiselo, s pH rasponom od 6,5 \u2013 7,0.<\/p>\n\n\n\n<h3 class=\"wp-block-heading\">Prihrana<\/h3>\n\n\n\n<p>U vrijeme sadnje valja primijeniti dobro uravnote\u017eeno NPK gnojivo kako bi se biljci dao dobar start. U ve\u0107ini slu\u010dajeva, dodatna gnojidba nije potrebna, iako mnogi vrtlari prihranjuju jednom godi\u0161nje u rano prolje\u0107e, a prije formiranja cvjetova.<\/p>\n\n\n\n<figure class=\"wp-block-image size-large\"><img loading=\"lazy\" decoding=\"async\" width=\"740\" height=\"444\" src=\"https:\/\/www.mojevrijeme.hr\/magazin\/wp-content\/uploads\/2023\/06\/clematis-vitalba-740x444.jpg\" alt=\"\" class=\"wp-image-77865\" srcset=\"https:\/\/www.mojevrijeme.hr\/magazin\/wp-content\/uploads\/2023\/06\/clematis-vitalba-740x444.jpg 740w, https:\/\/www.mojevrijeme.hr\/magazin\/wp-content\/uploads\/2023\/06\/clematis-vitalba-636x382.jpg 636w, https:\/\/www.mojevrijeme.hr\/magazin\/wp-content\/uploads\/2023\/06\/clematis-vitalba-768x461.jpg 768w, https:\/\/www.mojevrijeme.hr\/magazin\/wp-content\/uploads\/2023\/06\/clematis-vitalba-1536x922.jpg 1536w, https:\/\/www.mojevrijeme.hr\/magazin\/wp-content\/uploads\/2023\/06\/clematis-vitalba-1500x900.jpg 1500w, https:\/\/www.mojevrijeme.hr\/magazin\/wp-content\/uploads\/2023\/06\/clematis-vitalba-1600x960.jpg 1600w, https:\/\/www.mojevrijeme.hr\/magazin\/wp-content\/uploads\/2023\/06\/clematis-vitalba-590x354.jpg 590w, https:\/\/www.mojevrijeme.hr\/magazin\/wp-content\/uploads\/2023\/06\/clematis-vitalba-400x240.jpg 400w, https:\/\/www.mojevrijeme.hr\/magazin\/wp-content\/uploads\/2023\/06\/clematis-vitalba.jpg 2000w\" sizes=\"auto, (max-width: 740px) 100vw, 740px\" \/><figcaption class=\"wp-element-caption\">Divlji <em>Clematis vitalba<\/em> raste i u Hrvatskoj (foto: WikimediaImages\/Pixabay)<\/figcaption><\/figure>\n\n\n\n<h3 class=\"wp-block-heading\">Oslonac<\/h3>\n\n\n\n<p>Budu\u0107i da se radi poviju\u0161i, klematisi tra\u017ee neku vrstu potpore koja \u0107e usmjeravati njihov rast. Stupovi su prihvatljiv izbor za manje rastu\u0107e klematise \u010dija visina mo\u017ee varirati od 60 do 150 centimetara. Kultivari koji se pru\u017eaju od dva do \u010detiri metra u daljinu mogu se osloniti na vrtne sjenice dok \u0107e re\u0161etke i ograde odgovarati svim tipovima.<\/p>\n\n\n\n<p>Ovisno o kultivaru, brojni vrtlari sade klematise uz ve\u0107e grmlje i manje drve\u0107e koje \u0107e mu poslu\u017eiti kao potporanj. Ovakve kombinacije mogu biti vrlo efektne kada se promi\u0161ljeno kombiniraju tekstura i boja biljke-oslonca s karakteristikama cvijeta poviju\u0161e.<\/p>\n\n\n\n<figure class=\"wp-block-image size-large\"><img loading=\"lazy\" decoding=\"async\" width=\"740\" height=\"444\" src=\"https:\/\/www.mojevrijeme.hr\/magazin\/wp-content\/uploads\/2023\/06\/clematis-ljubicasti-740x444.jpg\" alt=\"\" class=\"wp-image-77867\" srcset=\"https:\/\/www.mojevrijeme.hr\/magazin\/wp-content\/uploads\/2023\/06\/clematis-ljubicasti-740x444.jpg 740w, https:\/\/www.mojevrijeme.hr\/magazin\/wp-content\/uploads\/2023\/06\/clematis-ljubicasti-636x382.jpg 636w, https:\/\/www.mojevrijeme.hr\/magazin\/wp-content\/uploads\/2023\/06\/clematis-ljubicasti-768x461.jpg 768w, https:\/\/www.mojevrijeme.hr\/magazin\/wp-content\/uploads\/2023\/06\/clematis-ljubicasti-1536x922.jpg 1536w, https:\/\/www.mojevrijeme.hr\/magazin\/wp-content\/uploads\/2023\/06\/clematis-ljubicasti-1500x900.jpg 1500w, https:\/\/www.mojevrijeme.hr\/magazin\/wp-content\/uploads\/2023\/06\/clematis-ljubicasti-1600x960.jpg 1600w, https:\/\/www.mojevrijeme.hr\/magazin\/wp-content\/uploads\/2023\/06\/clematis-ljubicasti-590x354.jpg 590w, https:\/\/www.mojevrijeme.hr\/magazin\/wp-content\/uploads\/2023\/06\/clematis-ljubicasti-400x240.jpg 400w, https:\/\/www.mojevrijeme.hr\/magazin\/wp-content\/uploads\/2023\/06\/clematis-ljubicasti.jpg 2000w\" sizes=\"auto, (max-width: 740px) 100vw, 740px\" \/><figcaption class=\"wp-element-caption\">foto: Artty9y\/Pixabay<\/figcaption><\/figure>\n\n\n\n<h3 class=\"wp-block-heading\">Orezivanje<\/h3>\n\n\n\n<p>U vrtlarstvu se, prema na\u010dinu i vremenu orezivanja, klematisi dijele u tri skupine:<\/p>\n\n\n\n<p><strong>Prva skupina<\/strong> \u2013 klematisi koji cvjetaju u rano prolje\u0107e, a cvjetni pupovi se formiraju na starom rastu. Orezivanje valja obaviti ljeti, odmah nakon \u0161to biljka ocvate.<\/p>\n\n\n\n<p><strong>Druga skupina<\/strong> \u2013 klematisi koji cvatu na novom i starom rastu. Ove poviju\u0161e najbolje je orezati u kasnu zimu ili u rano prolje\u0107e.<\/p>\n\n\n\n<p><strong>Tre\u0107a skupina<\/strong> \u2013 klematisi koji cvatu na novom rastu. U ovu skupinu pripada ranije spomenuti &#8220;Jackmanii&#8221;. Biljku valja bespo\u0161tedno orezati na visinu od tridesetak centimetara tijekom velja\u010de ili o\u017eujka, u svakom slu\u010daju \u2013 prije no \u0161to krene s rastom.<\/p>\n<div id=\"mojev-2705765412\" class=\"mojev-kraj-teksta mojev-entity-placement\" style=\"margin-bottom: 20px;margin-left: auto;margin-right: auto;text-align: center;\"><div class=\"mojev-adlabel\">oglas<\/div><div style=\"height: 250px;\"><script async src=\"https:\/\/pagead2.googlesyndication.com\/pagead\/js\/adsbygoogle.js?client=ca-pub-8106111766207173\"\r\n     crossorigin=\"anonymous\"><\/script>\r\n<!-- Display-1 -->\r\n<ins class=\"adsbygoogle\"\r\n     style=\"display:block\"\r\n     data-ad-client=\"ca-pub-8106111766207173\"\r\n     data-ad-slot=\"1465712950\"\r\n     data-ad-format=\"auto\"\r\n     data-full-width-responsive=\"true\"><\/ins>\r\n<script>\r\n     (adsbygoogle = window.adsbygoogle || []).push({});\r\n<\/script><\/div><\/div>","protected":false},"excerpt":{"rendered":"<p>Mlade biljke sade se na otvoreno  u prolje\u0107e ili kasnu jesen, a sadnice u kontejnerima sade se cijele godine. U uzgoju valja simulirati uvjete ruba \u0161ume u kojima paviti prirodno rastu.<\/p>\n","protected":false},"author":1,"featured_media":77866,"comment_status":"closed","ping_status":"closed","sticky":false,"template":"","format":"standard","meta":{"footnotes":""},"categories":[3497],"tags":[3580,579,55,960],"class_list":["post-77856","post","type-post","status-publish","format-standard","has-post-thumbnail","hentry","category-vrt","tag-clematis","tag-cvijece","tag-vrt","tag-vrtlarstvo"],"_links":{"self":[{"href":"https:\/\/www.mojevrijeme.hr\/magazin\/wp-json\/wp\/v2\/posts\/77856","targetHints":{"allow":["GET"]}}],"collection":[{"href":"https:\/\/www.mojevrijeme.hr\/magazin\/wp-json\/wp\/v2\/posts"}],"about":[{"href":"https:\/\/www.mojevrijeme.hr\/magazin\/wp-json\/wp\/v2\/types\/post"}],"author":[{"embeddable":true,"href":"https:\/\/www.mojevrijeme.hr\/magazin\/wp-json\/wp\/v2\/users\/1"}],"replies":[{"embeddable":true,"href":"https:\/\/www.mojevrijeme.hr\/magazin\/wp-json\/wp\/v2\/comments?post=77856"}],"version-history":[{"count":0,"href":"https:\/\/www.mojevrijeme.hr\/magazin\/wp-json\/wp\/v2\/posts\/77856\/revisions"}],"wp:featuredmedia":[{"embeddable":true,"href":"https:\/\/www.mojevrijeme.hr\/magazin\/wp-json\/wp\/v2\/media\/77866"}],"wp:attachment":[{"href":"https:\/\/www.mojevrijeme.hr\/magazin\/wp-json\/wp\/v2\/media?parent=77856"}],"wp:term":[{"taxonomy":"category","embeddable":true,"href":"https:\/\/www.mojevrijeme.hr\/magazin\/wp-json\/wp\/v2\/categories?post=77856"},{"taxonomy":"post_tag","embeddable":true,"href":"https:\/\/www.mojevrijeme.hr\/magazin\/wp-json\/wp\/v2\/tags?post=77856"}],"curies":[{"name":"wp","href":"https:\/\/api.w.org\/{rel}","templated":true}]}}