{"id":77953,"date":"2023-06-23T12:54:40","date_gmt":"2023-06-23T10:54:40","guid":{"rendered":"https:\/\/www.mojevrijeme.hr\/magazin\/?p=77953"},"modified":"2023-06-23T12:56:14","modified_gmt":"2023-06-23T10:56:14","slug":"maja-77-roditelji-su-me-vezali-i-tukli-muz-me-varao-a-djeca-me-se-danas-srame","status":"publish","type":"post","link":"https:\/\/www.mojevrijeme.hr\/magazin\/2023\/06\/maja-77-roditelji-su-me-vezali-i-tukli-muz-me-varao-a-djeca-me-se-danas-srame\/","title":{"rendered":"Maja (77): Roditelji su me vezali i tukli, mu\u017e me varao, a djeca me se danas srame"},"content":{"rendered":"\n<p>Kako, kako je uop\u0107e mogu\u0107e da jedna \u017eena do svoje 77. godine \u017eivota mo\u017ee podnijeti toliko strahota koje se ni\u017eu otkako se rodila? \u010citaju\u0107i ispovijest gospo\u0111e Maje \u010dovjek se cijelo vrijeme nada da negdje prestaju tragedije ove \u017eene i da slijedi ne\u0161to ljep\u0161e &#8211; ali ne, ispovijest ima najtu\u017eniji kraj.<\/p>\n\n\n\n<p>&#8220;Pored \u017eivih roditelja, ja sam u samostalan \u017eivot kro\u010dila iz ustanove za nezbrinutu djecu. Ne znam tko je prema meni bio ve\u0107i monstrum &#8211; roditelji, ma\u0107eha ili rodbina koja me nije prihva\u0107ala. Bila sam im slu\u017eavka i prije sedme godine \u017eivota. Znala sam samo za batine, poni\u017eavanje, glad i poderana odje\u0107u. To je trajalo jako, jako dugo. Sama sam se javljala u razne ustanove, plakala tamo, ali me nisu do\u017eivljavali, vra\u0107ali su me ku\u0107i&#8221;, ispovjedila nam se gospo\u0111a Maja.<\/p>\n\n\n\n<p>Bila je, ka\u017ee, toliko gladna da nije mogla spavati. &#8220;Tiho i polako ustala bih i poku\u0161ala uzeti malo kruha koji je drugima ostao, i kako sam ga dohvatila, jedan roditelj me \u010duo. \u0160to mi je napravio, nije za pisati. To je trajalo do moje desete godine, kad me razrednica pitala za\u0161to ne radim tjelesni &#8211; bilo me sram jer (nikad!) nisam imala ga\u0107ice, nego sam si ih sama pravila od marame koju sam na\u0161la na ulici&#8221;,  epizode su iz te\u0161kog djetinjstva gospo\u0111e Maje.<\/p><div id=\"mojev-1582120652\" class=\"mojev-u-tekstu mojev-entity-placement\" style=\"margin-left: auto;margin-right: auto;text-align: center;\"><div class=\"mojev-adlabel\">oglas<\/div><div style=\"height: 250px;\"><script async src=\"https:\/\/pagead2.googlesyndication.com\/pagead\/js\/adsbygoogle.js?client=ca-pub-8106111766207173\"\r\n     crossorigin=\"anonymous\"><\/script>\r\n<!-- Prikazni 1 u tekstu -->\r\n<ins class=\"adsbygoogle\"\r\n     style=\"display:block\"\r\n     data-ad-client=\"ca-pub-8106111766207173\"\r\n     data-ad-slot=\"8535551207\"\r\n     data-ad-format=\"auto\"\r\n     data-full-width-responsive=\"true\"><\/ins>\r\n<script>\r\n     (adsbygoogle = window.adsbygoogle || []).push({});\r\n<\/script><\/div><\/div><br style=\"clear: both; display: block; float: none;\"\/>\n\n\n\n<h3 class=\"wp-block-heading\">Odlazak u dom za nezbrinutu djecu<\/h3>\n\n\n\n<p>Sre\u0107om je imala razumnu razrednicu, koja joj je zasigurno spasila \u017eivot. &#8220;Nakon \u0161to sam joj rekla da nemam ni ga\u0107ice, oti\u0161la je sa mnom k mojim roditeljima. Saznala je da me tuku, ve\u017eu za stol i tjeraju me da la\u017eem kao pas. Kad sam drugi dan do\u0161la u \u0161kolu i kad je vidjela da sam sva crna od batina, a da nisu zarasle ni stare rane, odmah se pobrinula da odem u dom&#8221;, povjerila nam je.<\/p>\n\n\n\n<p>Tamo je napokon prodisala. Bila je marljiva, pomagala je u kuhinji, prala podove i time si zaradila sitne nagrade, koje su njoj bile velike kao ku\u0107a. &#8220;Svi su me voljeli, toliko da su mi neki i zavidjeli. U domu sam si zaradila i prvu haljinicu i balerinke! No, sre\u0107a nije potrajala &#8211; djeca koja su imala \u017eive roditelje oni su im trebali pla\u0107ati dom, a moji su pred kraj moje srednje \u0161kole oti\u0161li u inozemstvo \u2013 jedan u Ma\u0111arsku, drugi u Austriju. Nije se moglo do njih, rodbina je odbila pomo\u0107i.&#8221;<\/p>\n\n\n\n<p>&#8220;Tada su me slali od jedne do druge obitelji dok nisam zavr\u0161ila srednju, s odli\u010dnim uspjehom! No, bez igdje ikoga i i\u010dega, nisam znala kud. Najprije sam \u017eivjela kod nekoliko prijateljica, i nakon mjesec dana zadnji put sam se obratila rodbini u rodnom mjestu da me primi, no odbili su me&#8221;, prisje\u0107a se gospo\u0111a Maja.&nbsp;<\/p>\n\n\n\n<h3 class=\"wp-block-heading\">Nevjerojatan slijed doga\u0111aja<\/h3>\n\n\n\n<p>Ono \u0161to je uslijedilo zvu\u010di kao scenarij za film. &#8220;Hodam po cesti i pla\u010dem. Tada sretnem zgodnog de\u010dka koji me pita \u0161to mi je &#8211; ja sam mu ukratko sve ispri\u010dala i on me pozvao u kino. Pristala sam i putem se predomislila, rekav\u0161i da nemam gdje spavati i da kasnije vi\u0161e ne\u0107u imati prijevoz do grada iz kojeg sam do\u0161la. Rekao mi je neka ne brinem i obe\u0107ao da \u0107e me odvesti k svojim roditeljima. Kad smo im do\u0161li pred vrata, ja pla\u010dem i ne \u017eelim u\u0107i, sve dok njegovi nisu iza\u0161li i&nbsp;pitali ga \u0161to mi je napravio. On se kleo da nije ni\u0161ta. Sje\u0107am se da je vani bila zima, po\u010deo je padati snijeg, a meni se razmo\u010dio karton na potplatu balerinki&#8221;, opisuje prvi susret sa budu\u0107om svekrvom<strong>.&nbsp;<\/strong><\/p>\n\n\n\n<p>Uvela ju je u ku\u0107u, kadu napunila toplom vodom i dala joj svoju spava\u0107icu. &#8220;Rekla mi je: Ne boj se du\u0161o, spavat \u0107e\u0161 sa mnom. Ostala sam kod njih, silno su me zavoljeli, a ja sam bila sretna \u0161to imam mamu i tatu. Nakon dva tjedna predlo\u017eili su nam da se vjen\u010damo. Oboje smo bili sretni i nakon privole su nas ostavili same na dva dana. Nagovorio me nekako da zajedno spavamo, a potom smo se doista i vjen\u010dali&#8221;, opisuje gospo\u0111a Maja.<\/p>\n\n\n\n<h3 class=\"wp-block-heading\">Malo mira i blagoslova<\/h3>\n\n\n\n<p>Svi su \u017eivjeli u jednosobnom stanu. Njegovi su, napominje, bili po\u0161teni i radi\u0161ni. Skromno se jelo i odijevalo, ali mira i blagoslova bilo je napretek. Nakon godinu je rodila prvo djete i potom se zaposlila, pa su oti\u0161li u podstanare, a tri godine kasnije stiglo je i drugo dijete.&nbsp;<\/p>\n\n\n\n<p>&#8220;Nedugo zatim umro jedan roditelj mog supruga, a ubrzo i drugi. Preselili smo u njihov mali stan. Radila sam kao lavica, ali mom mu\u017eu je postalo dosadno. Zapo\u010deo je vezu sa svojom kolegicom s posla. Kad sam saznala krenuli su problemi, ali sve sam trpjela samo da sa\u010duvam djecu od zla koje sam ja pro\u0161la. Vrijeme je prolazilo, a onda sam se jednog dana vratila s posla i mu\u017ea na\u0161la \u2013 mrtvog. Mo\u017edani. O moj Bo\u017ee! Nikoga svog nemam, djeca mala, obitelj se skupila, svi se nudili pomo\u0107i, pa na kraju od toga ni\u0161ta. Opet je sve bilo na meni&#8221;, povjerava nam dalje.&nbsp;<\/p>\n\n\n\n<p>Tada je po\u010dela \u010distiti tu\u0111e stanove, stubi\u0161ta, po no\u0107i je kuhala i peglala. Ubrzo je na\u0161la jo\u0161 jedan dodatni posao. Kupila je auto, polo\u017eila voza\u010dki, bez auta nije mogla sve to stizati. Kad su djeca do\u0161la u pubertet, opet problemi.&nbsp;<\/p>\n\n\n\n<h3 class=\"wp-block-heading\">Tko se koga treba sramiti?<\/h3>\n\n\n\n<p>&#8220;Djecu sam tjerala samo na u\u010denje, bilo je te\u0161ko \u2013 ho\u0107e, pa ne\u0107e, pa de\u010dki, pa cure. Jurila sam za njima, pratila sve, oni se odupirali, sva\u0111ali se sa mnom, ali nisam popu\u0161tala! Vrije\u0111ali su me i tjerali od sebe, ali sve sam izdr\u017eala. Htjela sam biti dobar roditelj i svojim primjerom im pokazati kakvi bi trebali biti.&#8221;<\/p>\n\n\n\n<p>&#8220;Cijenili su me svi koji su me poznavali. Gdje god sam tra\u017eila pomo\u0107 bilo koje vrste, dobila sam je. A moja djeca, oni su danas odrasli, \u0161kolovani i zaposleni ljudi i imaju svoje prekrasne obitelji. Na\u017ealost, mene se srame i u njihove obitelji nisam dobrodo\u0161la. Ali, evo, pro\u0111e \u017eivot, pro\u0111e pola stolje\u0107a brige za djecu, ja nekako \u017eivim puna stara\u010dkih tegoba. Nau\u010dila sam da svako vrijeme nosi svoje breme, pa guram dalje&#8221;, zavr\u0161ila je svoju ispovijest na\u0161a lavica Maja.&nbsp;<\/p>\n\n\n\n<div id=\"crveno\"><\/p>\n\n\n\n<h3 class=\"wp-block-heading\">Zanima nas va\u0161a pri\u010da<\/h3>\n\n\n\n<p>\u017delite li i vi, posve anonimno, podijeliti svoje iskustvo i vi\u0111enje ove teme s nama i na\u0161im \u010ditateljima, mo\u017eete to u\u010diniti putem web obrasca <a rel=\"noreferrer noopener\" href=\"https:\/\/www.mojevrijeme.hr\/magazin\/povjerljivo\/\" target=\"_blank\">Povjerljivo<\/a>. Napi\u0161ite svoju pri\u010du!<\/p>\n\n\n\n<p><\/div>\n<div id=\"mojev-3882445750\" class=\"mojev-kraj-teksta mojev-entity-placement\" style=\"margin-bottom: 20px;margin-left: auto;margin-right: auto;text-align: center;\"><div class=\"mojev-adlabel\">oglas<\/div><div style=\"height: 250px;\"><script async src=\"https:\/\/pagead2.googlesyndication.com\/pagead\/js\/adsbygoogle.js?client=ca-pub-8106111766207173\"\r\n     crossorigin=\"anonymous\"><\/script>\r\n<!-- Display-1 -->\r\n<ins class=\"adsbygoogle\"\r\n     style=\"display:block\"\r\n     data-ad-client=\"ca-pub-8106111766207173\"\r\n     data-ad-slot=\"1465712950\"\r\n     data-ad-format=\"auto\"\r\n     data-full-width-responsive=\"true\"><\/ins>\r\n<script>\r\n     (adsbygoogle = window.adsbygoogle || []).push({});\r\n<\/script><\/div><\/div>","protected":false},"excerpt":{"rendered":"<p>Do bola gorak okus u ustima ostavlja ispovijest gospo\u0111e Maje (77), na\u0161e \u010ditateljice koja je smogla snage prisjetiti se nezamislivo te\u0161kog djetinjstva, nesretnog braka i \u017eivota sve do danas, kad je se djeca koju je sama podigla na noge, srame.<\/p>\n","protected":false},"author":17,"featured_media":77989,"comment_status":"closed","ping_status":"closed","sticky":false,"template":"","format":"standard","meta":{"footnotes":""},"categories":[3552],"tags":[1436,3581,941],"class_list":["post-77953","post","type-post","status-publish","format-standard","has-post-thumbnail","hentry","category-povjerljivo","tag-povjerljivo","tag-samohrani-roditelji","tag-zlostavljanje"],"_links":{"self":[{"href":"https:\/\/www.mojevrijeme.hr\/magazin\/wp-json\/wp\/v2\/posts\/77953","targetHints":{"allow":["GET"]}}],"collection":[{"href":"https:\/\/www.mojevrijeme.hr\/magazin\/wp-json\/wp\/v2\/posts"}],"about":[{"href":"https:\/\/www.mojevrijeme.hr\/magazin\/wp-json\/wp\/v2\/types\/post"}],"author":[{"embeddable":true,"href":"https:\/\/www.mojevrijeme.hr\/magazin\/wp-json\/wp\/v2\/users\/17"}],"replies":[{"embeddable":true,"href":"https:\/\/www.mojevrijeme.hr\/magazin\/wp-json\/wp\/v2\/comments?post=77953"}],"version-history":[{"count":0,"href":"https:\/\/www.mojevrijeme.hr\/magazin\/wp-json\/wp\/v2\/posts\/77953\/revisions"}],"wp:featuredmedia":[{"embeddable":true,"href":"https:\/\/www.mojevrijeme.hr\/magazin\/wp-json\/wp\/v2\/media\/77989"}],"wp:attachment":[{"href":"https:\/\/www.mojevrijeme.hr\/magazin\/wp-json\/wp\/v2\/media?parent=77953"}],"wp:term":[{"taxonomy":"category","embeddable":true,"href":"https:\/\/www.mojevrijeme.hr\/magazin\/wp-json\/wp\/v2\/categories?post=77953"},{"taxonomy":"post_tag","embeddable":true,"href":"https:\/\/www.mojevrijeme.hr\/magazin\/wp-json\/wp\/v2\/tags?post=77953"}],"curies":[{"name":"wp","href":"https:\/\/api.w.org\/{rel}","templated":true}]}}