{"id":77987,"date":"2023-06-24T09:16:44","date_gmt":"2023-06-24T07:16:44","guid":{"rendered":"https:\/\/www.mojevrijeme.hr\/magazin\/?p=77987"},"modified":"2023-06-24T09:20:16","modified_gmt":"2023-06-24T07:20:16","slug":"boba-65-imam-15-godina-staza-i-178-eura-mirovine-nisam-kriva","status":"publish","type":"post","link":"https:\/\/www.mojevrijeme.hr\/magazin\/2023\/06\/boba-65-imam-15-godina-staza-i-178-eura-mirovine-nisam-kriva\/","title":{"rendered":"Boba (65): Imam 15 godina sta\u017ea i 178 eura mirovine. Nisam kriva!"},"content":{"rendered":"\n<p>Gospo\u0111a Boba javila nam se pismom u kojem tvrdi da nije sama kriva za mizeriju od mirovine. &#8220;Imam 65 godina, a za 15 godina priznatog radnog sta\u017ea primam 178 eura mirovine. Suprug je uspio natu\u0107i 27 godina sta\u017ea, on prima 350 eura. Za\u0161to? Zato \u0161to su u ono najgore vrijeme propale firme u kojima smo radili. Ve\u0107 smo bili u pedesetima i nitko nas vi\u0161e nije htio zaposliti. A radili smo oboje jo\u0161 dugo i to na crno, sve do mirovine&#8221;, povjerila nas se gospo\u0111a Boba.<\/p>\n\n\n\n<p>Ona i suprug zajedno tako primaju 528 eura mjese\u010dno. Odrekli su se automobila koji im sve vi\u0161e treba, jer kako su stariji, po\u017ealila nam se, sve vi\u0161e pobolijevaju. &#8220;\u017divimo u gradu, tro\u0161kovi su veliki i bez auta. Imamo svoj stan i ni\u0161ta vi\u0161e, nikakav dodatni prihod, nikakvu drugu nekretninu da si pomognemo najmom. S ovom mirovinom ne mo\u017eemo dostojanstveno \u017eivjeti. Mi smo, izmu\u010deni i izra\u0111eni kroz \u017eivot, jedva do\u010dekali godine za mirovinu. Samo smo \u017eeljeli stati i \u017eivjeti mirno i skromno. Ni to ne mo\u017eemo&#8221;, jada se nadalje.<\/p>\n\n\n\n<p>Kako otkriva, kad plate re\u017eije, ostane im doslovno za deset dana \u017eivota. &#8220;Kome se \u017ealiti? Prelazimo limit za bilo kakvu pomo\u0107 pri centru za socijalnu skrb. Sramota za dr\u017eavu. Smatram da bi nama sa manjim sta\u017eom mirovina trebala biti minimum 300 eura, a onima s vi\u0161e sta\u017ea neka daju vi\u0161e. Opet \u0107u ponoviti, sve su nam firme uni\u0161tili, ali mi smo nastavili raditi do 65. godine \u017eivota. Rad na crno smo prihvatili samo da bi pre\u017eivjeli!&#8221;, napominje gospo\u0111a Boba.<\/p><div id=\"mojev-2446536536\" class=\"mojev-u-tekstu mojev-entity-placement\" style=\"margin-left: auto;margin-right: auto;text-align: center;\"><div class=\"mojev-adlabel\">oglas<\/div><div style=\"height: 250px;\"><script async src=\"https:\/\/pagead2.googlesyndication.com\/pagead\/js\/adsbygoogle.js?client=ca-pub-8106111766207173\"\r\n     crossorigin=\"anonymous\"><\/script>\r\n<!-- Prikazni 1 u tekstu -->\r\n<ins class=\"adsbygoogle\"\r\n     style=\"display:block\"\r\n     data-ad-client=\"ca-pub-8106111766207173\"\r\n     data-ad-slot=\"8535551207\"\r\n     data-ad-format=\"auto\"\r\n     data-full-width-responsive=\"true\"><\/ins>\r\n<script>\r\n     (adsbygoogle = window.adsbygoogle || []).push({});\r\n<\/script><\/div><\/div><br style=\"clear: both; display: block; float: none;\"\/>\n\n\n\n<h3 class=\"wp-block-heading\">Umirovljenica iz Vara\u017edina: 41,8 godina sta\u017ea i 328 eura mirovine<\/h3>\n\n\n\n<p>I na\u0161a \u010ditateljica iz Vara\u017edina je ukazala na posljedice rada na crno. &#8220;U mirovinu sam oti\u0161la sa 60 godina starosti te 41 godinom i osam mjeseci radnog sta\u017ea. Moja mirovina je iznosila 2.475 kuna, \u0161to je 328 eura. Kada je trgova\u010dki centar VAMA Vara\u017edin, gdje sam radila kao prodava\u010dica, oti\u0161ao u ste\u010daj, mnoge \u017eene su koristile prava na Zavodu za zapo\u0161ljavanje te dobivale naknadu koja im je pripadala, sve do ispunjenja uvjeta za mirovinu. Uz to su mnoge od njih radile na crno. Ne i ja, koja sam se trudila ponovo negdje po\u0161teno zaposliti&#8221;, zapo\u010dela je obja\u0161njavati svoj slu\u010daj gospo\u0111a Vera, koja ima srednju stru\u010dnu spremu.<\/p>\n\n\n\n<p>Te \u017eene su, ka\u017ee, na Zavodu bile od 10 do 15 godina, ovisno o njihovoj \u017eivotnoj dobi. &#8220;Ja sam sebi uspijevala pronalaziti poslove i odradila sam tako prijavljena cijeli svoj sta\u017e. Ti poslovi nisu bili lagani jer sam primjerice zadnjih devet godina radila na poslovima \u010di\u0161\u0107enja hala u kojima je radilo gotovo 150 ljudi. To je bio te\u017eak fizi\u010dki rad za poslodavca u privatnom sektoru&#8221;, objasnila je.<\/p>\n\n\n\n<p>Danas, kad iscrpljena uspore\u0111uje svoju mirovinu i mirovinu biv\u0161ih kolegica koje su dobivale naknadu na Zavodu i povremeno novac u d\u017eep trpale radom na crno, \u010dega je bilo na svakom koraku, sve joj prisjedne.<\/p>\n\n\n\n<p>&#8220;Evo, na kraju ja imam ni 100 eura ve\u0107u mirovinu od kolegica koje su godinama bile kod ku\u0107e i ako su radile, bilo je to bez prijave. Mislim da to nije po\u0161teno i da taj zakon treba korigirati. Osmisliti treba izra\u010dun mirovine za \u017eene koje su odradile puni sta\u017e, a nama zakinutima retroaktivno izra\u010dunati i platiti mirovinu kakvu smo si zaslu\u017eile!&#8221;, poru\u010duje nadle\u017enima.<\/p>\n\n\n\n<h3 class=\"wp-block-heading\">Predugo je u dr\u017eavi vladao nered<\/h3>\n\n\n\n<p>Jo\u0161 je lani Savez samostalnih sindikata Hrvatske ukazivao na to da je, prema neslu\u017ebenim podacima, udio radnika na crno u slu\u017ebenom broju zaposlenih &#8211; \u010dak 10 posto, \u0161to je ogromna brojka od gotovo 150 tisu\u0107a ljudi. Dr\u017eava je ozbiljnije radu na crno odlu\u010dila stati na kraj tek po\u010detkom ove godine, kada je usvojen novi Zakon o suzbijanju neprijavljenog rada. S ovim je Zakonom ure\u0111en na\u010din prelaska radnika na crno u zakonite okvire, a uveden je tzv. stup srama za sve poslodavce koji ne prijavljuju radnike. Rije\u010d je o osnivanju javnog registra poslodavaca koji kr\u0161e novi zakon, \u010dime svi radnici koji tra\u017ee posao jasno mogu vidjeti koji su to poslodavci koji su provodili rad na crno. Paralelno postoji i lista poslodavaca kod kojih ne zapo\u0161ljavaju na crno.<\/p>\n\n\n\n<p>Zakon izme\u0111u ostalog poslodavcu u prekr\u0161aju nare\u0111uje da svakom radniku koji nije bio prijavljen mora isplatiti pla\u0107u i sva javna davanja dr\u017eavi za \u0161est mjeseci unatrag, po\u010dev\u0161i od dana utvr\u0111ivanja neprijavljenog rada. Ho\u0107e li nova borba protiv sive ekonomije dati bolje rezultate od svih dosada\u0161njih poku\u0161aja, pokazat \u0107e vrijeme. Radnici se tome mogu barem nadati, a umirovljenici koji su bili \u017ertve rada na crno moraju trpjeti posljedice. <\/p>\n\n\n\n<div id=\"crveno\"><\/p>\n\n\n\n<h3 class=\"wp-block-heading\">Zanima nas va\u0161a pri\u010da<\/h3>\n\n\n\n<p>\u017delite li i vi, posve anonimno, podijeliti svoje iskustvo i vi\u0111enje ove teme s nama i na\u0161im \u010ditateljima, mo\u017eete to u\u010diniti putem web obrasca <a rel=\"noreferrer noopener\" href=\"https:\/\/www.mojevrijeme.hr\/magazin\/povjerljivo\/\" target=\"_blank\">Povjerljivo<\/a>. Napi\u0161ite svoju pri\u010du!<\/p>\n\n\n\n<p><\/div>\n<div id=\"mojev-2006247016\" class=\"mojev-kraj-teksta mojev-entity-placement\" style=\"margin-bottom: 20px;margin-left: auto;margin-right: auto;text-align: center;\"><div class=\"mojev-adlabel\">oglas<\/div><div style=\"height: 250px;\"><script async src=\"https:\/\/pagead2.googlesyndication.com\/pagead\/js\/adsbygoogle.js?client=ca-pub-8106111766207173\"\r\n     crossorigin=\"anonymous\"><\/script>\r\n<!-- Display-1 -->\r\n<ins class=\"adsbygoogle\"\r\n     style=\"display:block\"\r\n     data-ad-client=\"ca-pub-8106111766207173\"\r\n     data-ad-slot=\"1465712950\"\r\n     data-ad-format=\"auto\"\r\n     data-full-width-responsive=\"true\"><\/ins>\r\n<script>\r\n     (adsbygoogle = window.adsbygoogle || []).push({});\r\n<\/script><\/div><\/div>","protected":false},"excerpt":{"rendered":"<p>Posljedice vi\u0161e desetljetnog neobuzdavanja rada na crno diljem Lijepe Na\u0161e trpe mnogi dana\u0161nji umirovljenici, \u010desto i bez svoje krivnje. Dr\u017eava je dopu\u0161tala, poslodavci iskori\u0161tavali, a radnici koji nisu imali drugog izbora, pristajali na sve. O tome u svojim pismima svjedo\u010de i na\u0161e \u010ditateljice.<\/p>\n","protected":false},"author":17,"featured_media":78075,"comment_status":"closed","ping_status":"closed","sticky":false,"template":"","format":"standard","meta":{"footnotes":""},"categories":[3552],"tags":[18,3583,237],"class_list":["post-77987","post","type-post","status-publish","format-standard","has-post-thumbnail","hentry","category-povjerljivo","tag-mirovine","tag-rad-na-crno","tag-siromastvo"],"_links":{"self":[{"href":"https:\/\/www.mojevrijeme.hr\/magazin\/wp-json\/wp\/v2\/posts\/77987","targetHints":{"allow":["GET"]}}],"collection":[{"href":"https:\/\/www.mojevrijeme.hr\/magazin\/wp-json\/wp\/v2\/posts"}],"about":[{"href":"https:\/\/www.mojevrijeme.hr\/magazin\/wp-json\/wp\/v2\/types\/post"}],"author":[{"embeddable":true,"href":"https:\/\/www.mojevrijeme.hr\/magazin\/wp-json\/wp\/v2\/users\/17"}],"replies":[{"embeddable":true,"href":"https:\/\/www.mojevrijeme.hr\/magazin\/wp-json\/wp\/v2\/comments?post=77987"}],"version-history":[{"count":0,"href":"https:\/\/www.mojevrijeme.hr\/magazin\/wp-json\/wp\/v2\/posts\/77987\/revisions"}],"wp:featuredmedia":[{"embeddable":true,"href":"https:\/\/www.mojevrijeme.hr\/magazin\/wp-json\/wp\/v2\/media\/78075"}],"wp:attachment":[{"href":"https:\/\/www.mojevrijeme.hr\/magazin\/wp-json\/wp\/v2\/media?parent=77987"}],"wp:term":[{"taxonomy":"category","embeddable":true,"href":"https:\/\/www.mojevrijeme.hr\/magazin\/wp-json\/wp\/v2\/categories?post=77987"},{"taxonomy":"post_tag","embeddable":true,"href":"https:\/\/www.mojevrijeme.hr\/magazin\/wp-json\/wp\/v2\/tags?post=77987"}],"curies":[{"name":"wp","href":"https:\/\/api.w.org\/{rel}","templated":true}]}}