{"id":78054,"date":"2023-06-24T07:41:16","date_gmt":"2023-06-24T05:41:16","guid":{"rendered":"https:\/\/www.mojevrijeme.hr\/magazin\/?p=78054"},"modified":"2023-06-24T08:14:25","modified_gmt":"2023-06-24T06:14:25","slug":"svi-se-pjene-oko-partizanskih-mirovina-zasto-im-ne-smetaju-ustaske-i-koliko-ih-isplacujemo","status":"publish","type":"post","link":"https:\/\/www.mojevrijeme.hr\/magazin\/2023\/06\/svi-se-pjene-oko-partizanskih-mirovina-zasto-im-ne-smetaju-ustaske-i-koliko-ih-isplacujemo\/","title":{"rendered":"Svi se pjene oko partizanskih mirovina. Za\u0161to im ne smetaju usta\u0161ke?"},"content":{"rendered":"\n<p>Rasprava o takozvanim partizanskim mirovinama kao da nema kraja. Vi\u0161e od 30 godina hrvatski politi\u010dari s desne margine poku\u0161avaju na ovoj temi u\u0161i\u0107ariti pokoji glas, dok portali s vremena na vrijeme iznova glo\u0111u ovu davno o\u010di\u0161\u0107enu kost.<\/p>\n\n\n\n<p>O\u010dekivano, ni komentatori na dru\u0161tvenim mre\u017eama ni u 2023. godini nisu odustali od &#8220;unuka koji prima dedinu partizansku mirovinu&#8221;. Jo\u0161 uvijek se tra\u017ei to mitsko bi\u0107e za koje svi znaju da postoji, tu je negdje me\u0111u nama, no nitko ne zna kako se zove, ni kako izgleda. Poput kakvog komunisti\u010dkog Jetija koji nas promatra iz sjene.<\/p>\n\n\n\n<p>Kao u filmu Harolda Ramisa, i na sam Dan antifa\u0161isti\u010dke borbe probudili smo se u &#8220;beskrajnom danu&#8221; tijekom kojeg su se prebrojavale partizanske udovice, analizirao se poguban utjecaj partizana na mirovinski sustav, a u bazenu hrvatskih Facebook komentatora zaronjeno je do najdubljih filozofskih dubina. &#8220;Je li antifa\u0161izam zaista bio antifa\u0161izam&#8221;, zapitali su se doju\u010dera\u0161nji <em>stru\u010dljaci<\/em> za epidemiologiju, a odnedavno i klimatolozi \u0161kolovani u najpresti\u017enijim Facebook grupama.<\/p><div id=\"mojev-1219249360\" class=\"mojev-u-tekstu mojev-entity-placement\" style=\"margin-left: auto;margin-right: auto;text-align: center;\"><div class=\"mojev-adlabel\">oglas<\/div><div style=\"height: 250px;\"><script async src=\"https:\/\/pagead2.googlesyndication.com\/pagead\/js\/adsbygoogle.js?client=ca-pub-8106111766207173\"\r\n     crossorigin=\"anonymous\"><\/script>\r\n<!-- Prikazni 1 u tekstu -->\r\n<ins class=\"adsbygoogle\"\r\n     style=\"display:block\"\r\n     data-ad-client=\"ca-pub-8106111766207173\"\r\n     data-ad-slot=\"8535551207\"\r\n     data-ad-format=\"auto\"\r\n     data-full-width-responsive=\"true\"><\/ins>\r\n<script>\r\n     (adsbygoogle = window.adsbygoogle || []).push({});\r\n<\/script><\/div><\/div><br style=\"clear: both; display: block; float: none;\"\/>\n\n\n\n<p>Svima pobrojanima, zajedni\u010dko je jedno: ne prebrojavaju usta\u0161ke mirovine, ne propitkuju tko ih prima ni kako je do\u0161lo do tih isplata, ne tvrde da mirovine primaju usta\u0161ki unuci i ne misle da je nemoralno ispla\u0107ivati mirovine nekada\u0161njim deklariranim fa\u0161istima. Usta\u0161e, razumljivo, i u 2023. godini odi\u0161u mladena\u010dkom svje\u017einom pa nikome ne pada na pamet pitati kako je mogu\u0107e da ih uop\u0107e ima. &#8220;Jesu li fa\u0161isti zaista bili fa\u0161isti&#8221;, tek \u0107e se nevino zapitati pokoji mudrac izrastao na plodnom intelektualnom supstratu dru\u0161tvenih mre\u017ea.<\/p>\n\n\n\n<h3 class=\"wp-block-heading\">Koliko se usta\u0161kih penzija ispla\u0107uje?<\/h3>\n\n\n\n<p>Pa ipak, za one rijetke koje to zanima, re\u0107i \u0107emo da je prema podacima Hrvatskog zavoda za mirovinsko osiguranje pripadnicima pora\u017eenih vojski iz drugog svjetskog rata u svibnju ispla\u0107eno 1.935 mirovina s prosje\u010dnim iznosom od 431 eura. Kategorija u kojoj se ispla\u0107uju ove mirovine po posebnim propisima nazvana je &#8220;Hrvatska domovinska vojska&#8221;.<\/p>\n\n\n\n<h3 class=\"wp-block-heading\">Kada je uvedena mirovina za usta\u0161e i domobrane?<\/h3>\n\n\n\n<p>Zastupni\u010dki dom Sabora 1993. godine donio je izmjene i dopune Zakona o mirovinskom i invalidskom osiguranju prema kojem se sta\u017e ra\u010duna u dvostrukom trajanju vremena koje je osiguranik proveo u sastavu Hrvatske domovinske vojske mobilizirane od 17. travnja 1941. do 15. svibnja 1945., odnosno, u zarobljeni\u0161tvu kao pripadnik hrvatske domovinske vojske u tom razdoblju, kao i vrijeme provedeno u zarobljeni\u0161tvu u razdoblju od 16. svibnja 1945. do otpu\u0161tanja iz zarobljeni\u0161tva.<\/p>\n\n\n\n<p>Time je ovoj kategoriji osiguranika prakti\u010dki omogu\u0107eno da imaju vi\u0161e ratnog sta\u017ea od recimo partizana kojima se sta\u017e priznaje od po\u010detka do kraja rata, tako\u0111er u dvostrukom trajanju. Zakon je donesen jednoglasno i bez saborske rasprave.<\/p>\n\n\n\n<h3 class=\"wp-block-heading\">Za\u0161to &#8220;Hrvatska domovinska vojska&#8221;?<\/h3>\n\n\n\n<p>Rije\u010d je o povijesnom falsifikatu, jer Hrvatska domovinska vojska nije nikada postojala. Oru\u017eane snage Nezavisne dr\u017eave hrvatske sastojale su se iz domobranstva, usta\u0161ke vojnice i oru\u017eni\u0161tva te drugih manjih segmenata poluvojne organizacije. Jasno je kakvu bi reakciju me\u0111unarodne zajednice izazvala vijest da Hrvatska uvodi posebne mirovine za pora\u017eenu kvislin\u0161ku vojsku (usta\u0161e), koja je ujedno imala i strana\u010dki karakter pa se pribjeglo ovom nazivu koji obuhva\u0107a sve i prikriva sve.<\/p>\n\n\n\n<h3 class=\"wp-block-heading\">Neki tvrde da usta\u0161e ne ulaze u ovu kategoriju?<\/h3>\n\n\n\n<p>Me\u0111u njima je i biv\u0161i hrvatski predsjednik Stjepan Mesi\u0107 koji je 1993. godine prilikom dono\u0161enja zakona bio predsjednik Sabora. &#8220;Obrazlo\u017eenje za taj zakon bilo je da mirovine trebaju dobiti pre\u017eivjeli domobrani jer oni su bili mobilizirani u NDH-azijsku vojsku i na njih se to odnosilo, na one koji su mobilizirani, a usta\u0161e su bili strana\u010dka vojska i na njih se to ne odnosi&#8221;, rekao je je Mesi\u0107 u svibnju 2015. za Novu TV.<\/p>\n\n\n\n<p>Pa ipak, u slu\u017ebenom obrascu za &#8220;va\u0111enje&#8221; podataka iz Hrvatskog dr\u017eavnog arhiva treba upisati je li tra\u017eitelj mirovine u 2. svjetskom ratu bio pripadnik Poglavnikovog tjelesnog zdruga (PTS), domobrana, usta\u0161a ili oru\u017enika te navesti razdoblje koje je u tim formacijama proveo, postrojbu, \u010din te odlikovanje ako ga je primio.<\/p>\n\n\n\n<h3 class=\"wp-block-heading\">Koja je procedura za priznavanje sta\u017ea u usta\u0161ama i domobranima?<\/h3>\n\n\n\n<p>Nakon dono\u0161enja zakona trebalo je temeljem gore spomenutog zahtjeva pretra\u017eiti Hrvatski dr\u017eavni arhiv u potrazi za dokumentima koji bi dokazali pripadnost spomenutim vojskama. Kada bi gra\u0111anin dobio potvrdu od Arhiva, ili ako bi posjedovao neki drugi sli\u010dan dokument, s njom bi trebao pokucati na vrata jedne od <strong>dvije udruge<\/strong> koje su mu potom izdale uvjerenje o pripadnosti vojskama NDH. Rije\u010d je o civilnom udrugama Dru\u0161tvo ratnih veterana Hrvatski domobran i Dru\u0161tvo biv\u0161ih vojnika regularne hrvatske vojske. S dobivenim uvjerenjem, gra\u0111anin bi odlazio u Hrvatski zavod za mirovinsko osiguranje koje bi provelo dokazni postupak i izdalo rje\u0161enje o mirovini.<\/p>\n\n\n\n<h3 class=\"wp-block-heading\">\u0160to je bilo s onima koji nisu mogli dobiti potvrdu iz Arhiva?<\/h3>\n\n\n\n<p>Ako gra\u0111anin nije imao nikakav pismeni dokument koji bi svjedo\u010dio o njegovu ratnom putu u usta\u0161ama ili domobranima, trebao bi spomenutim udrugama predo\u010diti fotografiju iz tog vremena i potvrditi da se u uniformi nalazi upravo on, dodu\u0161e pedesetak godina mla\u0111i. Ili bi morao donijeti potvrdu nadle\u017enog Ureda za obranu RH te ovjerene izjave dvaju svjedoka.<\/p>\n\n\n\n<p>Podsje\u0107a na neke druge pri\u010de, zar ne?<\/p>\n\n\n<div class=\"wp-block-image\">\n<figure class=\"aligncenter size-full\"><img loading=\"lazy\" decoding=\"async\" width=\"1459\" height=\"1187\" src=\"https:\/\/www.mojevrijeme.hr\/magazin\/wp-content\/uploads\/2023\/06\/ustaske-penzije-tablica.jpg\" alt=\"\" class=\"wp-image-78068\" srcset=\"https:\/\/www.mojevrijeme.hr\/magazin\/wp-content\/uploads\/2023\/06\/ustaske-penzije-tablica.jpg 1459w, https:\/\/www.mojevrijeme.hr\/magazin\/wp-content\/uploads\/2023\/06\/ustaske-penzije-tablica-636x517.jpg 636w, https:\/\/www.mojevrijeme.hr\/magazin\/wp-content\/uploads\/2023\/06\/ustaske-penzije-tablica-740x602.jpg 740w, https:\/\/www.mojevrijeme.hr\/magazin\/wp-content\/uploads\/2023\/06\/ustaske-penzije-tablica-768x625.jpg 768w\" sizes=\"auto, (max-width: 1459px) 100vw, 1459px\" \/><figcaption class=\"wp-element-caption\">izvor: HZMO<\/figcaption><\/figure>\n<\/div><div id=\"mojev-999501185\" class=\"mojev-kraj-teksta mojev-entity-placement\" style=\"margin-bottom: 20px;margin-left: auto;margin-right: auto;text-align: center;\"><div class=\"mojev-adlabel\">oglas<\/div><div style=\"height: 250px;\"><script async src=\"https:\/\/pagead2.googlesyndication.com\/pagead\/js\/adsbygoogle.js?client=ca-pub-8106111766207173\"\r\n     crossorigin=\"anonymous\"><\/script>\r\n<!-- Display-1 -->\r\n<ins class=\"adsbygoogle\"\r\n     style=\"display:block\"\r\n     data-ad-client=\"ca-pub-8106111766207173\"\r\n     data-ad-slot=\"1465712950\"\r\n     data-ad-format=\"auto\"\r\n     data-full-width-responsive=\"true\"><\/ins>\r\n<script>\r\n     (adsbygoogle = window.adsbygoogle || []).push({});\r\n<\/script><\/div><\/div>","protected":false},"excerpt":{"rendered":"<p>Kriti\u010dari partizanskih mirovina ne prebrojavaju usta\u0161ke mirovine, ne propitkuju tko ih prima ni kako je do\u0161lo do tih isplata, ne tvrde da mirovine primaju usta\u0161ki unuci i ne misle da je nemoralno ispla\u0107ivati mirovine nekada\u0161njim deklariranim fa\u0161istima.<\/p>\n","protected":false},"author":10,"featured_media":78060,"comment_status":"closed","ping_status":"closed","sticky":false,"template":"","format":"standard","meta":{"footnotes":""},"categories":[9],"tags":[18,934,1100],"class_list":["post-78054","post","type-post","status-publish","format-standard","has-post-thumbnail","hentry","category-vijesti","tag-mirovine","tag-povlastene-mirovine","tag-ustase"],"_links":{"self":[{"href":"https:\/\/www.mojevrijeme.hr\/magazin\/wp-json\/wp\/v2\/posts\/78054","targetHints":{"allow":["GET"]}}],"collection":[{"href":"https:\/\/www.mojevrijeme.hr\/magazin\/wp-json\/wp\/v2\/posts"}],"about":[{"href":"https:\/\/www.mojevrijeme.hr\/magazin\/wp-json\/wp\/v2\/types\/post"}],"author":[{"embeddable":true,"href":"https:\/\/www.mojevrijeme.hr\/magazin\/wp-json\/wp\/v2\/users\/10"}],"replies":[{"embeddable":true,"href":"https:\/\/www.mojevrijeme.hr\/magazin\/wp-json\/wp\/v2\/comments?post=78054"}],"version-history":[{"count":0,"href":"https:\/\/www.mojevrijeme.hr\/magazin\/wp-json\/wp\/v2\/posts\/78054\/revisions"}],"wp:featuredmedia":[{"embeddable":true,"href":"https:\/\/www.mojevrijeme.hr\/magazin\/wp-json\/wp\/v2\/media\/78060"}],"wp:attachment":[{"href":"https:\/\/www.mojevrijeme.hr\/magazin\/wp-json\/wp\/v2\/media?parent=78054"}],"wp:term":[{"taxonomy":"category","embeddable":true,"href":"https:\/\/www.mojevrijeme.hr\/magazin\/wp-json\/wp\/v2\/categories?post=78054"},{"taxonomy":"post_tag","embeddable":true,"href":"https:\/\/www.mojevrijeme.hr\/magazin\/wp-json\/wp\/v2\/tags?post=78054"}],"curies":[{"name":"wp","href":"https:\/\/api.w.org\/{rel}","templated":true}]}}