{"id":78249,"date":"2023-06-27T15:07:02","date_gmt":"2023-06-27T13:07:02","guid":{"rendered":"https:\/\/www.mojevrijeme.hr\/magazin\/?p=78249"},"modified":"2023-06-27T15:11:19","modified_gmt":"2023-06-27T13:11:19","slug":"gurnuta-sam-u-siromastvo-raditi-mi-ne-daju-stednju-je-pojeo-svicarac-ovo-je-prevara","status":"publish","type":"post","link":"https:\/\/www.mojevrijeme.hr\/magazin\/2023\/06\/gurnuta-sam-u-siromastvo-raditi-mi-ne-daju-stednju-je-pojeo-svicarac-ovo-je-prevara\/","title":{"rendered":"Gurnuta sam u siroma\u0161tvo, a raditi mi ne daju. Ovakva mirovina je prevara!"},"content":{"rendered":"\n<p>Gospo\u0111a Jelica svjedo\u010di da joj se pristanak na rad na pola radnog vremena kasnije u \u017eivotu obio o glavu. Radila je, ka\u017ee, redovito i du\u017ee od \u010detiri sata dnevno, a u ratu uop\u0107e nije pitala za radno vrijeme. Ravnatelj ustanove u kojoj je radila, ka\u017ee, unato\u010d njezinoj predanosti poslu nije se punih deset godina potrudio pobolj\u0161ati joj radne uvjete. Sada se sve to vidi na njezinoj mirovini.<\/p>\n\n\n\n<p>1982. godine zaposlila u djelatnosti socijalne skrbi. Od 1986. god. do 2006. bila je prijavljena na pola radnog vremena. &#8220;Tada se zapo\u010delo s tzv. eksperimentalnim radom i ja sam pristala raditi \u010detiri sata dnevno. Kad je to pro\u0161lo, ravnatelj me nije htio prijaviti na osam sati. A svih tih godina konstantno sam radila dulje, nisam ja bila privatnik pa da nakon 45 minuta savjetovanja ka\u017eem &#8216;va\u0161e vrijeme je isteklo, dovi\u0111enja&#8217;.&#8221;<\/p>\n\n\n\n<p>Tijekom rata radila je, obja\u0161njava, s prognanicima koji su bili smje\u0161teni u njihovoj ustanovi. Putovala je i u Rijeku gdje su tako\u0111er bili smje\u0161teni njihovi korisnici te bi tu ostajala po deset dana, njima na raspolaganju 24 sata dnevno. &#8220;Svoje sam dijete ostavljala kod ku\u0107e, samo da bih pomogla onima kojima zbog ratnog stanja vi\u0161e trebam. Naravno, to te\u0161ko ratno razdoblje nije nam priznato ni po kojoj osnovi&#8221;, tvrdi na\u0161a sugovornica.<\/p><div id=\"mojev-1529720769\" class=\"mojev-u-tekstu mojev-entity-placement\" style=\"margin-left: auto;margin-right: auto;text-align: center;\"><div class=\"mojev-adlabel\">oglas<\/div><div style=\"height: 250px;\"><script async src=\"https:\/\/pagead2.googlesyndication.com\/pagead\/js\/adsbygoogle.js?client=ca-pub-8106111766207173\"\r\n     crossorigin=\"anonymous\"><\/script>\r\n<!-- Prikazni 1 u tekstu -->\r\n<ins class=\"adsbygoogle\"\r\n     style=\"display:block\"\r\n     data-ad-client=\"ca-pub-8106111766207173\"\r\n     data-ad-slot=\"8535551207\"\r\n     data-ad-format=\"auto\"\r\n     data-full-width-responsive=\"true\"><\/ins>\r\n<script>\r\n     (adsbygoogle = window.adsbygoogle || []).push({});\r\n<\/script><\/div><\/div><br style=\"clear: both; display: block; float: none;\"\/>\n\n\n\n<h3 class=\"wp-block-heading\">Jo\u0161 je mogla i \u017eeljela raditi<\/h3>\n\n\n\n<p>Kad se napokon izborila za puno radno vrijeme, bavila se isklju\u010divo djecom s mentalnim poreme\u0107ajima i problemima u pona\u0161anju. &#8220;Posao je to u kojem ima malih pomaka, ali uz beskona\u010dno odricanje. No, svoj posao sam voljela iznad svega pa sam se, kad sam stekla uvjete za mirovinu, uspjela izboriti za godinu dana produljenja rada. Nakon toga htjela sam raditi jo\u0161 i dalje, a omogu\u0107ava mi to i Zakon o radu u kojem se navodi da je nastavak rada mogu\u0107 u dogovoru sa poslodavcem.&#8221;<\/p>\n\n\n\n<p>&#8220;I \u0161to se dogodilo? Iako sam jo\u0161 uvijek radno sposobna, iako je deficit kadrova mog zvanja, iako vlastodr\u0161ci zagovaraju dulji ostanak u svijetu rada, iako smo suo\u010deni s nepovoljnim starenjem stanovni\u0161tva, iako je socijalno-ekonomski kontekst nepovoljan (inflacija, uvo\u0111enje eura) \u2013 poslodavac me odbija i \u0161alje u mirovinu. Pritom se poslodavac kukavi\u010dki skriva iza mi\u0161ljenja kolektiva, \u0161to je neistina, \u010dista la\u017e. Naravno, poku\u0161avala sam se izboriti za zakonsko pravo, ali Ministarstvo rada, kabinet ministra, svi su me odbili!&#8221; navodi revoltirana gospo\u0111a Jelica.<\/p>\n\n\n\n<h3 class=\"wp-block-heading\">Razo\u010darana do bola<\/h3>\n\n\n\n<p>I tako je, tvrdi, gurnuta u siroma\u0161tvo. &#8220;Isprike svima s manjom mirovinom, ali i sa 513 eura mirovine treba znati pre\u017eivjeti. Zalihe nisam imala nikakve, jer sam tek dva mjeseca prije umirovljenja otplatila kredit &#8211; dio sam prevarene skupine slu\u010daja \u0161vicarski franak! K tome, znate, unato\u010d fami da su pla\u0107e u javnom ustanovama visoke, one to nisu, bilo je te\u0161ko s kreditom. A sad kad vidim svoja primanja u mirovini, osje\u0107am se prevarenom jer sam radila od svoje 25. do 66. godine \u017eivota, ipak je to 41 godina rada.&#8221;<\/p>\n\n\n\n<p>&#8220;Bio je to te\u017eak posao koji je uklju\u010divao djecu i mlade, a time i njihove obitelji, bez odgovaraju\u0107e roditeljske skrbi, kao i djecu i mlade sa problemima u pona\u0161anju. Voljela sam svoj posao i bila sam mu krajnje posve\u0107ena. Zauzvrat sam dobila ovu mirovinu s kojom doista treba znati pre\u017eivjeti&#8221;, pi\u0161e nam razo\u010darana umirovljenica Jelica.<\/p>\n\n\n\n<div id=\"crveno\"><\/p>\n\n\n\n<h3 class=\"wp-block-heading\">Zanima nas va\u0161a pri\u010da<\/h3>\n\n\n\n<p>\u017delite li i vi, posve anonimno, podijeliti svoje iskustvo i vi\u0111enje ove teme s nama i na\u0161im \u010ditateljima, mo\u017eete to u\u010diniti putem web obrasca <a rel=\"noreferrer noopener\" href=\"https:\/\/www.mojevrijeme.hr\/magazin\/povjerljivo\/\" target=\"_blank\">Povjerljivo<\/a>. Napi\u0161ite svoju pri\u010du!<\/p>\n\n\n\n<p><\/div>\n<div id=\"mojev-2912340277\" class=\"mojev-kraj-teksta mojev-entity-placement\" style=\"margin-bottom: 20px;margin-left: auto;margin-right: auto;text-align: center;\"><div class=\"mojev-adlabel\">oglas<\/div><div style=\"height: 250px;\"><script async src=\"https:\/\/pagead2.googlesyndication.com\/pagead\/js\/adsbygoogle.js?client=ca-pub-8106111766207173\"\r\n     crossorigin=\"anonymous\"><\/script>\r\n<!-- Display-1 -->\r\n<ins class=\"adsbygoogle\"\r\n     style=\"display:block\"\r\n     data-ad-client=\"ca-pub-8106111766207173\"\r\n     data-ad-slot=\"1465712950\"\r\n     data-ad-format=\"auto\"\r\n     data-full-width-responsive=\"true\"><\/ins>\r\n<script>\r\n     (adsbygoogle = window.adsbygoogle || []).push({});\r\n<\/script><\/div><\/div>","protected":false},"excerpt":{"rendered":"<p>Umirovljenica Jelica smatra se \u017ertvom niza okolnosti koje joj za radnog vijeka nisu i\u0161le na ruku &#8211; davala je sve od sebe, radila 41 godinu, a danas prima 513 eura mirovine. Ispri\u010dava se svima koji imaju manje od nje, ali s tom je mjese\u010dnom brojkom na ra\u010dunu, navodi, umjetnost pre\u017eivjeti. Osje\u0107a se, blago re\u010deno, obezvrije\u0111enom.<\/p>\n","protected":false},"author":17,"featured_media":78393,"comment_status":"closed","ping_status":"closed","sticky":false,"template":"","format":"standard","meta":{"footnotes":""},"categories":[3552],"tags":[18,1342,237],"class_list":["post-78249","post","type-post","status-publish","format-standard","has-post-thumbnail","hentry","category-povjerljivo","tag-mirovine","tag-rad-uz-mirovinu","tag-siromastvo"],"_links":{"self":[{"href":"https:\/\/www.mojevrijeme.hr\/magazin\/wp-json\/wp\/v2\/posts\/78249","targetHints":{"allow":["GET"]}}],"collection":[{"href":"https:\/\/www.mojevrijeme.hr\/magazin\/wp-json\/wp\/v2\/posts"}],"about":[{"href":"https:\/\/www.mojevrijeme.hr\/magazin\/wp-json\/wp\/v2\/types\/post"}],"author":[{"embeddable":true,"href":"https:\/\/www.mojevrijeme.hr\/magazin\/wp-json\/wp\/v2\/users\/17"}],"replies":[{"embeddable":true,"href":"https:\/\/www.mojevrijeme.hr\/magazin\/wp-json\/wp\/v2\/comments?post=78249"}],"version-history":[{"count":0,"href":"https:\/\/www.mojevrijeme.hr\/magazin\/wp-json\/wp\/v2\/posts\/78249\/revisions"}],"wp:featuredmedia":[{"embeddable":true,"href":"https:\/\/www.mojevrijeme.hr\/magazin\/wp-json\/wp\/v2\/media\/78393"}],"wp:attachment":[{"href":"https:\/\/www.mojevrijeme.hr\/magazin\/wp-json\/wp\/v2\/media?parent=78249"}],"wp:term":[{"taxonomy":"category","embeddable":true,"href":"https:\/\/www.mojevrijeme.hr\/magazin\/wp-json\/wp\/v2\/categories?post=78249"},{"taxonomy":"post_tag","embeddable":true,"href":"https:\/\/www.mojevrijeme.hr\/magazin\/wp-json\/wp\/v2\/tags?post=78249"}],"curies":[{"name":"wp","href":"https:\/\/api.w.org\/{rel}","templated":true}]}}