{"id":78379,"date":"2023-06-28T08:47:45","date_gmt":"2023-06-28T06:47:45","guid":{"rendered":"https:\/\/www.mojevrijeme.hr\/magazin\/?p=78379"},"modified":"2023-06-28T08:48:09","modified_gmt":"2023-06-28T06:48:09","slug":"zivana-65-muz-trpa-u-kosaru-i-ceka-da-ja-platim-nisam-se-trebala-udati-za-njega","status":"publish","type":"post","link":"https:\/\/www.mojevrijeme.hr\/magazin\/2023\/06\/zivana-65-muz-trpa-u-kosaru-i-ceka-da-ja-platim-nisam-se-trebala-udati-za-njega\/","title":{"rendered":"\u017divana (65): Mu\u017e trpa u ko\u0161aru i \u010deka da ja platim, nisam se trebala udati za njega"},"content":{"rendered":"\n<p>U vrijeme uo\u010di Domovinskog rata, na po\u010detku tranzicije, udala se na\u0161a \u010ditateljica <strong>\u017diva<\/strong>. Napominje to na po\u010detku svog pisma zato, \u0161to je to bilo nesretno vrijeme za sretni po\u010detak &#8211; njezin suprug bio \u017ertva katastrofalnog niza propadanja nekada\u0161njih tvornica te je izgubio posao. Problem na\u0161e \u010ditateljice le\u017ei u tome \u0161to se on nikad nije vratio na tr\u017ei\u0161te rada, ve\u0107e je, tvrdi, za sve iskori\u0161tavao nju.<\/p>\n\n\n\n<p>\u201dJa sam radila u velikoj tvornici. \u017divjeli smo u Vukovarskoj ulici, bilo je te\u0161ko jer nismo imali ni vodu. Sve tro\u0161kove sam ja pokrivala, k tome sam financijski pomagala svoje roditelje i pla\u0107ala otkup stana u kojem je \u017eivjela svekrva.&#8221;<\/p>\n\n\n\n<p>&#8220;Nakon nekoliko desetlje\u0107a u ku\u0107i u kojoj smo \u017eivjeli, odlu\u010dili smo je prodati. Uspjeli smo je zamijeniti za dva stana, ali nisu nam pripala oba, jer ku\u0107a nije bila moja u cijelosti, ve\u0107 je druga polovica pripadala mojoj sestri\u010dni. I dok sam ja odradila tu sav posao, ona prstom oko toga nije mrdnula, a dobila je isto&#8221;, objasnila je svoje nezadovoljstvo gospo\u0111a \u017divana.<\/p><div id=\"mojev-2933848592\" class=\"mojev-u-tekstu mojev-entity-placement\" style=\"margin-left: auto;margin-right: auto;text-align: center;\"><div class=\"mojev-adlabel\">oglas<\/div><div style=\"height: 250px;\"><script async src=\"https:\/\/pagead2.googlesyndication.com\/pagead\/js\/adsbygoogle.js?client=ca-pub-8106111766207173\"\r\n     crossorigin=\"anonymous\"><\/script>\r\n<!-- Prikazni 1 u tekstu -->\r\n<ins class=\"adsbygoogle\"\r\n     style=\"display:block\"\r\n     data-ad-client=\"ca-pub-8106111766207173\"\r\n     data-ad-slot=\"8535551207\"\r\n     data-ad-format=\"auto\"\r\n     data-full-width-responsive=\"true\"><\/ins>\r\n<script>\r\n     (adsbygoogle = window.adsbygoogle || []).push({});\r\n<\/script><\/div><\/div><br style=\"clear: both; display: block; float: none;\"\/>\n\n\n\n<p>Iznad te bi se nepravde jo\u0161 i nekako uzdigla, ali kako opisuje, u njezinom su \u017eivotu postojali puno ve\u0107i problemi od toga. &#8220;Najve\u0107i problem je moj suprug. On nije imao prihoda pa sam uvijek ja bila ta koja je sve pla\u0107ala. Kupila sam mu auto, \u0161kolovala sam na\u0161u djecu. Sad kad sam u\u0161la u mirovinu, dosta mi je svega, a on i dalje o\u010dekuje da nastavim kao i kad je tu bila pla\u0107a. A moji su se prihodi sada doslovno prepolovili&#8221;, o\u010dajna je na\u0161a \u010ditateljica.<\/p>\n\n\n\n<p>Stra\u0161no ju ljuti, mo\u017eemo zaklju\u010diti, jer je jo\u0161 i bezobziran. &#8220;I sad kad bi ja trebala imati malo mira za sebe, on mi i dalje pu\u0161e za vratom. Kad idemo u du\u0107an, stavlja u ko\u0161aru i \u010deka da platim&#8221;, pi\u0161e nam.<\/p>\n\n\n\n<p>Bra\u010dni par ima i dvojicu sinova koji jo\u0161 uvijek \u017eive s njima. Ni s njima gospo\u0111a \u017divana nije zadovoljna, jer ih je visoko od\u0161kolovala i u\u010dila ih da se zaposle i stvaraju, a oni do svoje 36. godine nisu bili u stanju prona\u0107i stalan posao. &#8220;De\u010dki su tek sad po\u010deli raditi, a imaju ve\u0107 36 godina. Puno \u0161kole i stalno neki povremen poslovi. Tri mu\u0161karca, a svi, posebno mu\u017e, o\u010dekuju da ja guram i dalje&#8221;, jada se.<\/p>\n\n\n\n<p>Potom je rekla i da su de\u010dki po\u010deli snositi dio tro\u0161kova za ku\u0107ne re\u017eije, ali da suprug o\u010dekuje da \u0107e ostatak platiti ona. To ju krajnje nervira. Nije napisala koliko on dobiva otkako ima uvjete za starosnu mirovinu, ali pretpostavljamo da je to vrlo malo, ako ve\u0107i dio \u017eivota nije radio. Kako bilo, na\u0161a \u010ditateljica smatra da nije lijepo stavljati uteg samo na njezinu stranu.<\/p>\n\n\n\n<p>&#8220;Ne mogu vi\u0161e. Mislim da bi on sad trebao nastupiti kao mu\u0161karac. Kako god zna i umije. Sve je zaboravio&#8230; a ja doista ne mogu vi\u0161e. Bavim se mi\u0161lju da odem. Pogrije\u0161ila sam \u0161to sam se udala za njega&#8221;, zaklju\u010duje svoje pismo gospo\u0111a \u017divana.<\/p>\n\n\n\n<div id=\"crveno\"><\/p>\n\n\n\n<h3 class=\"wp-block-heading\">Zanima nas va\u0161a pri\u010da<\/h3>\n\n\n\n<p>\u017delite li i vi, posve anonimno, podijeliti svoje iskustvo i vi\u0111enje ove teme s nama i na\u0161im \u010ditateljima, mo\u017eete to u\u010diniti putem web obrasca <a rel=\"noreferrer noopener\" href=\"https:\/\/www.mojevrijeme.hr\/magazin\/povjerljivo\/\" target=\"_blank\">Povjerljivo<\/a>. Napi\u0161ite svoju pri\u010du!<\/p>\n\n\n\n<p><\/div>\n<div id=\"mojev-3301490929\" class=\"mojev-kraj-teksta mojev-entity-placement\" style=\"margin-bottom: 20px;margin-left: auto;margin-right: auto;text-align: center;\"><div class=\"mojev-adlabel\">oglas<\/div><div style=\"height: 250px;\"><script async src=\"https:\/\/pagead2.googlesyndication.com\/pagead\/js\/adsbygoogle.js?client=ca-pub-8106111766207173\"\r\n     crossorigin=\"anonymous\"><\/script>\r\n<!-- Display-1 -->\r\n<ins class=\"adsbygoogle\"\r\n     style=\"display:block\"\r\n     data-ad-client=\"ca-pub-8106111766207173\"\r\n     data-ad-slot=\"1465712950\"\r\n     data-ad-format=\"auto\"\r\n     data-full-width-responsive=\"true\"><\/ins>\r\n<script>\r\n     (adsbygoogle = window.adsbygoogle || []).push({});\r\n<\/script><\/div><\/div>","protected":false},"excerpt":{"rendered":"<p>Cijeli je \u017eivot podmetala le\u0111a roditeljima, svekrvi, suprugu i sinovima. Najvi\u0161e je u obitelji zara\u0111ivala, pa je nesebi\u010dno davala. Sada, kad je do\u0161la u mirovinu i za\u017eeljela se predaha, osje\u0107a da je svi nastavljaju iskori\u0161tavati, a njezina je pipa \u2013 presu\u0161ila. O\u010dajna je i po\u017ealila nam se da razmi\u0161lja sve ostaviti i oti\u0107i iz te nezahvalne situacije.<\/p>\n","protected":false},"author":17,"featured_media":78419,"comment_status":"closed","ping_status":"closed","sticky":false,"template":"","format":"standard","meta":{"footnotes":""},"categories":[3552],"tags":[304,1271,3453,1436],"class_list":["post-78379","post","type-post","status-publish","format-standard","has-post-thumbnail","hentry","category-povjerljivo","tag-brak","tag-financije","tag-financijsko-iskoristavanje","tag-povjerljivo"],"_links":{"self":[{"href":"https:\/\/www.mojevrijeme.hr\/magazin\/wp-json\/wp\/v2\/posts\/78379","targetHints":{"allow":["GET"]}}],"collection":[{"href":"https:\/\/www.mojevrijeme.hr\/magazin\/wp-json\/wp\/v2\/posts"}],"about":[{"href":"https:\/\/www.mojevrijeme.hr\/magazin\/wp-json\/wp\/v2\/types\/post"}],"author":[{"embeddable":true,"href":"https:\/\/www.mojevrijeme.hr\/magazin\/wp-json\/wp\/v2\/users\/17"}],"replies":[{"embeddable":true,"href":"https:\/\/www.mojevrijeme.hr\/magazin\/wp-json\/wp\/v2\/comments?post=78379"}],"version-history":[{"count":0,"href":"https:\/\/www.mojevrijeme.hr\/magazin\/wp-json\/wp\/v2\/posts\/78379\/revisions"}],"wp:featuredmedia":[{"embeddable":true,"href":"https:\/\/www.mojevrijeme.hr\/magazin\/wp-json\/wp\/v2\/media\/78419"}],"wp:attachment":[{"href":"https:\/\/www.mojevrijeme.hr\/magazin\/wp-json\/wp\/v2\/media?parent=78379"}],"wp:term":[{"taxonomy":"category","embeddable":true,"href":"https:\/\/www.mojevrijeme.hr\/magazin\/wp-json\/wp\/v2\/categories?post=78379"},{"taxonomy":"post_tag","embeddable":true,"href":"https:\/\/www.mojevrijeme.hr\/magazin\/wp-json\/wp\/v2\/tags?post=78379"}],"curies":[{"name":"wp","href":"https:\/\/api.w.org\/{rel}","templated":true}]}}