{"id":78505,"date":"2023-07-01T08:50:53","date_gmt":"2023-07-01T06:50:53","guid":{"rendered":"https:\/\/www.mojevrijeme.hr\/magazin\/?p=78505"},"modified":"2023-07-07T16:17:09","modified_gmt":"2023-07-07T14:17:09","slug":"limar-marijan-s-krova-sestinske-crkve-da-mi-je-vidjeti-robota-koji-ce-me-zamijeniti","status":"publish","type":"post","link":"https:\/\/www.mojevrijeme.hr\/magazin\/2023\/07\/limar-marijan-s-krova-sestinske-crkve-da-mi-je-vidjeti-robota-koji-ce-me-zamijeniti\/","title":{"rendered":"Limar Marijan s krova \u0160estinske crkve: Da mi je vidjeti robota koji \u0107e me zamijeniti"},"content":{"rendered":"\n<p>Du\u017ei razgovor s <strong>Marijanom \u0160uleki\u0107em<\/strong>, 50-godi\u0161njim monterom instalacija specijaliziranim za limariju i vodoinstalacije, ipak smo dogovorili za nave\u010der, kada se od napornog i opasnog fizi\u010dkog posla opu\u0161ta uz obitelj.<\/p>\n\n\n\n<p>Kroz zanimljiv nam je razgovor odgovorio na klju\u010dno pitanje o kojem se ovih dana vodi javna polemika \u2013 trebaju li u Hrvatskoj fizi\u010dki radnici, kao u mnogim EU dr\u017eavama, i\u0107i u raniju punu mirovinu. Ako pitate na\u0161eg limara Marijana &#8211; trebaju, a nakon razgovora s njim postaje jasnije i za\u0161to.<\/p>\n\n\n\n<p>Dok smo dogovarali intervju, gospodin \u0160uleki\u0107 poslao nam je <em>selfije<\/em> sa \u0161iljatog krova \u0161estinske crkve, a nama se isti tren zavrtilo u glavi. &#8220;Kaj je vama, kaj se bojite, pa ja bi se prije popiknul na asfaltu dole, neg&#8217; ovdje na krovu. Meni je to k&#8217;o dobar dan&#8221;, uzviknuo je dobrano povi\u0161enim tonom, jer je zvuk ometao jak vjetar na krovu.<\/p><div id=\"mojev-4158738904\" class=\"mojev-u-tekstu mojev-entity-placement\" style=\"margin-left: auto;margin-right: auto;text-align: center;\"><div class=\"mojev-adlabel\">oglas<\/div><div style=\"height: 250px;\"><script async src=\"https:\/\/pagead2.googlesyndication.com\/pagead\/js\/adsbygoogle.js?client=ca-pub-8106111766207173\"\r\n     crossorigin=\"anonymous\"><\/script>\r\n<!-- Prikazni 1 u tekstu -->\r\n<ins class=\"adsbygoogle\"\r\n     style=\"display:block\"\r\n     data-ad-client=\"ca-pub-8106111766207173\"\r\n     data-ad-slot=\"8535551207\"\r\n     data-ad-format=\"auto\"\r\n     data-full-width-responsive=\"true\"><\/ins>\r\n<script>\r\n     (adsbygoogle = window.adsbygoogle || []).push({});\r\n<\/script><\/div><\/div><br style=\"clear: both; display: block; float: none;\"\/>\n\n\n\n<p>Kasnije doznajemo da on po cijele dane visi s krovova zgrada, crkava, dvoraca, bolnica, hotela i muzeja, i to po suncu, snijegu, na vjetru i nerijetko na 50 metara visine. Iz prve ruke nam je opisao kako izgleda njegov posao i za\u0161to smatra da se mu\u0161karci koji rade takav fizi\u010dki posao \u010desto &#8220;potro\u0161e&#8221; i prije nego \u0161to do\u010dekaju uvjete za starosnu mirovinu.<\/p>\n\n\n\n<h3 class=\"wp-block-heading\">Usijanje na crnom limenom krovu<\/h3>\n\n\n\n<p>&#8220;Evo, bilo je 35 stupnjeva u Zagrebu kad smo radili crnu krovnu limariju na jednoj zgradi u Trnju. Na u\u017earenom krovu vam je to barem jedno pet stupnjeva vi\u0161e. To nisi mogao izdr\u017eati, mi smo morali \u0161kare za lim nositi u hlad, ne mo\u017ee\u0161 ih dr\u017eati u ruci koliko se usiju. Imali smo posebne bijele rukavice da mo\u017eemo ne\u0161to primiti, a popili smo po osam litara vode, \u0161to je sve oti\u0161lo kroz znoj&#8221;, pri\u010da nam &#8220;\u010dari&#8221; svog posla gospodin Marijan.<\/p>\n\n\n\n<p>Bio je, ka\u017ee, me\u0111u prvima i na terenu nakon potresa u Zagrebu. &#8220;To su bili opasni manevri, eh \u0161to smo mi sve tada odra\u0111ivali. Vi nikad niste znali \u0161to \u0107e se dalje uru\u0161iti, a morate sanirati i spa\u0161avati \u0161to se mo\u017ee. Glava je meni i kolegama tada stvarno bila u torbi&#8221;, ka\u017ee ponosni <strong>otac Dore<\/strong>, studentice lingvistike i fonetike na Filozofskom fakultetu <strong>i Frana<\/strong>, srednjo\u0161kolca koji je prvi razred II. gimnazije pro\u0161ao s odli\u010dnim uspjehom. Iako je sin uz oca nau\u010dio sve u ku\u0107i popraviti, ipak ne\u0107e njegovim stopama. &#8220;Njega vi\u0161e zanimaju hardver i sofver, i neka&#8221;, rekao nam je gospodin \u0160uleki\u0107.<\/p>\n\n\n\n<p>Upitamo ga potom brine li suprugu, po zanimanju ra\u010dunovotkinju, to \u0161to se svakodnevno vere po krovovima, fasadama, terasama, i \u0161to se fizi\u010dki iscrpljuje. &#8220;Ona zna da ja volim sebe, i da volim svoju obitelj i da zato jako pazim na sebe. Pa ovaj posao radim ve\u0107 32 godine, od svoje 18., jo\u0161 sam klinac bio kad sam po\u010dinjao. Prihvatila je to&#8221;, odgovara nam.<\/p>\n\n\n\n<h3 class=\"wp-block-heading\">Pla\u0107e od 800 do 1.500 eura<\/h3>\n\n\n\n<p>Radi, pri\u010da nam, u tvrtki s devet zaposlenih. &#8220;Ovo mi je sedma firma za koju radim i jako sam zadovoljan sa \u0161efom i uvjetima rada, ja to zovem &#8216;sedma sre\u0107a&#8217;, to je Bo\u017eji broj. Sada dodu\u0161e pregovaram za ve\u0107u pla\u0107u, ali drago mi je \u0161to je \u0161ef spreman za svaki dogovor i mislim da zna koliko mu vrijedi \u010dovjek s tri desetlje\u0107a radnog iskustva&#8221;, povjerava nam. Kako ka\u017ee, pla\u0107e pomo\u0107nog radnika kre\u0107u se oko 800 eura, a &#8220;starija postava&#8221; mo\u017ee imati do nekih 1.500 eura.<\/p>\n\n\n\n<p>Je li isto ovaj posao raditi s 18, 25 ili pedeset godina, upitamo ga potom. &#8220;Ma kakvi, ni u snovima. Pa kaj vam je, tu oko pedesete vidite polako gdje ste i \u0161to ste. Vidim ja po sebi, nije to vi\u0161e isto, po cijele se dane verati. I nije samo to, treba \u010dovjeku za ovaj posao osim fizi\u010dke spremnosti i dobro oko, dobra procjena, tu je tolerancije na strah od visine nula. Kad je moj kolega letio s krova, a ja ga zgrabio za ruku, on mene nije povukel ni milimetra. Toliko o snazi&#8221;, govori \u0160uleki\u0107. Pita se, naravno, i on: do kad mogu tako? &#8220;Ja bi delal zauvijek kaj se mene ti\u010de, jer ja ovaj svoj posel volim. A budem li mogel, e to je ve\u0107 upitno&#8221;, ka\u017ee nam.<\/p>\n\n\n\n<h3 class=\"wp-block-heading\">Ljepote iz pti\u010dje perpektive<\/h3>\n\n\n\n<p>Najljep\u0161e je, ka\u017ee, kad u sedam ujutro s krova neke od gradskih zgrada promatra pti\u0107e kako hrane mlade, slu\u0161a cvrkut, gleda kako se budi grad, ljudi izlaze na ulice. &#8220;Onda u deset \u010dujem kak netko govori da mu treba kava da se razbudi, a ja sam ve\u0107 tolko odradil da bi tad mogel ve\u0107 i grah sa zeljem pojest&#8221;, ka\u017ee na\u0161 \u0161aljiv sugovornik.<\/p>\n\n\n\n<p>Njegove su subote radne, osim ako se unaprijed dogovori za slobodno. &#8220;Ne radim ba\u0161 svaku subotu, ali \u010desto su radne. No, nije stvar ni samo u subotama, jer radim i po terenu, kad sam u Istri, na Cresu ili u Dalmaciji po tjedan, dva, a da ne idem ku\u0107i uop\u0107e. Evo primjerice imali smo u Istri posao koji je trajao skoro godinu dana i tada sam ku\u0107i i\u0161ao tek svaki drugi vikend. Kad smo ja i moja obitelj, koju volim vi\u0161e od svega, to pre\u017eivjeli, \u0161to\u0161ta \u0107emo i mo\u017eemo&#8221;, govori nam. <\/p>\n\n\n\n<h3 class=\"wp-block-heading\">Zgode i nezgode<\/h3>\n\n\n\n<p>Bilo je u njegovom poslu, ma koliko on spretan majstor bio, i nezgoda. &#8220;Nosio sam jednom prilikom vrlo duga\u010dak lim, koji mi je zaklonio pogled, odnosno dogodio se takozvani mrtvi kut kad nisam vidio da \u0107u stati na salonit plo\u010du, pa sam propao metar i pol na tavan od zgrade. Sav sam se netukel, al&#8217; sam se dobro uhvatil da nisam ni\u0161 polomil&#8221;, ispri\u010dao je na\u0161 sugovornik. Jednom se tako sav natukao i kad je pao s \u010detiri metra visine, no pratila ga je sre\u0107a i nije imao prijeloma, \u0161to se nekima, svjedo\u010di, dogodi i pri padu s metra i pol.<\/p>\n\n\n\n<p>Imao je, ka\u017ee, i bliski susret s inspektorom, koji mu je rekao da mora biti vezan dok je na krovu benzinske crpke. &#8220;Tam nema ni antena, ni dimnjaka, ni gromobrana, ama ba\u0161 ni\u0161ta za kaj bih se mogel zavezati. On meni da moram biti vezan, a ja njemu uporno da mi poka\u017ee za kaj da se zave\u017eem. Ne razumiju ljudi da ponekad ima\u0161 glavu u torbi jer jednostavno nema\u0161 uvjete za za\u0161titi se&#8221;, otkriva.<\/p>\n\n\n\n\n\n<p>Osim nezgoda, pri\u010da nam, bilo je tu i puno &#8211; zgoda. &#8220;Nekad, prije skela, radili smo na mornarskim ljestvama, to su vam one ljestve od u\u017eadi kaj ih spustite s krova zgrade po fasadi, a se\u017eu do prizemlja. I tak sam se ja spu\u0161tal po njima kat po kat, kat po kat, dok nisam do\u0161el do stana u kojem je jedna starija gospo\u0111a gledala kroz prozor dok je kuhala kavu. Kad me ugledala, tak je vrisnula, kaj da duha vidi. Ja sam joj sam pribrano rekel da molim jednu ja\u010du crnu. Pa nam je uz kavu iznijela i kola\u010de. Eto tak, sva\u0161ta se nagledamo. Nekad nehotice vidimo i ove djevojke \u0161to se u toplesu sun\u010daju po balkonima, al smo pristojni kak se to ve\u0107 prili\u010di i ne smetamo im, ipak sam ja stara \u0161kola&#8221;, ka\u017ee nam.<\/p>\n\n\n\n<h3 class=\"wp-block-heading\">Ho\u0107e li robot k Barici?<\/h3>\n\n\n\n<p>Pa dobro, gospodine \u0160uleki\u0107, za\u0161to se vi to stalno verete po krovovima, kad ka\u017eu da fizi\u010dke poslove danas odra\u0111uju strojevi, da je puno toga robotizirano i da vam ne treba beneficirani radni sta\u017e? &#8220;Po\u0161aljite vi meni robota na vrh \u0161estinske crkve, da ga ja vidim kak bu on tu detektiral i postavil sve kak se spada. Onda ga po\u0161aljite k gospo\u0111i Barici u Mamuticu u Novom Zagrebu, na peti kat, da utvrdi s njom kaj joj curi, gdje joj curi, da joj izra\u010duna kolko ko\u0161ta popravak i veli kad bu to napravil. Pa ak morti curi izvana nek se kroz prozor popne van na krov od terase, slika joj krovi\u0161te, poka\u017ee i objasni kaj bu to\u010dno delal. Prosim lepo. Onda nek se k Barici vrati delati z onim te\u0161kim alatom, nek sam dotegli sve kaj treba&#8221;, nasmijao nas je i opet na\u0161 sugovornik Marijan, ali to ga je pitanje ba\u0161 raspirilo, pa je jo\u0161 dodao:<\/p>\n\n\n\n<p>&#8220;I kaj bu robot na nekom prastarom grbavom krovu? Ma da on u Svetom Kri\u017eu Za\u010dretje vidi kak izgledaju grede na dvorcu iz 18. stolje\u0107a, ne bi se dobro proveo. To je jo\u0161 i spomenik kulture, a za sve to ak nema\u0161 zdravo oko, iskustvo i zdrav razum, zaboravi na uspjeh saniranja&#8221;, uvjeren je. Ka\u017ee da je robot sjajan izum za rad na traci u tvornici, ali u njegovom su poslu takve ideje smije\u0161ne &#8211; barem zasad.<\/p>\n\n\n\n<h3 class=\"wp-block-heading\">Ovaj posao nije za svakoga<\/h3>\n\n\n\n<p>I dok se mnogi tresu kad se popnu ma metar i pol visine, gospodin \u0160uleki\u0107 ukazuje na to da i za ovaj posao \u010dovjek mora imati posebne sposobnosti: &#8220;Meni vam je svejedno radim ja na drugom ili 22. katu. Mene visine jednostavno nije strah. A onda kad na nekom gradili\u0161tu tra\u017eimo pomo\u0107 nekog gra\u0111evinca da nam usko\u010di nekaj pridr\u017eat, a vidimo da se boji ve\u0107 s metra, po\u0161aljemo ga na zemlju isti \u010das. Znamo mi kaj su visine i da to ne mre svatko. Ja primjerice, ako skela nema ogradu, mogu sve normalno odraditi. Mnogi ne mogu bez ograde, ona vam ipak daje dojam kao da ste na nekom \u010dvrstom betonskom balkonu&#8221;, napominje. Najvi\u0161e gdje je radio bio je silos u Kri\u017eevcima. &#8220;Taj je bil visok 70 metara. Meni ni tu nije bio problem odraditi sve kaj treba&#8221;, ka\u017ee.<\/p>\n\n\n\n<h3 class=\"wp-block-heading\">U po\u010decima &#8211; rad na crno<\/h3>\n\n\n\n<p>Kad je tek po\u010dinjao, kazne za poslodavce koji su zapo\u0161ljavali na crno bile su &nbsp;puno manje nego danas, pa \u0107e mu nedostajati i desetlje\u0107e sta\u017ea. &#8220;Pristajali smo tada na sve, danas se to sre\u0107om promijenilo, ne isplati se poslodavcima vi\u0161e riskirati. \u0160teta onih mojih godina tijekom kojih nisam bio prijavljen, ali kasno je sada za kajanje&#8221;, iskren je na\u0161 Marijan kojeg znaju ne samo svi susjedi u njegovoj zgradi, nego i u cijeloj ulici, pa ga \u010desto zivkaju nakon posla da provjeri ne\u0161to s vodoinstalacijama i limom. &#8220;A kak da im velim da ne\u0107u ili da nemam vremena za njih? Odem, popravim, ipak sam ja stara \u0161kola, susjedu treba pomo\u0107i&#8221;, ka\u017ee nam.<\/p>\n\n\n\n<h3 class=\"wp-block-heading\">Ah, ta punica<\/h3>\n\n\n\n<p>A kad do\u010deka slobodnu nedjelju, povjerava nam, zove punica. &#8220;\u010cim me nazove i pita me, \u010duj Marijan\u010dek, jesi ti za kotlovinu, ja odmah unaprijed znam \u0161to je posrijedi i velim: &#8216;Ma dobro, punica, dajte mi samo pripremite benzin za kosilicu.&#8217; A pokosim joj, kaj \u0107u s njom&#8221;, nasmijao nas je.<\/p>\n\n\n\n<p>Kad smo ga pitali \u0161to mu u njegovom poslu najte\u017ee pada, i opet nam je izmamio osmijeh na lice: &#8220;Cigla&#8221;, ka\u017ee kratko i jasno.<\/p>\n<div id=\"mojev-1239623082\" class=\"mojev-kraj-teksta mojev-entity-placement\" style=\"margin-bottom: 20px;margin-left: auto;margin-right: auto;text-align: center;\"><div class=\"mojev-adlabel\">oglas<\/div><div style=\"height: 250px;\"><script async src=\"https:\/\/pagead2.googlesyndication.com\/pagead\/js\/adsbygoogle.js?client=ca-pub-8106111766207173\"\r\n     crossorigin=\"anonymous\"><\/script>\r\n<!-- Display-1 -->\r\n<ins class=\"adsbygoogle\"\r\n     style=\"display:block\"\r\n     data-ad-client=\"ca-pub-8106111766207173\"\r\n     data-ad-slot=\"1465712950\"\r\n     data-ad-format=\"auto\"\r\n     data-full-width-responsive=\"true\"><\/ins>\r\n<script>\r\n     (adsbygoogle = window.adsbygoogle || []).push({});\r\n<\/script><\/div><\/div>","protected":false},"excerpt":{"rendered":"<p>Limara Marijana \u0160uleki\u0107a nazvali smo u vrlo nezgodnom trenutku \u2013 bio je na visini od 45 metara, na vrhu crkve Sv. Mirka u \u0160estinama. No, da smo ga nazvali u bilo koje drugo doba dana, on bi uvijek bio na nekom nezgodno visokom mjestu \u2013 takav mu je posao, ta on je jedan od na\u0161ih najve\u0107ih stru\u010dnjaka za limariju na krovovima.<\/p>\n","protected":false},"author":15,"featured_media":78778,"comment_status":"closed","ping_status":"closed","sticky":false,"template":"","format":"standard","meta":{"footnotes":""},"categories":[2],"tags":[98,827,3594,337,39],"class_list":["post-78505","post","type-post","status-publish","format-standard","has-post-thumbnail","hentry","category-mozaik","tag-karijera","tag-radnici","tag-sestine","tag-staz","tag-zagreb"],"_links":{"self":[{"href":"https:\/\/www.mojevrijeme.hr\/magazin\/wp-json\/wp\/v2\/posts\/78505","targetHints":{"allow":["GET"]}}],"collection":[{"href":"https:\/\/www.mojevrijeme.hr\/magazin\/wp-json\/wp\/v2\/posts"}],"about":[{"href":"https:\/\/www.mojevrijeme.hr\/magazin\/wp-json\/wp\/v2\/types\/post"}],"author":[{"embeddable":true,"href":"https:\/\/www.mojevrijeme.hr\/magazin\/wp-json\/wp\/v2\/users\/15"}],"replies":[{"embeddable":true,"href":"https:\/\/www.mojevrijeme.hr\/magazin\/wp-json\/wp\/v2\/comments?post=78505"}],"version-history":[{"count":0,"href":"https:\/\/www.mojevrijeme.hr\/magazin\/wp-json\/wp\/v2\/posts\/78505\/revisions"}],"wp:featuredmedia":[{"embeddable":true,"href":"https:\/\/www.mojevrijeme.hr\/magazin\/wp-json\/wp\/v2\/media\/78778"}],"wp:attachment":[{"href":"https:\/\/www.mojevrijeme.hr\/magazin\/wp-json\/wp\/v2\/media?parent=78505"}],"wp:term":[{"taxonomy":"category","embeddable":true,"href":"https:\/\/www.mojevrijeme.hr\/magazin\/wp-json\/wp\/v2\/categories?post=78505"},{"taxonomy":"post_tag","embeddable":true,"href":"https:\/\/www.mojevrijeme.hr\/magazin\/wp-json\/wp\/v2\/tags?post=78505"}],"curies":[{"name":"wp","href":"https:\/\/api.w.org\/{rel}","templated":true}]}}