{"id":78657,"date":"2023-06-30T07:40:19","date_gmt":"2023-06-30T05:40:19","guid":{"rendered":"https:\/\/www.mojevrijeme.hr\/magazin\/?p=78657"},"modified":"2023-06-30T07:41:54","modified_gmt":"2023-06-30T05:41:54","slug":"svim-majkama-sest-mjeseci-staza-po-djetetu-sve-drugo-je-diskriminacija","status":"publish","type":"post","link":"https:\/\/www.mojevrijeme.hr\/magazin\/2023\/06\/svim-majkama-sest-mjeseci-staza-po-djetetu-sve-drugo-je-diskriminacija\/","title":{"rendered":"&#8216;Svim majkama \u0161est mjeseci sta\u017ea po djetetu, sve drugo je diskriminacija&#8217;"},"content":{"rendered":"\n<p>Mirovinskom reformom od 1. sije\u010dnja 2019. godine sve novoumirovljene \u017eene mogu dobiti \u0161est mjeseci dodanog sta\u017ea za svako ro\u0111eno ili posvojeno dijete. Na\u017ealost, sve one umirovljenice koje su oti\u0161le prije navedenog datuma, nemaju pravo na dodatni sta\u017e, osim ako ne steknu uvjete za ponovni izra\u010dun mirovine u slu\u010daju da su skupile jo\u0161 jednu godinu radnog sta\u017ea.<\/p>\n\n\n\n<p>Upravo je dokidanje ove nepravde jedan od devet zahtjeva koje su Sindikat umirovljenika Hrvatske (SUH) i Matica umirovljenika Hrvatske (MUH) postavile pred Vladu RH na sjednici Nacionalnog vije\u0107a za umirovljenike i starije osobe. Neispunjenje ovih zahtjeva, poru\u010duju iz organizacija, dovest \u0107e do prosvjeda umirovljenika ve\u0107 ove jeseni<\/p>\n\n\n\n<p>&#8220;Nu\u017eno je ukinuti tu diskriminaciju. Svim \u017eenama koje imaju ili su imale djecu, bilo da su ih rodile ili posvojile, treba osigurati pravo da im se retroaktivno prizna \u0161est mjeseci sta\u017ea po djetetu. No mi ne bismo htjeli da to bude nekakav &#8216;dodani sta\u017e&#8217;, kako su to kod nas izmislili. To zna\u010di da je to neki &#8216;dodatak plus&#8217;, a dijete nije &#8216;dodatak plus&#8217; i nitko ne ra\u0111a radi mirovine. Njema\u010dka ima normalno 2 i pol godine sta\u017ea po djetetu i to ulazi u radni sta\u017e. Ako je kod nas ve\u0107 samo \u0161est mjeseci, neka bude \u0161est mjeseci, ali neka bude svima&#8221;, objasnila je u programu Radio mre\u017ee predsjednica SUH-a <strong>Jasna A. Petrovi\u0107<\/strong>. Dodaje da bi pravo trebale ostvarivati ba\u0161 sve \u017eene koje su ra\u0111ale, uklju\u010duju\u0107i i one \u010dija su djeca umrla.<\/p><div id=\"mojev-2695419671\" class=\"mojev-u-tekstu mojev-entity-placement\" style=\"margin-left: auto;margin-right: auto;text-align: center;\"><div class=\"mojev-adlabel\">oglas<\/div><div style=\"height: 250px;\"><script async src=\"https:\/\/pagead2.googlesyndication.com\/pagead\/js\/adsbygoogle.js?client=ca-pub-8106111766207173\"\r\n     crossorigin=\"anonymous\"><\/script>\r\n<!-- Prikazni 1 u tekstu -->\r\n<ins class=\"adsbygoogle\"\r\n     style=\"display:block\"\r\n     data-ad-client=\"ca-pub-8106111766207173\"\r\n     data-ad-slot=\"8535551207\"\r\n     data-ad-format=\"auto\"\r\n     data-full-width-responsive=\"true\"><\/ins>\r\n<script>\r\n     (adsbygoogle = window.adsbygoogle || []).push({});\r\n<\/script><\/div><\/div><br style=\"clear: both; display: block; float: none;\"\/>\n\n\n\n<p>Uz to, nakon \u0161to je od 2014. propisano da se mirovine i druga primanja iz mirovinskog osiguranja, ispla\u0107uju putem banaka, a ne vi\u0161e putem po\u0161te, umirovljeni\u010dke udruge tra\u017ee ponovno vra\u0107anje mogu\u0107nosti primanja mirovina putem po\u0161te. Smatraju da se postoje\u0107im na\u010dinom ispla\u0107ivanja mirovine diskriminira umirovljenike na osnovi mjesta stanovanja, ali i njihova zdravstvenog stanja. Smatraju kako ne postoji ista rasprostranjenost poslovnica banaka i bankomata diljem Hrvatske \u010dime dolazi do geografske izoliranosti koju karakterizira i slabija gradska prometna povezanost.<\/p>\n<div id=\"mojev-3624521142\" class=\"mojev-kraj-teksta mojev-entity-placement\" style=\"margin-bottom: 20px;margin-left: auto;margin-right: auto;text-align: center;\"><div class=\"mojev-adlabel\">oglas<\/div><div style=\"height: 250px;\"><script async src=\"https:\/\/pagead2.googlesyndication.com\/pagead\/js\/adsbygoogle.js?client=ca-pub-8106111766207173\"\r\n     crossorigin=\"anonymous\"><\/script>\r\n<!-- Display-1 -->\r\n<ins class=\"adsbygoogle\"\r\n     style=\"display:block\"\r\n     data-ad-client=\"ca-pub-8106111766207173\"\r\n     data-ad-slot=\"1465712950\"\r\n     data-ad-format=\"auto\"\r\n     data-full-width-responsive=\"true\"><\/ins>\r\n<script>\r\n     (adsbygoogle = window.adsbygoogle || []).push({});\r\n<\/script><\/div><\/div>","protected":false},"excerpt":{"rendered":"<p>Njema\u010dka majkama dodaje 2 i pol godine radnog sta\u017ea po djetetu. U Hrvatskoj je to \u0161est mjeseci dodanog sta\u017ea, ali ne i za \u017eene koje su se umirovile prije 1. sije\u010dnja 2019. godine. <\/p>\n","protected":false},"author":1,"featured_media":78661,"comment_status":"closed","ping_status":"closed","sticky":false,"template":"","format":"standard","meta":{"footnotes":""},"categories":[9],"tags":[684,1964,687,167],"class_list":["post-78657","post","type-post","status-publish","format-standard","has-post-thumbnail","hentry","category-vijesti","tag-jasna-petrovic","tag-majcinska-mirovina","tag-prosvjedi","tag-sindikat-umirovljenika"],"_links":{"self":[{"href":"https:\/\/www.mojevrijeme.hr\/magazin\/wp-json\/wp\/v2\/posts\/78657","targetHints":{"allow":["GET"]}}],"collection":[{"href":"https:\/\/www.mojevrijeme.hr\/magazin\/wp-json\/wp\/v2\/posts"}],"about":[{"href":"https:\/\/www.mojevrijeme.hr\/magazin\/wp-json\/wp\/v2\/types\/post"}],"author":[{"embeddable":true,"href":"https:\/\/www.mojevrijeme.hr\/magazin\/wp-json\/wp\/v2\/users\/1"}],"replies":[{"embeddable":true,"href":"https:\/\/www.mojevrijeme.hr\/magazin\/wp-json\/wp\/v2\/comments?post=78657"}],"version-history":[{"count":0,"href":"https:\/\/www.mojevrijeme.hr\/magazin\/wp-json\/wp\/v2\/posts\/78657\/revisions"}],"wp:featuredmedia":[{"embeddable":true,"href":"https:\/\/www.mojevrijeme.hr\/magazin\/wp-json\/wp\/v2\/media\/78661"}],"wp:attachment":[{"href":"https:\/\/www.mojevrijeme.hr\/magazin\/wp-json\/wp\/v2\/media?parent=78657"}],"wp:term":[{"taxonomy":"category","embeddable":true,"href":"https:\/\/www.mojevrijeme.hr\/magazin\/wp-json\/wp\/v2\/categories?post=78657"},{"taxonomy":"post_tag","embeddable":true,"href":"https:\/\/www.mojevrijeme.hr\/magazin\/wp-json\/wp\/v2\/tags?post=78657"}],"curies":[{"name":"wp","href":"https:\/\/api.w.org\/{rel}","templated":true}]}}