{"id":78754,"date":"2023-07-02T09:52:37","date_gmt":"2023-07-02T07:52:37","guid":{"rendered":"https:\/\/www.mojevrijeme.hr\/magazin\/?p=78754"},"modified":"2023-07-02T09:53:10","modified_gmt":"2023-07-02T07:53:10","slug":"nestala-starica-pronadena-s-buketicem-cvijeca-poslozila-je-sve-kao-u-bajci","status":"publish","type":"post","link":"https:\/\/www.mojevrijeme.hr\/magazin\/2023\/07\/nestala-starica-pronadena-s-buketicem-cvijeca-poslozila-je-sve-kao-u-bajci\/","title":{"rendered":"Nestala starica prona\u0111ena s buketi\u0107em cvije\u0107a: Poslo\u017eila je sve kao u bajci"},"content":{"rendered":"\n<p>Predivnu pri\u010du na svojim Facebook stranicama podijelio je <a href=\"https:\/\/www.facebook.com\/HrvatskaGSS\/posts\/651191943712674?ref=embed_post\" target=\"_blank\" rel=\"noreferrer noopener\">HGSS<\/a>. Naime, stotinjak ljudi je tri dana tra\u017eilo staricu koja je nestala u blizini Zagvozda. Kad su je napokon na\u0161li, do\u010dekala ih je s buketi\u0107em kadulje i smilja.<\/p>\n\n\n\n<p>&#8220;Osjet mirisa direktan je put prema sje\u0107anjima. Nakon tri dana potrage po surovom terenu nismo posustali ni gubili nadu. Iskusne \u017eivotne ruke, uz spa\u0161en \u017eivot, darovale su nam i najljep\u0161i poklon zahvale &#8211; miris nade, kadulje i smilja koji \u0107e nas zauvijek podsje\u0107ati na ovaj dan&#8221;, napisali su uz fotografiju starice koja im je pripremila poklon dok su je spa\u0161avali.<\/p>\n\n\n\n<p>&#8220;Starica nas je do\u010dekala s buketi\u0107em cvije\u0107a u ruci. Svi smo se naje\u017eili na to i nije bilo mogu\u0107e suspregnuti suze&#8221;, rekao je <strong>Ante Kukavica<\/strong>, pro\u010delnik HGSS-a Makarska za <a href=\"https:\/\/danas.hr\/rtl-danas\/stotinjak-ljudi-3-dana-trazilo-staricu-docekala-nas-je-buketicem-kadulje-i-smilja-suze-su-krenule-fd9e91fe-176c-11ee-a4d7-0ee8f36581c7?utm_source=sprajcFB&amp;utm_medium=social&amp;utm_campaign=organic&amp;utm_content=RTLdanas&amp;fbclid=IwAR0J7W_9XK0rJZU5JhhvLBtHioFiBbSqaf_lUh_yAgcl1Ra8Zd65SJeR2VY\" target=\"_blank\" rel=\"noreferrer noopener\">RTL<\/a>. <\/p><div id=\"mojev-2902055117\" class=\"mojev-u-tekstu mojev-entity-placement\" style=\"margin-left: auto;margin-right: auto;text-align: center;\"><div class=\"mojev-adlabel\">oglas<\/div><div style=\"height: 250px;\"><script async src=\"https:\/\/pagead2.googlesyndication.com\/pagead\/js\/adsbygoogle.js?client=ca-pub-8106111766207173\"\r\n     crossorigin=\"anonymous\"><\/script>\r\n<!-- Prikazni 1 u tekstu -->\r\n<ins class=\"adsbygoogle\"\r\n     style=\"display:block\"\r\n     data-ad-client=\"ca-pub-8106111766207173\"\r\n     data-ad-slot=\"8535551207\"\r\n     data-ad-format=\"auto\"\r\n     data-full-width-responsive=\"true\"><\/ins>\r\n<script>\r\n     (adsbygoogle = window.adsbygoogle || []).push({});\r\n<\/script><\/div><\/div><br style=\"clear: both; display: block; float: none;\"\/>\n\n\n\n<p>Zbog njenog zdravstvenog stanja nisu uspjeli s njome razgovarati. Kukavica ka\u017ee da je sva tri dana bila u 150 kvadrata gdje je po\u010dupala svu travu. &#8220;Sve je lijepo slo\u017eila, svoju robu, obu\u0107u sve je bilo lijepo slo\u017eeno kao u jednoj bajki. Nju je to vratilo u njezinu mladost, u neke lijepe dane&#8221;, rekao je \u0161ef HGSS-a Makarska. <\/p>\n\n\n\n<p>Njezina unuka <strong>Anamarija<\/strong> toplim se rije\u010dima zahvalila HGSS-ovcima na njihovom trudu: &#8220;Dragi ljudi hvala vam za sve u ova tri dana. Nek&#8217; vam dragi Bog da snage za daljnje akcije spa\u0161avanja , jer ovo sto ste vi ova tri dana u\u010dinili ne mo\u017ee se rije\u010dima opisati kao ni dovoljno zahvaliti. Jo\u0161 jednom, hvala vama, vatrogascima, policiji, lovcima i&nbsp;svim dragim ljudima koji su ova tri dana tra\u017eili moju baku&#8221;, napisala je. <\/p>\n<div id=\"mojev-3990890298\" class=\"mojev-kraj-teksta mojev-entity-placement\" style=\"margin-bottom: 20px;margin-left: auto;margin-right: auto;text-align: center;\"><div class=\"mojev-adlabel\">oglas<\/div><div style=\"height: 250px;\"><script async src=\"https:\/\/pagead2.googlesyndication.com\/pagead\/js\/adsbygoogle.js?client=ca-pub-8106111766207173\"\r\n     crossorigin=\"anonymous\"><\/script>\r\n<!-- Display-1 -->\r\n<ins class=\"adsbygoogle\"\r\n     style=\"display:block\"\r\n     data-ad-client=\"ca-pub-8106111766207173\"\r\n     data-ad-slot=\"1465712950\"\r\n     data-ad-format=\"auto\"\r\n     data-full-width-responsive=\"true\"><\/ins>\r\n<script>\r\n     (adsbygoogle = window.adsbygoogle || []).push({});\r\n<\/script><\/div><\/div>","protected":false},"excerpt":{"rendered":"<p>Ni nakon tri dana potrage po surovom terenu nisu posustali ni gubili nadu. <\/p>\n","protected":false},"author":4,"featured_media":78859,"comment_status":"closed","ping_status":"closed","sticky":false,"template":"","format":"standard","meta":{"footnotes":""},"categories":[2],"tags":[34,2552],"class_list":["post-78754","post","type-post","status-publish","format-standard","has-post-thumbnail","hentry","category-mozaik","tag-demencija","tag-hgss"],"_links":{"self":[{"href":"https:\/\/www.mojevrijeme.hr\/magazin\/wp-json\/wp\/v2\/posts\/78754","targetHints":{"allow":["GET"]}}],"collection":[{"href":"https:\/\/www.mojevrijeme.hr\/magazin\/wp-json\/wp\/v2\/posts"}],"about":[{"href":"https:\/\/www.mojevrijeme.hr\/magazin\/wp-json\/wp\/v2\/types\/post"}],"author":[{"embeddable":true,"href":"https:\/\/www.mojevrijeme.hr\/magazin\/wp-json\/wp\/v2\/users\/4"}],"replies":[{"embeddable":true,"href":"https:\/\/www.mojevrijeme.hr\/magazin\/wp-json\/wp\/v2\/comments?post=78754"}],"version-history":[{"count":0,"href":"https:\/\/www.mojevrijeme.hr\/magazin\/wp-json\/wp\/v2\/posts\/78754\/revisions"}],"wp:featuredmedia":[{"embeddable":true,"href":"https:\/\/www.mojevrijeme.hr\/magazin\/wp-json\/wp\/v2\/media\/78859"}],"wp:attachment":[{"href":"https:\/\/www.mojevrijeme.hr\/magazin\/wp-json\/wp\/v2\/media?parent=78754"}],"wp:term":[{"taxonomy":"category","embeddable":true,"href":"https:\/\/www.mojevrijeme.hr\/magazin\/wp-json\/wp\/v2\/categories?post=78754"},{"taxonomy":"post_tag","embeddable":true,"href":"https:\/\/www.mojevrijeme.hr\/magazin\/wp-json\/wp\/v2\/tags?post=78754"}],"curies":[{"name":"wp","href":"https:\/\/api.w.org\/{rel}","templated":true}]}}