{"id":78816,"date":"2023-07-01T17:23:19","date_gmt":"2023-07-01T15:23:19","guid":{"rendered":"https:\/\/www.mojevrijeme.hr\/magazin\/?p=78816"},"modified":"2023-07-01T17:27:19","modified_gmt":"2023-07-01T15:27:19","slug":"medved-danas-su-porasle-mirovine-za-63-000-branitelja-i-pripadnika-hvo-a","status":"publish","type":"post","link":"https:\/\/www.mojevrijeme.hr\/magazin\/2023\/07\/medved-danas-su-porasle-mirovine-za-63-000-branitelja-i-pripadnika-hvo-a\/","title":{"rendered":"Medved: Danas su porasle mirovine za 63.000 branitelja i pripadnika HVO-a"},"content":{"rendered":"\n<p>&#8220;Na\u0161a Vlada pokazala je svojim odnosom prema hrvatskim braniteljima i stradalnicima Domovinskog rata da je za nas to sudbonosno, najte\u017ee razdoblje novije hrvatske povijesti temelj na\u0161e dr\u017eavnosti&#8221;, rekao je ministar branitelja T<strong>omo Medved<\/strong>. <\/p>\n\n\n\n<p>Ministar je povodom Dana hrvatskih branitelja Zagreba\u010dke \u017eupanije u Svetom Ivanu Zelini pobrojao najva\u017enije rezultate svog resora u proteklih sedam godina mandata Plenkovi\u0107eve vlade.<\/p>\n\n\n\n<p>&#8220;Sustavno ispravljamo i nepravde nanesene braniteljima te smo 2017. ukinuli kriznu mjeru 10-postotnog umanjenja dijela braniteljskih mirovina, a nakon vi\u0161e od 12 godina ukidamo i posljednju &#8216;kriznu mjeru&#8217; iz <strong>2009. godine<\/strong>, koja \u0107e se realizirati u dva navrata&#8221;, rekao je ministar branitelja. <\/p><div id=\"mojev-3910918227\" class=\"mojev-u-tekstu mojev-entity-placement\" style=\"margin-left: auto;margin-right: auto;text-align: center;\"><div class=\"mojev-adlabel\">oglas<\/div><div style=\"height: 250px;\"><script async src=\"https:\/\/pagead2.googlesyndication.com\/pagead\/js\/adsbygoogle.js?client=ca-pub-8106111766207173\"\r\n     crossorigin=\"anonymous\"><\/script>\r\n<!-- Prikazni 1 u tekstu -->\r\n<ins class=\"adsbygoogle\"\r\n     style=\"display:block\"\r\n     data-ad-client=\"ca-pub-8106111766207173\"\r\n     data-ad-slot=\"8535551207\"\r\n     data-ad-format=\"auto\"\r\n     data-full-width-responsive=\"true\"><\/ins>\r\n<script>\r\n     (adsbygoogle = window.adsbygoogle || []).push({});\r\n<\/script><\/div><\/div><br style=\"clear: both; display: block; float: none;\"\/>\n\n\n\n<p>Rije\u010d je, podsje\u0107amo, o nametu kojeg su branitelji prozvali &#8220;Kosori\u010din porez&#8221;, budu\u0107i da ga je uvela tada\u0161nja premijerka i \u0161efica HDZ-a Jadranka Kosor. Prvih pet posto ukida se s dana\u0161njim danom, kazao je ministar, \u010dime \u0107e vi\u0161e od 63 tisu\u0107e hrvatskih branitelja i pripadnika HVO-a imati ve\u0107e mirovine. <\/p>\n<div id=\"mojev-3609621319\" class=\"mojev-kraj-teksta mojev-entity-placement\" style=\"margin-bottom: 20px;margin-left: auto;margin-right: auto;text-align: center;\"><div class=\"mojev-adlabel\">oglas<\/div><div style=\"height: 250px;\"><script async src=\"https:\/\/pagead2.googlesyndication.com\/pagead\/js\/adsbygoogle.js?client=ca-pub-8106111766207173\"\r\n     crossorigin=\"anonymous\"><\/script>\r\n<!-- Display-1 -->\r\n<ins class=\"adsbygoogle\"\r\n     style=\"display:block\"\r\n     data-ad-client=\"ca-pub-8106111766207173\"\r\n     data-ad-slot=\"1465712950\"\r\n     data-ad-format=\"auto\"\r\n     data-full-width-responsive=\"true\"><\/ins>\r\n<script>\r\n     (adsbygoogle = window.adsbygoogle || []).push({});\r\n<\/script><\/div><\/div>","protected":false},"excerpt":{"rendered":"<p>To su samo neki od pokazatelja konkretne potpore braniteljsko-stradalni\u010dkoj populaciji, naglasio je Medved.<\/p>\n","protected":false},"author":1,"featured_media":61385,"comment_status":"closed","ping_status":"closed","sticky":false,"template":"","format":"standard","meta":{"footnotes":""},"categories":[9],"tags":[627,3430,934,1284],"class_list":["post-78816","post","type-post","status-publish","format-standard","has-post-thumbnail","hentry","category-vijesti","tag-branitelji","tag-krizni-porez","tag-povlastene-mirovine","tag-tomo-medved"],"_links":{"self":[{"href":"https:\/\/www.mojevrijeme.hr\/magazin\/wp-json\/wp\/v2\/posts\/78816","targetHints":{"allow":["GET"]}}],"collection":[{"href":"https:\/\/www.mojevrijeme.hr\/magazin\/wp-json\/wp\/v2\/posts"}],"about":[{"href":"https:\/\/www.mojevrijeme.hr\/magazin\/wp-json\/wp\/v2\/types\/post"}],"author":[{"embeddable":true,"href":"https:\/\/www.mojevrijeme.hr\/magazin\/wp-json\/wp\/v2\/users\/1"}],"replies":[{"embeddable":true,"href":"https:\/\/www.mojevrijeme.hr\/magazin\/wp-json\/wp\/v2\/comments?post=78816"}],"version-history":[{"count":0,"href":"https:\/\/www.mojevrijeme.hr\/magazin\/wp-json\/wp\/v2\/posts\/78816\/revisions"}],"wp:featuredmedia":[{"embeddable":true,"href":"https:\/\/www.mojevrijeme.hr\/magazin\/wp-json\/wp\/v2\/media\/61385"}],"wp:attachment":[{"href":"https:\/\/www.mojevrijeme.hr\/magazin\/wp-json\/wp\/v2\/media?parent=78816"}],"wp:term":[{"taxonomy":"category","embeddable":true,"href":"https:\/\/www.mojevrijeme.hr\/magazin\/wp-json\/wp\/v2\/categories?post=78816"},{"taxonomy":"post_tag","embeddable":true,"href":"https:\/\/www.mojevrijeme.hr\/magazin\/wp-json\/wp\/v2\/tags?post=78816"}],"curies":[{"name":"wp","href":"https:\/\/api.w.org\/{rel}","templated":true}]}}