{"id":78954,"date":"2023-07-03T10:35:01","date_gmt":"2023-07-03T08:35:01","guid":{"rendered":"https:\/\/www.mojevrijeme.hr\/magazin\/?p=78954"},"modified":"2023-07-03T10:35:06","modified_gmt":"2023-07-03T08:35:06","slug":"moj-otac-ima-150-eura-mirovine-toliko-bi-dobio-bez-dana-staza","status":"publish","type":"post","link":"https:\/\/www.mojevrijeme.hr\/magazin\/2023\/07\/moj-otac-ima-150-eura-mirovine-toliko-bi-dobio-bez-dana-staza\/","title":{"rendered":"&#8216;Moj otac ima 150 eura mirovine, toliko bi dobio bez dana sta\u017ea&#8217;"},"content":{"rendered":"\n<p>Njezin otac, pi\u0161e nam gospo\u0111a Biba, \u017eivi skromno. Ta kako i ne bi \u017eivio skromno, kad mu mirovina iznosi 150 eura, a re\u017eije mu iznose oko 80 eura. Da bi joj otac pre\u017eivio, gospo\u0111a Biba svaki mu dan kuha, kad se financije udru\u017ee lak\u0161e je izgurati mjesec.<\/p>\n\n\n\n<p>Tek zadnjih godinu i pol 88-godi\u0161nji umirovljenik je dobio pravo na nov\u010danu pomo\u0107 za njegu pa mu sjeda jo\u0161 ciglih 79 eura. Doda jo\u0161 koji euro, pa pokrije re\u017eije i sada mu za \u017eivot ostane nevjerojatnih 145 eura. Kad \u010dovjek ne bi trebao lijekove, benzin za kosilicu, kad ne bi imao izdatke za nu\u017ene ku\u0107ne popravke, bilo bi dostatno za ne\u0161to skromno pojesti. Ovako, razvuci-rastegni.<\/p>\n\n\n\n<h3 class=\"wp-block-heading\">Nepravda boli<\/h3>\n\n\n\n<p>Gospo\u0111a Biba objasnila nam je i kako je njezin otac zavr\u0161io s tako malom mirovinom: \u201dOtac je i\u0161ao u prijevremenu poljoprivrednu mirovinu. Mukotrpnim radom na poljoprivrednom imanju ostvario je 20 godina sta\u017ea. Ono \u0161to mene tu boli, je nepravda. Dobio je mirovinu gotovo kao i oni koji nikad nisu radili\u201d, po\u017ealila se.<\/p><div id=\"mojev-2748208554\" class=\"mojev-u-tekstu mojev-entity-placement\" style=\"margin-left: auto;margin-right: auto;text-align: center;\"><div class=\"mojev-adlabel\">oglas<\/div><div style=\"height: 250px;\"><script async src=\"https:\/\/pagead2.googlesyndication.com\/pagead\/js\/adsbygoogle.js?client=ca-pub-8106111766207173\"\r\n     crossorigin=\"anonymous\"><\/script>\r\n<!-- Prikazni 1 u tekstu -->\r\n<ins class=\"adsbygoogle\"\r\n     style=\"display:block\"\r\n     data-ad-client=\"ca-pub-8106111766207173\"\r\n     data-ad-slot=\"8535551207\"\r\n     data-ad-format=\"auto\"\r\n     data-full-width-responsive=\"true\"><\/ins>\r\n<script>\r\n     (adsbygoogle = window.adsbygoogle || []).push({});\r\n<\/script><\/div><\/div><br style=\"clear: both; display: block; float: none;\"\/>\n\n\n\n<p>Nacionalna naknada za sve koji nemaju niti 15 godina radnog sta\u017ea, dakle mo\u017eda nisu radili niti jedan jedini dan, trenutno iznosi 120 eura, no od sije\u010dnja 2024. godine, iznosit \u0107e 150 eura. Izborna je godina, Ministarstvo rada, mirovinskog sustava, obitelji i socijalne politike ve\u0107 je pokrenulo postupak izmjena i dopuna Zakona o nacionalnoj naknadi za starije osobe tako da je za o\u010dekivati usvajanje prijedloga.<\/p>\n\n\n\n<h3 class=\"wp-block-heading\">Svaki dan ista pitanja<\/h3>\n\n\n\n<p>Bilo bi to, dakle, jednako iznosu koji na ra\u010dunu svaki mjesec, ve\u0107 vi\u0161e od dva desetlje\u0107a, vidi umirovljeni 88-godi\u0161njak iz na\u0161e pri\u010de. Ho\u0107e li se i za njega netko zauzeti? Ho\u0107e li do\u017eivjeti pove\u0107anje? Ili \u0107e dobivati mirovinu jednaku mirovinama onih koji nikad nisu radili? To se svaki dan pita i gospo\u0111a Biba, ali bez imalo nade.<\/p>\n\n\n\n<p>\u201dEto primjera da je u ovoj dr\u017eavi bolje ne raditi. Tako se \u010dini, jer nema tu pravde. Moj otac vi\u0161e ni\u0161ta ne mo\u017ee sam, treba brigu 24 sata. Sre\u0107om je moja ku\u0107a do njegove, pa mogu brinuti za njega. Kuham za njega, koliko god stignem k njemu otr\u010dim i po\u010distim, operem. Sve pokosim. Recite sad vi meni, kako, unato\u010d najskromnijem \u017eivotu, pre\u017eivjeti u ovim godinama sa ovim primanjima? \u0160to ima tu\u017enije od ovog&#8221;, pita se na\u0161a \u010ditateljica Biba.<\/p>\n\n\n\n<p>Dakako, takozvana nacionalna mirovina (pravim imenom &#8220;nacionalna naknada za starije osobe&#8221;) nije ni\u0161ta drugo do osnovna  socijalna pomo\u0107 koju primaju mahom najsiroma\u0161nije \u017eene koje \u017eive u sama\u010dkim doma\u0107instvima. Nepravedno je re\u0107i da cijeli \u017eivot nisu radile, jer su, uglavnom, radile na poljoprivredi no iz tko zna kojih razloga nisu pla\u0107ale simboli\u010dne doprinose za mirovinsko i zdravstveno osiguranje. Nacionalna naknada ili nacionalna mirovina je nu\u017ena mjera svake socijalne dr\u017eave, no stavljena u razmjer s radni\u010dkim mirovinama jasno pokazuje koliko su te mirovine mizerne i neadekvatne za \u017eivot.<\/p>\n\n\n\n<div id=\"crveno\"><\/p>\n\n\n\n<h3 class=\"wp-block-heading\">Zanima nas va\u0161a pri\u010da<\/h3>\n\n\n\n<p>\u017delite li i vi, posve anonimno, podijeliti svoje iskustvo i vi\u0111enje ove teme s nama i na\u0161im \u010ditateljima, mo\u017eete to u\u010diniti putem web obrasca <a rel=\"noreferrer noopener\" href=\"https:\/\/www.mojevrijeme.hr\/magazin\/povjerljivo\/\" target=\"_blank\">Povjerljivo<\/a>. Napi\u0161ite svoju pri\u010du!<\/p>\n\n\n\n<p><\/div>\n<div id=\"mojev-3674358243\" class=\"mojev-kraj-teksta mojev-entity-placement\" style=\"margin-bottom: 20px;margin-left: auto;margin-right: auto;text-align: center;\"><div class=\"mojev-adlabel\">oglas<\/div><div style=\"height: 250px;\"><script async src=\"https:\/\/pagead2.googlesyndication.com\/pagead\/js\/adsbygoogle.js?client=ca-pub-8106111766207173\"\r\n     crossorigin=\"anonymous\"><\/script>\r\n<!-- Display-1 -->\r\n<ins class=\"adsbygoogle\"\r\n     style=\"display:block\"\r\n     data-ad-client=\"ca-pub-8106111766207173\"\r\n     data-ad-slot=\"1465712950\"\r\n     data-ad-format=\"auto\"\r\n     data-full-width-responsive=\"true\"><\/ins>\r\n<script>\r\n     (adsbygoogle = window.adsbygoogle || []).push({});\r\n<\/script><\/div><\/div>","protected":false},"excerpt":{"rendered":"<p>Gospo\u0111a Biba svaki dan odlazi bolesnom ocu \u2013 \u017eivi sam, onemo\u0107ao je, treba pomo\u0107 gotovo 24 sata dnevno. Samo mu je ona mo\u017ee pru\u017eiti, jer od njegovih 150 eura mirovine valja najprije platiti re\u017eije. Gospo\u0111u Bibu tako nema tko zamijeniti, jer u obitelji nemaju za stara\u010dki dom niti za, barem na nekoliko sati dnevno, njegovateljicu.<\/p>\n","protected":false},"author":17,"featured_media":78986,"comment_status":"closed","ping_status":"closed","sticky":false,"template":"","format":"standard","meta":{"footnotes":""},"categories":[3552],"tags":[18,1215,3596,1436],"class_list":["post-78954","post","type-post","status-publish","format-standard","has-post-thumbnail","hentry","category-povjerljivo","tag-mirovine","tag-nacionalna-mirovina","tag-poljoprivredna-mirovina","tag-povjerljivo"],"_links":{"self":[{"href":"https:\/\/www.mojevrijeme.hr\/magazin\/wp-json\/wp\/v2\/posts\/78954","targetHints":{"allow":["GET"]}}],"collection":[{"href":"https:\/\/www.mojevrijeme.hr\/magazin\/wp-json\/wp\/v2\/posts"}],"about":[{"href":"https:\/\/www.mojevrijeme.hr\/magazin\/wp-json\/wp\/v2\/types\/post"}],"author":[{"embeddable":true,"href":"https:\/\/www.mojevrijeme.hr\/magazin\/wp-json\/wp\/v2\/users\/17"}],"replies":[{"embeddable":true,"href":"https:\/\/www.mojevrijeme.hr\/magazin\/wp-json\/wp\/v2\/comments?post=78954"}],"version-history":[{"count":0,"href":"https:\/\/www.mojevrijeme.hr\/magazin\/wp-json\/wp\/v2\/posts\/78954\/revisions"}],"wp:featuredmedia":[{"embeddable":true,"href":"https:\/\/www.mojevrijeme.hr\/magazin\/wp-json\/wp\/v2\/media\/78986"}],"wp:attachment":[{"href":"https:\/\/www.mojevrijeme.hr\/magazin\/wp-json\/wp\/v2\/media?parent=78954"}],"wp:term":[{"taxonomy":"category","embeddable":true,"href":"https:\/\/www.mojevrijeme.hr\/magazin\/wp-json\/wp\/v2\/categories?post=78954"},{"taxonomy":"post_tag","embeddable":true,"href":"https:\/\/www.mojevrijeme.hr\/magazin\/wp-json\/wp\/v2\/tags?post=78954"}],"curies":[{"name":"wp","href":"https:\/\/api.w.org\/{rel}","templated":true}]}}