{"id":78979,"date":"2023-07-04T07:11:29","date_gmt":"2023-07-04T05:11:29","guid":{"rendered":"https:\/\/www.mojevrijeme.hr\/magazin\/?p=78979"},"modified":"2023-07-04T07:15:57","modified_gmt":"2023-07-04T05:15:57","slug":"da-poludis-cistila-sam-u-njemackoj-oduzeli-su-mi-hrvatsku-mirovinu","status":"publish","type":"post","link":"https:\/\/www.mojevrijeme.hr\/magazin\/2023\/07\/da-poludis-cistila-sam-u-njemackoj-oduzeli-su-mi-hrvatsku-mirovinu\/","title":{"rendered":"&#8216;Da poludi\u0161! \u010cistila sam u Njema\u010dkoj, oduzeli su mi hrvatsku mirovinu&#8217;"},"content":{"rendered":"\n<p>Sve je vi\u0161e umirovljenika koji si s mirovinom ne mogu priu\u0161titi mirno umirovljenje. Gospo\u0111a Mihaela (67), koja je radni vijek provela rade\u0107i u vi\u0161e \u0161kola te u Ministarstvu obrazovanja, odmah je po umirovljenju shvatila da je od mirovine te\u0161ko pre\u017eivjeti. Jako je te\u0161ko otkidala jo\u0161 i dio koji je morala upla\u0107ivati na ra\u010dun doma umirovljenika u kojem je bila smje\u0161tena njezina majka. <\/p>\n\n\n\n<p>\u201dMirovina moje majke nije bila dovoljna za dom, dopla\u0107ivala sam joj do njezine smrti. Uz to je moj sin, zbog korupcije, ostao bez svoje male hrvatske tvrtke. Odlu\u010dio je oti\u0107i u Njema\u010dku, a ja sam mu gore \u017eeljela pomo\u0107i da se sna\u0111e pa sam oti\u0161la s njim u Munchen\u201d, povjerila nam se.<\/p>\n\n\n\n<p>I tako je ova obrazovana \u017eena, u sedmom desetlje\u0107u svog \u017eivota, odlu\u010dila ostaviti sve \u0161to je u Hrvatskoj gradila i u\u017eivala, i oti\u0107i u nepoznato, \u010dak u nove radne pobjede.<\/p><div id=\"mojev-2129774987\" class=\"mojev-u-tekstu mojev-entity-placement\" style=\"margin-left: auto;margin-right: auto;text-align: center;\"><div class=\"mojev-adlabel\">oglas<\/div><div style=\"height: 250px;\"><script async src=\"https:\/\/pagead2.googlesyndication.com\/pagead\/js\/adsbygoogle.js?client=ca-pub-8106111766207173\"\r\n     crossorigin=\"anonymous\"><\/script>\r\n<!-- Prikazni 1 u tekstu -->\r\n<ins class=\"adsbygoogle\"\r\n     style=\"display:block\"\r\n     data-ad-client=\"ca-pub-8106111766207173\"\r\n     data-ad-slot=\"8535551207\"\r\n     data-ad-format=\"auto\"\r\n     data-full-width-responsive=\"true\"><\/ins>\r\n<script>\r\n     (adsbygoogle = window.adsbygoogle || []).push({});\r\n<\/script><\/div><\/div><br style=\"clear: both; display: block; float: none;\"\/>\n\n\n\n<h3 class=\"wp-block-heading\">Radila na pola radnog vremena<\/h3>\n\n\n\n<p>Prema hrvatskom Zakonu o radu, umirovljenici koji su u starosnoj, prijevremenoj ili obiteljskoj mirovini, odnosno svi umirovljeni prema op\u0107im propisima, smiju se zaposliti uz isplatu pune mirovine, ali samo do polovine radnog vremena.&nbsp;Gospo\u0111a Mihaela je to znala, pa se, tvrdi, i zaposlila samo na \u010detiri sata kao \u010dista\u010dica hotelskih soba u Munchenu.<\/p>\n\n\n\n<p>Nakon nekog vremena, da bude mirna da sve radi po zakonu, u svoju domovinu dolazi po pravni savjet. Tu po\u010dinje njezina tragi\u010dna sudbina.<\/p>\n\n\n\n<p>\u201dNakon \u0161to sam oti\u0161la po pravni savjet u ured Mirovinskog, jednostavno su mi obustavili mirovinu! Napravili su to bez ikakvih dokaza. No, nije to sve. Rekli su mi da su ustvrdili da moram vratiti sve \u0161to sam primila na ime mirovine (te\u0161ko ste\u010dene!) unatrag tri godine, jer sam navodno na puno radno vrijeme radila te\u0161ke fizi\u010dke poslove! Naravno da sam se \u017ealila na to!\u201d, opisuje nam svoj slu\u010daj \u010ditateljica Mihaela.<\/p>\n\n\n\n<h3 class=\"wp-block-heading\">Razboljela se, dobila otkaz, a mirovina ne sti\u017ee<\/h3>\n\n\n\n<p>Nakon \u0161to je ulo\u017eila \u017ealbu, tvrdi, punih je osam mjeseci \u010dekala odgovor. Nakon toga je njezin slu\u010daj vra\u0107en na prvostupanjski sud. &#8220;Slu\u010daj je vra\u0107en jer nije bilo dokaza za to da se donese takvo rje\u0161enje. Nakon \u0161to sam proslijedila sve dokaze koji potvr\u0111uju da nikad nisam radila vi\u0161e od \u010detiri sata dnevno, ja jo\u0161 \u010dekam odgovor. Peti mjesec neizvjesnosti te\u010de. U me\u0111uvremenu sam se razboljela i dobila otkaz. Ostala bez ikakvih primanja&#8221;, potresna je tvrdnja gospo\u0111e Mihaele.<\/p>\n\n\n\n<p>Na\u0161a \u010ditateljica napominje potom da doista ovisi samo o svojoj te\u0161ko zara\u0111enoj mirovini, jer niti ona niti njezin sin na posjeduju ni\u0161ta osim znanja, volje za rad, i te mirovine od koje je mogla barem platiti ra\u010dune i kupiti kruh.<\/p>\n\n\n\n<p>&#8220;Nemam novca da si mogu priu\u0161titi odvjetnika. Zastupam se \u010dinjenicama i molim Boga da ne poludim. Oduzeto mi je svako ljudsko dostojanstvo. Zahvalna sam i na ovoj prilici da negdje mogu re\u0107i &nbsp;\u0161to se sve doga\u0111a. Podr\u017eavam sve hrvatske umirovljenike u borbi za pravo na ljudsko dostojanstvo i \u017eivot&#8221;, napominje gospo\u0111a Mihaela.<\/p>\n\n\n\n<div id=\"crveno\"><\/p>\n\n\n\n<h3 class=\"wp-block-heading\">Zanima nas va\u0161a pri\u010da<\/h3>\n\n\n\n<p>\u017delite li i vi, posve anonimno, podijeliti svoje iskustvo i vi\u0111enje ove teme s nama i na\u0161im \u010ditateljima, mo\u017eete to u\u010diniti putem web obrasca <a rel=\"noreferrer noopener\" href=\"https:\/\/www.mojevrijeme.hr\/magazin\/povjerljivo\/\" target=\"_blank\">Povjerljivo<\/a>. Napi\u0161ite svoju pri\u010du!<\/p>\n\n\n\n<p><\/div>\n<div id=\"mojev-1724080574\" class=\"mojev-kraj-teksta mojev-entity-placement\" style=\"margin-bottom: 20px;margin-left: auto;margin-right: auto;text-align: center;\"><div class=\"mojev-adlabel\">oglas<\/div><div style=\"height: 250px;\"><script async src=\"https:\/\/pagead2.googlesyndication.com\/pagead\/js\/adsbygoogle.js?client=ca-pub-8106111766207173\"\r\n     crossorigin=\"anonymous\"><\/script>\r\n<!-- Display-1 -->\r\n<ins class=\"adsbygoogle\"\r\n     style=\"display:block\"\r\n     data-ad-client=\"ca-pub-8106111766207173\"\r\n     data-ad-slot=\"1465712950\"\r\n     data-ad-format=\"auto\"\r\n     data-full-width-responsive=\"true\"><\/ins>\r\n<script>\r\n     (adsbygoogle = window.adsbygoogle || []).push({});\r\n<\/script><\/div><\/div>","protected":false},"excerpt":{"rendered":"<p>Gospo\u0111a Mihaela je kao profesorica pedagogije i sociologije u Hrvatskoj ostvarila 38 godina radnog sta\u017ea. Oti\u0161la je u starosnu mirovinu i shvatila da s tim primanjima ni pribli\u017eno ne mo\u017ee ostvariti sve \u0161to \u017eeli pa se odlu\u010dila zaposliti u Njema\u010dkoj, na pola radnog vremena. Tu, paradoksalno, po\u010dinje njezina financijska propast.<\/p>\n","protected":false},"author":17,"featured_media":79072,"comment_status":"closed","ping_status":"closed","sticky":false,"template":"","format":"standard","meta":{"footnotes":""},"categories":[3552],"tags":[1342],"class_list":["post-78979","post","type-post","status-publish","format-standard","has-post-thumbnail","hentry","category-povjerljivo","tag-rad-uz-mirovinu"],"_links":{"self":[{"href":"https:\/\/www.mojevrijeme.hr\/magazin\/wp-json\/wp\/v2\/posts\/78979","targetHints":{"allow":["GET"]}}],"collection":[{"href":"https:\/\/www.mojevrijeme.hr\/magazin\/wp-json\/wp\/v2\/posts"}],"about":[{"href":"https:\/\/www.mojevrijeme.hr\/magazin\/wp-json\/wp\/v2\/types\/post"}],"author":[{"embeddable":true,"href":"https:\/\/www.mojevrijeme.hr\/magazin\/wp-json\/wp\/v2\/users\/17"}],"replies":[{"embeddable":true,"href":"https:\/\/www.mojevrijeme.hr\/magazin\/wp-json\/wp\/v2\/comments?post=78979"}],"version-history":[{"count":0,"href":"https:\/\/www.mojevrijeme.hr\/magazin\/wp-json\/wp\/v2\/posts\/78979\/revisions"}],"wp:featuredmedia":[{"embeddable":true,"href":"https:\/\/www.mojevrijeme.hr\/magazin\/wp-json\/wp\/v2\/media\/79072"}],"wp:attachment":[{"href":"https:\/\/www.mojevrijeme.hr\/magazin\/wp-json\/wp\/v2\/media?parent=78979"}],"wp:term":[{"taxonomy":"category","embeddable":true,"href":"https:\/\/www.mojevrijeme.hr\/magazin\/wp-json\/wp\/v2\/categories?post=78979"},{"taxonomy":"post_tag","embeddable":true,"href":"https:\/\/www.mojevrijeme.hr\/magazin\/wp-json\/wp\/v2\/tags?post=78979"}],"curies":[{"name":"wp","href":"https:\/\/api.w.org\/{rel}","templated":true}]}}