{"id":79052,"date":"2023-07-03T19:42:14","date_gmt":"2023-07-03T17:42:14","guid":{"rendered":"https:\/\/www.mojevrijeme.hr\/magazin\/?p=79052"},"modified":"2023-07-03T19:53:08","modified_gmt":"2023-07-03T17:53:08","slug":"tereza-o-strasnom-tracu-govorili-su-da-sam-pijana-a-ja-ne-pijem","status":"publish","type":"post","link":"https:\/\/www.mojevrijeme.hr\/magazin\/2023\/07\/tereza-o-strasnom-tracu-govorili-su-da-sam-pijana-a-ja-ne-pijem\/","title":{"rendered":"Tereza o stra\u0161nom tra\u010du: Govorili su da sam pijana, a ja ne pijem!"},"content":{"rendered":"\n<p>Govore\u0107i o svojim nastupima na Splitskom festivalu, proslavljena hrvatska pjeva\u010dica Tereza Kesovija (84) prisjetila se tra\u010da koji je svojevremeno kru\u017eio zbog njenog energi\u010dnog nastupa na splitskoj pozornici. <\/p>\n\n\n\n<p>&#8220;Kad sam pjevala &#8216;Nima Splita do Splita&#8217;, \u0161to je postalo himnom, rekli su da sam se jako napila. Da sam pijana. Ja koja nikad ne pijem!&#8221; kazala je Tereza za <a href=\"https:\/\/www.24sata.hr\/show\/tereza-kesovija-otkriva-jednom-su-ljudi-mislili-da-nastupam-pijana-na-splitskom-festivalu-920079\" target=\"_blank\" rel=\"noreferrer noopener\">24 sata<\/a>. &#8220;Ja nisam Spli\u0107anka, ali se osje\u0107am tako. Split mi je beskrajno drag, dao mi je jako puno, dala sam ja njemu dosta&#8221;, kazala je. <\/p>\n\n\n\n<p>Podsjetimo, pjeva\u010dica koju Hrvati smatraju nacionalnim blagom, prepuna je anegdota iz svojeg dugog, plodnog i bogatog \u017eivota. Izme\u0111u ostalog, i svojih susreta s do\u017eivotnim jugoslavenskim &#8220;bar\u0161unastim diktatorom&#8221; Josipom Brozom Titom, ali i autoritarnim hrvatskim predsjednikom Franjom Tu\u0111manom.<\/p><div id=\"mojev-1955869815\" class=\"mojev-u-tekstu mojev-entity-placement\" style=\"margin-left: auto;margin-right: auto;text-align: center;\"><div class=\"mojev-adlabel\">oglas<\/div><div style=\"height: 250px;\"><script async src=\"https:\/\/pagead2.googlesyndication.com\/pagead\/js\/adsbygoogle.js?client=ca-pub-8106111766207173\"\r\n     crossorigin=\"anonymous\"><\/script>\r\n<!-- Prikazni 1 u tekstu -->\r\n<ins class=\"adsbygoogle\"\r\n     style=\"display:block\"\r\n     data-ad-client=\"ca-pub-8106111766207173\"\r\n     data-ad-slot=\"8535551207\"\r\n     data-ad-format=\"auto\"\r\n     data-full-width-responsive=\"true\"><\/ins>\r\n<script>\r\n     (adsbygoogle = window.adsbygoogle || []).push({});\r\n<\/script><\/div><\/div><br style=\"clear: both; display: block; float: none;\"\/>\n\n\n\n<h3 class=\"wp-block-heading\">&#8220;Tu\u0111man je imao lijep osmijeh&#8221;<\/h3>\n\n\n\n<p>&#8220;Dr.\u00a0<strong>Franju Tu\u0111mana<\/strong>\u00a0sam po\u0161tovala kao predsjednika, nismo bili jako bliski. U \u010duvenom vlaku za Knin sam mu pri\u0161la i rekla mu \u2013 Gospodine predsjedni\u010de, za\u0161to se malo \u010de\u0161\u0107e ne smijete? A tako ste zgodni kad se smijete. On se vrlo rijetko smijao. Mrgodan \u010dovjek nije simpati\u010dan \u010dovjek. Daj se malo nasmije\u0161i!\u201d kazala je  svojevremeno pjeva\u010dica za Jutarnji list.<\/p>\n\n\n\n<h3 class=\"wp-block-heading\">&#8220;Titu sam pjevala Nabucco&#8221;<\/h3>\n\n\n\n<p>&#8220;A Tito je bio \u0161armer, stvarno \u0161armantan \u010dovjek. On za mene nije bio Tito niti mar\u0161al Tito, nego je bio i ostao&nbsp;<strong>Josip Broz<\/strong>. Za njega se pri\u010dalo da je Rus. A on je govorio zagorski. Jako je volio da sjedim pored njega i da mu pjevam Nabucco. Ja sam ga na jednom skupu zapjevala, a&nbsp;<strong>Stane Dolanc<\/strong>&nbsp;se ustao i po\u010deo plesati. Tito mu je rekao \u2013 \u0160to to radi\u0161, sjedi tamo! To se slu\u0161a, na to se ne ple\u0161e!&#8221; prisjetila se Tereza Kesovija koja danas tvrdi da se nikada ne bi bavila politikom jer ona uvijek govori ono \u0161to misli.<\/p>\n<div id=\"mojev-1481850603\" class=\"mojev-kraj-teksta mojev-entity-placement\" style=\"margin-bottom: 20px;margin-left: auto;margin-right: auto;text-align: center;\"><div class=\"mojev-adlabel\">oglas<\/div><div style=\"height: 250px;\"><script async src=\"https:\/\/pagead2.googlesyndication.com\/pagead\/js\/adsbygoogle.js?client=ca-pub-8106111766207173\"\r\n     crossorigin=\"anonymous\"><\/script>\r\n<!-- Display-1 -->\r\n<ins class=\"adsbygoogle\"\r\n     style=\"display:block\"\r\n     data-ad-client=\"ca-pub-8106111766207173\"\r\n     data-ad-slot=\"1465712950\"\r\n     data-ad-format=\"auto\"\r\n     data-full-width-responsive=\"true\"><\/ins>\r\n<script>\r\n     (adsbygoogle = window.adsbygoogle || []).push({});\r\n<\/script><\/div><\/div>","protected":false},"excerpt":{"rendered":"<p>Tereza, koju Hrvati smatraju svojim nacionalnim blagom, rado se sje\u0107a  susreta s do\u017eivotnim jugoslavenskim &#8216;bar\u0161unastim diktatorom&#8217; Josipom Brozom Titom, ali i autoritarnim hrvatskim predsjednikom Franjom Tu\u0111manom. <\/p>\n","protected":false},"author":1,"featured_media":33812,"comment_status":"closed","ping_status":"closed","sticky":false,"template":"","format":"standard","meta":{"footnotes":""},"categories":[84],"tags":[99,21,110,1234],"class_list":["post-79052","post","type-post","status-publish","format-standard","has-post-thumbnail","hentry","category-show","tag-alkoholizam","tag-tereza-kesovija","tag-tito","tag-tudman"],"_links":{"self":[{"href":"https:\/\/www.mojevrijeme.hr\/magazin\/wp-json\/wp\/v2\/posts\/79052","targetHints":{"allow":["GET"]}}],"collection":[{"href":"https:\/\/www.mojevrijeme.hr\/magazin\/wp-json\/wp\/v2\/posts"}],"about":[{"href":"https:\/\/www.mojevrijeme.hr\/magazin\/wp-json\/wp\/v2\/types\/post"}],"author":[{"embeddable":true,"href":"https:\/\/www.mojevrijeme.hr\/magazin\/wp-json\/wp\/v2\/users\/1"}],"replies":[{"embeddable":true,"href":"https:\/\/www.mojevrijeme.hr\/magazin\/wp-json\/wp\/v2\/comments?post=79052"}],"version-history":[{"count":0,"href":"https:\/\/www.mojevrijeme.hr\/magazin\/wp-json\/wp\/v2\/posts\/79052\/revisions"}],"wp:featuredmedia":[{"embeddable":true,"href":"https:\/\/www.mojevrijeme.hr\/magazin\/wp-json\/wp\/v2\/media\/33812"}],"wp:attachment":[{"href":"https:\/\/www.mojevrijeme.hr\/magazin\/wp-json\/wp\/v2\/media?parent=79052"}],"wp:term":[{"taxonomy":"category","embeddable":true,"href":"https:\/\/www.mojevrijeme.hr\/magazin\/wp-json\/wp\/v2\/categories?post=79052"},{"taxonomy":"post_tag","embeddable":true,"href":"https:\/\/www.mojevrijeme.hr\/magazin\/wp-json\/wp\/v2\/tags?post=79052"}],"curies":[{"name":"wp","href":"https:\/\/api.w.org\/{rel}","templated":true}]}}