{"id":79085,"date":"2023-07-05T08:12:58","date_gmt":"2023-07-05T06:12:58","guid":{"rendered":"https:\/\/www.mojevrijeme.hr\/magazin\/?p=79085"},"modified":"2023-07-05T08:13:01","modified_gmt":"2023-07-05T06:13:01","slug":"danima-sam-plakala-s-penzijom-zivis-ako-se-ne-razbolis","status":"publish","type":"post","link":"https:\/\/www.mojevrijeme.hr\/magazin\/2023\/07\/danima-sam-plakala-s-penzijom-zivis-ako-se-ne-razbolis\/","title":{"rendered":"&#8216;Danima sam plakala, s penzijom \u017eivi\u0161 ako se ne razboli\u0161&#8217;"},"content":{"rendered":"\n<p>Kad \u010dovjeku u mirovini prihodi padnu na jednu tre\u0107inu onoga \u0161to je primao za radnog vijeka, ostane potpuno u\u017easnut. Mnogi nam umirovljenici ka\u017eu da se isprva uop\u0107e ne usude u\u0107i u du\u0107an, a kamoli si priu\u0161titi kola\u010d u slasti\u010darnici, jer nemaju viziju kako \u0107e izgurati cijeli mjesec.<\/p>\n\n\n\n<p>Najvi\u0161e stradaju samci, jer sami snose tro\u0161kove re\u017eije, hrane i ku\u0107nih popravaka, no na\u0161a \u010ditateljica svjedo\u010di da ni to nije pravilo. Dobro je, za zaklju\u010diti je iz njezine ispovijesti, kad su supru\u017enici zdravi, ali uz dvije slabije hrvatske mirovine, \u010dim se jedan razboli, nastaju veliki problemi.<\/p>\n\n\n\n<h3 class=\"wp-block-heading\"><strong>Danima je plakala<\/strong><\/h3>\n\n\n\n<p>Gospo\u0111a Blanka oti\u0161la je u mirovinu prije osam godina. &#8220;Kad sam se umirovila bila sam u 61. godini \u017eivota. Ostvarila sam do tada 40 godina i 5 mjeseci radnog sta\u017ea. Odgovorno tvrdim da sam radila bez prekida, nikakva bolovanja nisam iskori\u0161tavala, osim porodiljnog&#8221;, zapo\u010dela je svoje pismo upu\u0107eno na\u0161oj redakciji. \u00a0<\/p><div id=\"mojev-1850787388\" class=\"mojev-u-tekstu mojev-entity-placement\" style=\"margin-left: auto;margin-right: auto;text-align: center;\"><div class=\"mojev-adlabel\">oglas<\/div><div style=\"height: 250px;\"><script async src=\"https:\/\/pagead2.googlesyndication.com\/pagead\/js\/adsbygoogle.js?client=ca-pub-8106111766207173\"\r\n     crossorigin=\"anonymous\"><\/script>\r\n<!-- Prikazni 1 u tekstu -->\r\n<ins class=\"adsbygoogle\"\r\n     style=\"display:block\"\r\n     data-ad-client=\"ca-pub-8106111766207173\"\r\n     data-ad-slot=\"8535551207\"\r\n     data-ad-format=\"auto\"\r\n     data-full-width-responsive=\"true\"><\/ins>\r\n<script>\r\n     (adsbygoogle = window.adsbygoogle || []).push({});\r\n<\/script><\/div><\/div><br style=\"clear: both; display: block; float: none;\"\/>\n\n\n\n<p>Istaknula je potom i da je rodila dvoje djece, i da sada trpi nepravdu jer nije dobila dvaput po \u0161est mjeseci sta\u017ea, koji se posljednjih \u010detiri i pol godine priznaje svim majkama kad u\u0111u u mirovinu.<\/p>\n\n\n\n<p>&#8220;Kad sam te 2015. dobila izra\u010dun svoje mirovine, danima sam plakala. Iznos je pokazivao otprilike tre\u0107inu moje dotada\u0161nje pla\u0107e. Mirovina: 2.520 kuna, za toliki radni vijek! Danas je to oko 334 eura. Mo\u017eete li zamisliti kako se s tim mo\u017ee pre\u017eivjeti?&#8221; pita na\u0161a \u010ditateljica Blanka.<\/p>\n\n\n\n<h3 class=\"wp-block-heading\">Primorana raditi<\/h3>\n\n\n\n<p>Nije jedina kojoj je nakon tolikog sta\u017ea, mirovina mizerna. I svaki si dan razbija glavu pitanjima, kako, kako je to mogu\u0107e?!<\/p>\n\n\n\n<p>Najve\u0107e nevolje za nju su po\u010dele kad se razbolio suprug, jer se tro\u0161kovi samo penju. &#8220;Suprug je operirao rak, ima ugra\u0111en stent i sve vi\u0161e postaje dementan. Moram vam re\u0107i da ga u tom stanju moram ostavljati samog kod ku\u0107e, jer ja sam bila primorana i\u0107i ponovo raditi na pola radnog vremena. Ina\u010de ne bi mogli sve popla\u0107ati&#8221;, svjedo\u010di gospo\u0111a Blanka.<\/p>\n\n\n\n<p>&#8220;Jadan je onaj tko mora \u017eivjeti uz takvu mirovinu, a znam da nas ima jako puno&#8221;, pi\u0161e nam utu\u010dena i razo\u010darana gospo\u0111a Blanka koja se svim silama bori za opstanak.<\/p>\n\n\n\n<div id=\"crveno\"><\/p>\n\n\n\n<p>[crvenibox]<\/p>\n\n\n\n<h3 class=\"wp-block-heading\">Zanima nas va\u0161a pri\u010da<\/h3>\n\n\n\n<p>\u017delite li i vi, posve anonimno, podijeliti svoje iskustvo i vi\u0111enje ove teme s nama i na\u0161im \u010ditateljima, mo\u017eete to u\u010diniti putem web obrasca <a rel=\"noreferrer noopener\" href=\"https:\/\/www.mojevrijeme.hr\/magazin\/povjerljivo\/\" target=\"_blank\">Povjerljivo<\/a>. Napi\u0161ite svoju pri\u010du!<\/p>\n\n\n\n<p><\/div>\n<div id=\"mojev-3856067017\" class=\"mojev-kraj-teksta mojev-entity-placement\" style=\"margin-bottom: 20px;margin-left: auto;margin-right: auto;text-align: center;\"><div class=\"mojev-adlabel\">oglas<\/div><div style=\"height: 250px;\"><script async src=\"https:\/\/pagead2.googlesyndication.com\/pagead\/js\/adsbygoogle.js?client=ca-pub-8106111766207173\"\r\n     crossorigin=\"anonymous\"><\/script>\r\n<!-- Display-1 -->\r\n<ins class=\"adsbygoogle\"\r\n     style=\"display:block\"\r\n     data-ad-client=\"ca-pub-8106111766207173\"\r\n     data-ad-slot=\"1465712950\"\r\n     data-ad-format=\"auto\"\r\n     data-full-width-responsive=\"true\"><\/ins>\r\n<script>\r\n     (adsbygoogle = window.adsbygoogle || []).push({});\r\n<\/script><\/div><\/div>","protected":false},"excerpt":{"rendered":"<p>Nakon 40 godina i pet mjeseci sta\u017ea te osam godina u mirovini, umirovljenica Blanka (68) primorana je i dalje raditi na pola radnog vremena. Od mirovine bi, opisuje nam, ona i suprug uz vje\u0161to \u017eongliranje i mogli nekako pre\u017eivjeti, ali on se ozbiljno razbolio pa je postalo nemogu\u0107e podmiriti sve tro\u0161kove.<\/p>\n","protected":false},"author":17,"featured_media":79195,"comment_status":"closed","ping_status":"closed","sticky":false,"template":"","format":"standard","meta":{"footnotes":""},"categories":[3552],"tags":[],"class_list":["post-79085","post","type-post","status-publish","format-standard","has-post-thumbnail","hentry","category-povjerljivo"],"_links":{"self":[{"href":"https:\/\/www.mojevrijeme.hr\/magazin\/wp-json\/wp\/v2\/posts\/79085","targetHints":{"allow":["GET"]}}],"collection":[{"href":"https:\/\/www.mojevrijeme.hr\/magazin\/wp-json\/wp\/v2\/posts"}],"about":[{"href":"https:\/\/www.mojevrijeme.hr\/magazin\/wp-json\/wp\/v2\/types\/post"}],"author":[{"embeddable":true,"href":"https:\/\/www.mojevrijeme.hr\/magazin\/wp-json\/wp\/v2\/users\/17"}],"replies":[{"embeddable":true,"href":"https:\/\/www.mojevrijeme.hr\/magazin\/wp-json\/wp\/v2\/comments?post=79085"}],"version-history":[{"count":0,"href":"https:\/\/www.mojevrijeme.hr\/magazin\/wp-json\/wp\/v2\/posts\/79085\/revisions"}],"wp:featuredmedia":[{"embeddable":true,"href":"https:\/\/www.mojevrijeme.hr\/magazin\/wp-json\/wp\/v2\/media\/79195"}],"wp:attachment":[{"href":"https:\/\/www.mojevrijeme.hr\/magazin\/wp-json\/wp\/v2\/media?parent=79085"}],"wp:term":[{"taxonomy":"category","embeddable":true,"href":"https:\/\/www.mojevrijeme.hr\/magazin\/wp-json\/wp\/v2\/categories?post=79085"},{"taxonomy":"post_tag","embeddable":true,"href":"https:\/\/www.mojevrijeme.hr\/magazin\/wp-json\/wp\/v2\/tags?post=79085"}],"curies":[{"name":"wp","href":"https:\/\/api.w.org\/{rel}","templated":true}]}}