{"id":79200,"date":"2023-07-05T17:02:07","date_gmt":"2023-07-05T15:02:07","guid":{"rendered":"https:\/\/www.mojevrijeme.hr\/magazin\/?p=79200"},"modified":"2023-07-05T17:04:09","modified_gmt":"2023-07-05T15:04:09","slug":"kci-ne-zna-citati-knjigu-da-mozete-sto-biste-mijenjali-u-odgoju-svoje-djece","status":"publish","type":"post","link":"https:\/\/www.mojevrijeme.hr\/magazin\/2023\/07\/kci-ne-zna-citati-knjigu-da-mozete-sto-biste-mijenjali-u-odgoju-svoje-djece\/","title":{"rendered":"&#8216;K\u0107i ne zna \u010ditati knjigu!&#8217; Da mo\u017eete, \u0161to biste mijenjali u odgoju svoje djece?"},"content":{"rendered":"\n<p>Ako ste roditelj, u kasnim ste pedesetima i stariji, a mo\u017eda imate i unuke, nesumnjivo vam se ponekad nametne razmi\u0161ljanje o tome jeste li u odgoju vlastite djece radili ba\u0161 sve kako treba. Mo\u017eda su vam djeca za po\u017eeljeti, mo\u017eda su vam okrenula le\u0111a, mo\u017eda su super uspje\u0161na ili su malo zastranila. <\/p>\n\n\n\n<p>Ma kojim putem im \u017eivoti oti\u0161li, nema roditelja koji misli da je bio savr\u0161en. Barem ste nam tako otkrili u va\u0161im odgovorima na na\u0161e pitanje koje je glasilo: \u0160to bi, da mo\u017eete vratiti vrijeme, promijenili u odgoju djece?<\/p>\n\n\n\n<h3 class=\"wp-block-heading\">Sanja (65)<\/h3>\n\n\n\n<p>Najvi\u0161e sam grije\u0161ila s prvim djetetom. Bila sam stroga majka, zahtijevala sam najbolje ocjene, &#8220;\u0161arafila&#8221; k\u0107er sa \u0161kolskim obavezama, nametala joj svoje odabire kad se prijavljivala za srednje \u0161kole.&nbsp;<\/p><div id=\"mojev-2980321771\" class=\"mojev-u-tekstu mojev-entity-placement\" style=\"margin-left: auto;margin-right: auto;text-align: center;\"><div class=\"mojev-adlabel\">oglas<\/div><div style=\"height: 250px;\"><script async src=\"https:\/\/pagead2.googlesyndication.com\/pagead\/js\/adsbygoogle.js?client=ca-pub-8106111766207173\"\r\n     crossorigin=\"anonymous\"><\/script>\r\n<!-- Prikazni 1 u tekstu -->\r\n<ins class=\"adsbygoogle\"\r\n     style=\"display:block\"\r\n     data-ad-client=\"ca-pub-8106111766207173\"\r\n     data-ad-slot=\"8535551207\"\r\n     data-ad-format=\"auto\"\r\n     data-full-width-responsive=\"true\"><\/ins>\r\n<script>\r\n     (adsbygoogle = window.adsbygoogle || []).push({});\r\n<\/script><\/div><\/div><br style=\"clear: both; display: block; float: none;\"\/>\n\n\n\n<p>Stalno sam je ispitivala kako je bilo u \u0161koli i jesi li pospremila sobu. Da mogu vratiti vrijeme, svaki dan bih je pitala: Kako si? Kako bi voljela da provedemo vrijeme zajedno? Previ\u0161e sam glumila policajku, a premalo je iskreno grlila, razumijevala njezine osje\u0107aje i potrebe.<\/p>\n\n\n\n<h3 class=\"wp-block-heading\">Jana (57)<\/h3>\n\n\n\n<p>Danas k\u0107eri ne bih pokazivala da sam u tolikom stresu zbog posla. Stalno sam uzdisala po ku\u0107i kako mi je te\u0161ko, a kad sam u\u0161la u menopauzu, to je bila luda ku\u0107a. Radila sam naime samo te\u0161ke poslove \u2013 bila sam sobarica u jednom hotelu, poslije sam no\u0107u \u010distila kino dvorane, a zatim se zaposlila u doma\u0107oj tvornici keksa.<\/p>\n\n\n\n<p>Rad na traci u tri smjene za \u017eenu nakon pedesete je ubita\u010dan, ali mogla sam kod ku\u0107e malo primiriti nezadovoljstvo. Tako je k\u0107i dobila poruku da je rad mu\u010denje, a ja smatram da to ne mora biti. Samo \u0161to sam prekasno shvatila da se treba cijeniti da bi se napredovalo, a ja to nisam znala. Eto, to je trebala biti moja poruka mojoj k\u0107eri, da se cijeni, a ne moje kukanje.<\/p>\n\n\n\n<h3 class=\"wp-block-heading\">Mirela (59)<\/h3>\n\n\n\n<p>Pojednostavila bi si \u017eivot \u2013 shvatila sam da nam je za dobro stanje u kuhinji dovoljno minimalno posu\u0111a i pribora. Da je za dobro odijevanje dovoljan jedan ormar osrednje veli\u010dine. Dovoljno je jednom do dvaput tjedno i\u0107i u du\u0107an i na tr\u017enicu. Uz dobru organizaciju mo\u017ee se zdravo jesti i kod ku\u0107e imati \u010disto. Govorim to zato \u0161to sam uvijek ostavljala dijete da se samo igra, dok sam se ja vje\u010dito zapetljavala s ku\u0107anskim poslovima.<\/p>\n\n\n\n<p>Jedino kad smo iza\u0161le van u \u0161etnju, imale smo svoje dragocjene trenutke. Dijete to tako prepoznaje, uvijek se veselila izlascima iz stana. I da mogu vratiti vrijeme, pru\u017eila bih joj vi\u0161e takvih sretnih trenutaka. I danas, kad ima 28, zna mi re\u0107i da nikad nisam imala vremena.<\/p>\n\n\n\n<h3 class=\"wp-block-heading\">Nenad (50)<\/h3>\n\n\n\n<p>Vi\u0161e bih \u010ditao s njima i nau\u010dio ih i\u0107i u knji\u017enicu. Moje k\u0107eri ne znaju \u010ditati knjigu, to mi nije normalno, to mi je stra\u0161no. Mobitel, pa mobitel. \u010citati duge forme na internetu \u2013 to nije mogu\u0107e uz ove kratke tik-tokove i sli\u010dno, stalno im ne\u0161to odvla\u010di pozornost. U dobi su od 19 i 17 godina i primje\u0107ujem da imaju \u0161turiji rje\u010dnik nego \u0161to bi trebale i mogle imati, a napominjem da nisu lo\u0161e u\u010denice. Vidim da se neki roditelji s tim ne zamaraju, ka\u017eu mi da malo tko \u010dita knjige danas. Ka\u017eu mi da je klasike kakve smo mi \u010ditali, toliko pregazilo vrijeme, da je njima to smije\u0161no \u010ditati. Meni to ne dr\u017ei vodu.<\/p>\n\n\n\n<h3 class=\"wp-block-heading\">Nela (50)<\/h3>\n\n\n\n<p>Uglavnom, nakon du\u017eeg razmi\u0161ljanja mogu re\u0107i da ne bi ni\u0161ta promijenila u odgoju djece! Ne zato jer su savr\u0161ena, oni to nisu. Ne zato jer sam ja savr\u0161ena majka, jer nisam. Odgojila sam ih onako kako sam mislila da je najbolje, iako sigurno uvijek mo\u017ee bolje. Da li bi htjela da su uredniji &#8211; da, ali smatram da to trenutno nije presudno za njih, (oboje su tinejd\u017eeri!), ve\u0107 je to va\u017eno meni. Da li bi bilo bolje da su nekad postupili druga\u010dije u nekoj situaciji &#8211; da, ali to je njihov \u017eivot i njihovi postupci za koje moraju odgovarati. I kad grije\u0161e, u\u010de. Ako sam im uspjela dati &#8220;i korijene i krila&#8221; i nau\u010dila ih da razmi\u0161ljaju svojom glavom, pa i kad se ne sla\u017eemo u svemu, smatram da sam uspjela &#8211; to je bio moj cilj.<\/p>\n\n\n\n<h3 class=\"wp-block-heading\">Smiljana (62)<\/h3>\n\n\n\n<p>Da mogu vratiti vrijeme, vi\u0161e bih se posvetila djeci dok su jako mali. Kad si mlad, ima\u0161 \u017eelju i ne\u0161to vidjeti i pro\u017eivjeti, pa koristi\u0161 bake i djedove i za odgoj, a ne samo za \u010duvanje djece. Tako ti izmakne onaj pravi trenutak u\u017eivanja sa djecom. Sve ti to \u017eivot poslije vrati, djeca odrastu, \u017eive svoj \u017eivot i vi\u0161e ne mare puno za nas roditelje.<\/p>\n\n\n\n<h3 class=\"wp-block-heading\">Andrea (68)<\/h3>\n\n\n\n<p>Od dvoje djece, koja su odselila, jedno me svaki dan nazove, drugo jedva jednom tjedno. Prvo dijete, k\u0107i, ba\u0161 sam vezala za sebe i strepila nad njom, a sa sinom, pet godina mla\u0111im, bila sam pun opu\u0161tenija. On je nekako slobodniji, poka\u017ee mi ljubav rijetko i veselo, iznimno je ambiciozan i sre\u0107om optimisti\u010dan. K\u0107i uvijek nazove da bi se \u017ealila, pa smo nakon razgovora obje izmo\u017edene.<\/p>\n\n\n\n<p>S k\u0107eri se \u010de\u0161\u0107e sva\u0111am, ali vidim da je tako i mojim prijateljicama s k\u0107erima, tu vlada i i ljubav i vje\u010dito prepucavanje. Da mogu vratiti vrijeme, poku\u0161ala bih k\u0107eri dati ve\u0107u slobodu izbora u svemu \u2013 od biranja haljinica i gacanja po blatnim lokvicama, do izbora \u0161kole, instrumenta koji svirati, i hrane koju \u0107e staviti na tanjur. Sve sam to vi\u0161e dopu\u0161tala sinu i vidim da je on danas manje optere\u0107en u svemu.<\/p>\n\n\n\n<h3 class=\"wp-block-heading\">Darija (75)<\/h3>\n\n\n\n<p>Stalno sam se sva\u0111ala s mu\u017eem oko ku\u0107anskih poslova \u2013 \u0161teta \u0161to nisam i djecu od malih nogu u\u010dila ne toliko da \u010diste i kuhaju, koliko da svoje stvari stavljaju na mjesto i da barem za sobom pobri\u0161u i urede. Tu sam ja sebe previ\u0161e rastepavala, pa nije bilo onog opu\u0161tenog vremena s njima.<\/p>\n\n\n\n<h3 class=\"wp-block-heading\">Nino (78)<\/h3>\n\n\n\n<p>Djeca su mi jo\u0161 i dobro zavr\u0161ila, kako su mogla, jer se nekad na selu s djecom nismo bavili na na\u010din kako se roditelji bave danas. Gradili smo ku\u0107u pa vikendicu na moru, imali smo njivu, preko ljeta je trebalo i drva cijepati, slagati, ja nikad sa svojom djecom nisam sjeo u slasti\u010darnu na dva sata. S unucima to ispravljam.<\/p>\n\n\n\n<div id=\"crveno\"><\/p>\n\n\n\n<h3 class=\"wp-block-heading\">Zanima nas va\u0161a pri\u010da<\/h3>\n\n\n\n<p>\u017delite li i vi, posve anonimno, podijeliti svoje iskustvo i vi\u0111enje ove teme s nama i na\u0161im \u010ditateljima, mo\u017eete to u\u010diniti putem web obrasca <a rel=\"noreferrer noopener\" href=\"https:\/\/www.mojevrijeme.hr\/magazin\/povjerljivo\/\" target=\"_blank\">Povjerljivo<\/a>. Napi\u0161ite svoju pri\u010du!<\/p>\n\n\n\n<p><\/div>\n<div id=\"mojev-4164233912\" class=\"mojev-kraj-teksta mojev-entity-placement\" style=\"margin-bottom: 20px;margin-left: auto;margin-right: auto;text-align: center;\"><div class=\"mojev-adlabel\">oglas<\/div><div style=\"height: 250px;\"><script async src=\"https:\/\/pagead2.googlesyndication.com\/pagead\/js\/adsbygoogle.js?client=ca-pub-8106111766207173\"\r\n     crossorigin=\"anonymous\"><\/script>\r\n<!-- Display-1 -->\r\n<ins class=\"adsbygoogle\"\r\n     style=\"display:block\"\r\n     data-ad-client=\"ca-pub-8106111766207173\"\r\n     data-ad-slot=\"1465712950\"\r\n     data-ad-format=\"auto\"\r\n     data-full-width-responsive=\"true\"><\/ins>\r\n<script>\r\n     (adsbygoogle = window.adsbygoogle || []).push({});\r\n<\/script><\/div><\/div>","protected":false},"excerpt":{"rendered":"<p>Osobito majke bile su vrlo osje\u0107ajne kad smo ih pitali smatraju li da su negdje pogrije\u0161ile u odgoju djece. Danas su mnoge ve\u0107 bake i kako ka\u017eu, s unu\u010dadi nastoje ispraviti neke propuste koje su, smatraju, napravile s djecom. \u017delimo naglasiti da su i o\u010devi bili emotivni na pitanja o djeci i da su se duboko zapitali jesu li ne\u0161to u odgoju mogli odraditi i bolje.<\/p>\n","protected":false},"author":17,"featured_media":79272,"comment_status":"closed","ping_status":"closed","sticky":false,"template":"","format":"standard","meta":{"footnotes":""},"categories":[2],"tags":[508],"class_list":["post-79200","post","type-post","status-publish","format-standard","has-post-thumbnail","hentry","category-mozaik","tag-odgoj"],"_links":{"self":[{"href":"https:\/\/www.mojevrijeme.hr\/magazin\/wp-json\/wp\/v2\/posts\/79200","targetHints":{"allow":["GET"]}}],"collection":[{"href":"https:\/\/www.mojevrijeme.hr\/magazin\/wp-json\/wp\/v2\/posts"}],"about":[{"href":"https:\/\/www.mojevrijeme.hr\/magazin\/wp-json\/wp\/v2\/types\/post"}],"author":[{"embeddable":true,"href":"https:\/\/www.mojevrijeme.hr\/magazin\/wp-json\/wp\/v2\/users\/17"}],"replies":[{"embeddable":true,"href":"https:\/\/www.mojevrijeme.hr\/magazin\/wp-json\/wp\/v2\/comments?post=79200"}],"version-history":[{"count":0,"href":"https:\/\/www.mojevrijeme.hr\/magazin\/wp-json\/wp\/v2\/posts\/79200\/revisions"}],"wp:featuredmedia":[{"embeddable":true,"href":"https:\/\/www.mojevrijeme.hr\/magazin\/wp-json\/wp\/v2\/media\/79272"}],"wp:attachment":[{"href":"https:\/\/www.mojevrijeme.hr\/magazin\/wp-json\/wp\/v2\/media?parent=79200"}],"wp:term":[{"taxonomy":"category","embeddable":true,"href":"https:\/\/www.mojevrijeme.hr\/magazin\/wp-json\/wp\/v2\/categories?post=79200"},{"taxonomy":"post_tag","embeddable":true,"href":"https:\/\/www.mojevrijeme.hr\/magazin\/wp-json\/wp\/v2\/tags?post=79200"}],"curies":[{"name":"wp","href":"https:\/\/api.w.org\/{rel}","templated":true}]}}