{"id":79302,"date":"2023-07-06T08:56:09","date_gmt":"2023-07-06T06:56:09","guid":{"rendered":"https:\/\/www.mojevrijeme.hr\/magazin\/?p=79302"},"modified":"2023-07-06T08:56:48","modified_gmt":"2023-07-06T06:56:48","slug":"kad-ce-isplata-europskog-novca-umirovljenicima-u-federaciji","status":"publish","type":"post","link":"https:\/\/www.mojevrijeme.hr\/magazin\/2023\/07\/kad-ce-isplata-europskog-novca-umirovljenicima-u-federaciji\/","title":{"rendered":"Kad \u0107e isplata EU pomo\u0107i umirovljenicima u Federaciji?"},"content":{"rendered":"\n<p>Puno  je nejasno\u0107a kada je u pitanju raspodjela jednokratne pomo\u0107i najugro\u017eenijim ku\u0107anstvima u Federaciji BiH pogo\u0111enim inflacijom. Rije\u010d je o novcu Europske unije koji bi se raspodijelio na na\u010din da bi 109.000 ku\u0107anstava dobilo 306 eura (600 KM) jednokratne pomo\u0107i.<\/p>\n\n\n\n<p>Redakciji <a rel=\"noreferrer noopener\" href=\"https:\/\/faktor.ba\/vijest\/kada-ce-poceti-isplata-600-km-pomoci-najugrozenijim-domacinstvima-hoce-li-se-cekati-kraj-godine\/203570\" target=\"_blank\">Faktora<\/a> obratili su se umirovljenici s pitanjem je li istina da ako dva umirovljenika, mu\u017e i \u017eena u ku\u0107anstvu imaju najni\u017ee mirovine 275 eura (538 KM), a recimo jedno od djece radi, pa makar imali samo 306 eura (600 KM), da je ovo ku\u0107anstvo ne\u0107e dobiti pomo\u0107.<\/p>\n\n\n\n<p>&#8220;Vrlo je vjerojatno da ne\u0107e, ali ako su dva umirovljenika s minimalnom mirovinom sama u ku\u0107anstvu, mo\u0107i \u0107e je dobiti&#8221;, rekao je za Faktor <strong>Adnan Tatar<\/strong>, predsjedavaju\u0107i Radne skupine.<\/p><div id=\"mojev-989274670\" class=\"mojev-u-tekstu mojev-entity-placement\" style=\"margin-left: auto;margin-right: auto;text-align: center;\"><div class=\"mojev-adlabel\">oglas<\/div><div style=\"height: 250px;\"><script async src=\"https:\/\/pagead2.googlesyndication.com\/pagead\/js\/adsbygoogle.js?client=ca-pub-8106111766207173\"\r\n     crossorigin=\"anonymous\"><\/script>\r\n<!-- Prikazni 1 u tekstu -->\r\n<ins class=\"adsbygoogle\"\r\n     style=\"display:block\"\r\n     data-ad-client=\"ca-pub-8106111766207173\"\r\n     data-ad-slot=\"8535551207\"\r\n     data-ad-format=\"auto\"\r\n     data-full-width-responsive=\"true\"><\/ins>\r\n<script>\r\n     (adsbygoogle = window.adsbygoogle || []).push({});\r\n<\/script><\/div><\/div><br style=\"clear: both; display: block; float: none;\"\/>\n\n\n\n<p><strong>Mustafa Traki\u0107<\/strong>, predsjednik Saveza udru\u017eenja umirovljenika Zeni\u010dko-dobojskog kantona, ka\u017ee da su kriteriji za dodjelu pomo\u0107i nejasni. &#8220;Drago nam je \u0161to distribucija pomo\u0107i ne\u0107e i\u0107i preko udruga umirovljenika nego preko centara za socijalni rad. Kako \u0107e to u\u010diniti, nije nam vi\u0161e jasno, samo se bojimo da \u0107e mnogim umirovljenicima uzeti novac u bescjenje jer \u0107e im trebati odre\u0111ena papirologija, a znate da svaki papir ko\u0161ta. Bojimo se, zato \u0161utimo&#8221;, ka\u017ee Traki\u0107 i dodaje: &#8220;Trebalo je odmah razjasniti tko \u0107e dobiti jednokratnih 306 eura i koji kriteriji trebaju biti ispunjeni, kao i kada \u0107e po\u010deti realizacija.<\/p>\n\n\n\n<p>&#8220;Kao radna skupina zavr\u0161ili smo posao. Za realizaciju ne\u0107emo \u010dekati kraj godine. Realizacija \u0107e krenuti ove godine. Zbog procedura s EU realno je bilo o\u010dekivati \u200b\u200bda to ne mo\u017ee biti zbog tro\u0161kova u zimi koja je iza nas. Tu je i potpisivanje velikog broja sporazuma i sli\u010dno. Realizacija ovisi o EU i potpori koju \u0107e pru\u017eiti, odnosno nadzoru, tj. monitoringa, koji je jako bitan kako bi sve bilo \u0161to preciznije po kategorijama&#8221;, kazao je za Faktor Adnan Tatar, predsjedavaju\u0107i Radne skupine.<\/p>\n<div id=\"mojev-2528145976\" class=\"mojev-kraj-teksta mojev-entity-placement\" style=\"margin-bottom: 20px;margin-left: auto;margin-right: auto;text-align: center;\"><div class=\"mojev-adlabel\">oglas<\/div><div style=\"height: 250px;\"><script async src=\"https:\/\/pagead2.googlesyndication.com\/pagead\/js\/adsbygoogle.js?client=ca-pub-8106111766207173\"\r\n     crossorigin=\"anonymous\"><\/script>\r\n<!-- Display-1 -->\r\n<ins class=\"adsbygoogle\"\r\n     style=\"display:block\"\r\n     data-ad-client=\"ca-pub-8106111766207173\"\r\n     data-ad-slot=\"1465712950\"\r\n     data-ad-format=\"auto\"\r\n     data-full-width-responsive=\"true\"><\/ins>\r\n<script>\r\n     (adsbygoogle = window.adsbygoogle || []).push({});\r\n<\/script><\/div><\/div>","protected":false},"excerpt":{"rendered":"<p>Distribucija novca ne\u0107e i\u0107i preko udruga, ve\u0107 preko centara za socijalni rad, no umirovljenici se pitaju tko \u0107e ga dobiti i kakvi su kriteriji.<\/p>\n","protected":false},"author":1,"featured_media":55682,"comment_status":"closed","ping_status":"closed","sticky":false,"template":"","format":"standard","meta":{"footnotes":""},"categories":[9],"tags":[3055,574,3411],"class_list":["post-79302","post","type-post","status-publish","format-standard","has-post-thumbnail","hentry","category-vijesti","tag-energetski-dodatak","tag-europska-unija","tag-federacija-bih"],"_links":{"self":[{"href":"https:\/\/www.mojevrijeme.hr\/magazin\/wp-json\/wp\/v2\/posts\/79302","targetHints":{"allow":["GET"]}}],"collection":[{"href":"https:\/\/www.mojevrijeme.hr\/magazin\/wp-json\/wp\/v2\/posts"}],"about":[{"href":"https:\/\/www.mojevrijeme.hr\/magazin\/wp-json\/wp\/v2\/types\/post"}],"author":[{"embeddable":true,"href":"https:\/\/www.mojevrijeme.hr\/magazin\/wp-json\/wp\/v2\/users\/1"}],"replies":[{"embeddable":true,"href":"https:\/\/www.mojevrijeme.hr\/magazin\/wp-json\/wp\/v2\/comments?post=79302"}],"version-history":[{"count":0,"href":"https:\/\/www.mojevrijeme.hr\/magazin\/wp-json\/wp\/v2\/posts\/79302\/revisions"}],"wp:featuredmedia":[{"embeddable":true,"href":"https:\/\/www.mojevrijeme.hr\/magazin\/wp-json\/wp\/v2\/media\/55682"}],"wp:attachment":[{"href":"https:\/\/www.mojevrijeme.hr\/magazin\/wp-json\/wp\/v2\/media?parent=79302"}],"wp:term":[{"taxonomy":"category","embeddable":true,"href":"https:\/\/www.mojevrijeme.hr\/magazin\/wp-json\/wp\/v2\/categories?post=79302"},{"taxonomy":"post_tag","embeddable":true,"href":"https:\/\/www.mojevrijeme.hr\/magazin\/wp-json\/wp\/v2\/tags?post=79302"}],"curies":[{"name":"wp","href":"https:\/\/api.w.org\/{rel}","templated":true}]}}