{"id":79446,"date":"2023-07-08T09:34:41","date_gmt":"2023-07-08T07:34:41","guid":{"rendered":"https:\/\/www.mojevrijeme.hr\/magazin\/?p=79446"},"modified":"2023-07-08T09:34:45","modified_gmt":"2023-07-08T07:34:45","slug":"ljerka-76-grozno-mi-je-to-ali-hodam-od-ducana-do-ducana-i-trazim-akcije","status":"publish","type":"post","link":"https:\/\/www.mojevrijeme.hr\/magazin\/2023\/07\/ljerka-76-grozno-mi-je-to-ali-hodam-od-ducana-do-ducana-i-trazim-akcije\/","title":{"rendered":"Ljerka (76): Grozno mi je to, ali hodam od du\u0107ana do du\u0107ana i tra\u017eim akcije"},"content":{"rendered":"\n<p>Umirovljenica Ljerka \u017eivi na zagreba\u010dkoj Tre\u0161njevci. Tr\u017enica, na koju je nekad i\u0161la dva, tri puta tjedno, sada joj je postala preskupa. Otkako je udovica i u mirovini koja iznosi, kako ka\u017ee, &#8220;tristo i ne\u0161to eura&#8221;, po raznim du\u0107anima mora ra\u010dunati to\u010dni zbroj svega \u0161to kupuje. Ako se malo zenese, ka\u017ee, ne\u0107e izgurati do dana idu\u0107e penzije. Osim \u0161to gleda \u0161to je na akciji, \u010desto kupi i robu sni\u017eenu zbog skorog isteka roka trajanja.<\/p>\n\n\n\n<p>&#8220;Ovo je postalo grozno, nikad mi nije bilo te\u017ee. Sve je poskupjelo, mirovina je nikakva, a u du\u0107an se mora. Imam mali fri\u017eider i ljeti nemam gdje dr\u017eati ve\u0107e koli\u010dine hrane, pa radije svako jutro odem po ono \u0161to mi treba za taj dan. A onda, znate kako je, ako se penzioner ne dr\u017ei to\u010dno popisa, dugo \u0107e polusit \u010dekati mirovinu&#8221;, ka\u017ee nam gospo\u0111a Ljerka.<\/p>\n\n\n\n<h3 class=\"wp-block-heading\">Prati prospekte s akcijama<\/h3>\n\n\n\n<p>U blizini svog stana, ka\u017ee, ima tri ve\u0107a du\u0107ana, od toga jedan diskontni. &#8220;Uzmem si prospekte i onda si gledam gdje je \u0161to taj tjedan povoljnije. Znam u danu i\u0107i u sva tri du\u0107ana, e da, \u0161e\u0107em od jednog do drugog s malim ruksakom, kupim \u0161to je gdje na akciji. Izra\u010dunala sam da, kad sve popla\u0107am, imam oko 7 eura dnevno za tro\u0161iti. Samo, nije to uvijek za hranu, od toga ja moram otkinuti i &#8216;za \u010darapu&#8217;, ako se ne\u0161to doma pokvari, ako dolaze unuci na ru\u010dak, ako su ro\u0111endani ili neke prigode&#8221;, govori nam iskreno.<\/p><div id=\"mojev-3691864394\" class=\"mojev-u-tekstu mojev-entity-placement\" style=\"margin-left: auto;margin-right: auto;text-align: center;\"><div class=\"mojev-adlabel\">oglas<\/div><div style=\"height: 250px;\"><script async src=\"https:\/\/pagead2.googlesyndication.com\/pagead\/js\/adsbygoogle.js?client=ca-pub-8106111766207173\"\r\n     crossorigin=\"anonymous\"><\/script>\r\n<!-- Prikazni 1 u tekstu -->\r\n<ins class=\"adsbygoogle\"\r\n     style=\"display:block\"\r\n     data-ad-client=\"ca-pub-8106111766207173\"\r\n     data-ad-slot=\"8535551207\"\r\n     data-ad-format=\"auto\"\r\n     data-full-width-responsive=\"true\"><\/ins>\r\n<script>\r\n     (adsbygoogle = window.adsbygoogle || []).push({});\r\n<\/script><\/div><\/div><br style=\"clear: both; display: block; float: none;\"\/>\n\n\n\n<p>K\u0107i joj, ka\u017ee nadalje, \u017eeli ugoditi pa joj ponekad donese kakvu potrep\u0161tinu, ali i njezina obitelj ima svoje potrebe, pa ju ne \u017eeli ni\u010dim optere\u0107ivati. &#8220;Pa mene je sramota da meni k\u0107i mora pomagati, ja jo\u0161 uvijek imam onaj osje\u0107aj maj\u010dinstva kad sam se ja za nju brinula, a sada bih voljela pomo\u0107i i njezinoj obitelji i unucima, a nemam s \u010dim&#8221;, iskrena je.<\/p>\n\n\n\n<h3 class=\"wp-block-heading\">Kupuje i u <em>second handu<\/em><\/h3>\n\n\n\n<p>Na pohod po du\u0107anima se, ka\u017ee, sasvim navikla, to joj je dio jutarnje rutine. &#8220;Ujutro se lijepo spremim, iza\u0111em iz ku\u0107e i obavljam svoje. Ponekad usput kad idem u du\u0107an naletim i na totalno sni\u017eenje u <em>second hand<\/em> du\u0107anu, pa u\u0111em, nije mi problem kupiti neku rabljenu bluzicu, na\u0111e se ba\u0161 lijepih. Platim ju euro, najvi\u0161e euro i pol, operem, namiri\u0161em, i eto me, k&#8217;o nova&#8221;, nasmije nas.<\/p>\n\n\n\n<h3 class=\"wp-block-heading\">S prijateljicama vi\u0161e ne ide u kafi\u0107e<\/h3>\n\n\n\n<p>&#8220;Kako va\u0161e susjede, znanice, imaju li bolje mirovine?&#8221; pitamo je. &#8220;Malo koja je dobro pro\u0161la. Mi kad se sretnemo uvijek si ka\u017eemo za\u0161to bi u kafi\u0107u pla\u0107ale kavu, idemo k jednoj doma. Onda se obavezno povede i pri\u010da gdje je u kojem du\u0107anu \u0161to povoljnije pa si uka\u017eemo na kakvu dobru priliku. Nekad smo se petkom na\u0161le na placu pa bi i\u0161le na pr\u017eene srdelice i malo krumpir salate, mo\u017ee se tamo ispred kioska i pojesti s nogu. Sad i to preska\u010demo, sve nam je nekako postalo preskupo&#8221;, povjerila nam se.<\/p>\n\n\n\n<p>Uzdahne, ka\u017ee, \u010desto, nije si mislila da \u0107e ovako dugo \u017eivjeti sama, da \u0107e mirovina biti nedostatna za malo, sasvim malo lagodniji \u017eivot. &#8220;Dojadi \u010dovjeku pretakati iz \u0161upljeg u prazno. Voljela bih i ja oti\u0107i malo do grada, priu\u0161titi si ne\u0161to, uplatiti kakav te\u010daj mo\u017eda, nau\u010diti ne\u0161to novo. U kino predugo nisam i\u0161la, ni u kazali\u0161te, ba\u0161 bih voljela. Strah me i pitati koliko su sada karte, ali dobro ste me i podsjetili, mogla bih u ljetno kino jednu ve\u010der. Na more ne idem, iako me prijateljica zove k sebi, opet \u010dovjek treba ne\u0161to odnijeti, ne\u0161to i tamo potro\u0161iti, ni prijevoz nije ba\u0161 tako jeftin. Ne\u0107u onda u jesen opet bez prebijene kune, ups, centa&#8221;, govori u svemu oprezna i odgovorna umirovljenica Ljerka.<\/p>\n\n\n\n<div id=\"crveno\"><\/p>\n\n\n\n<h3 class=\"wp-block-heading\">Zanima nas va\u0161a pri\u010da<\/h3>\n\n\n\n<p>\u017delite li i vi, posve anonimno, podijeliti svoje iskustvo i vi\u0111enje ove teme s nama i na\u0161im \u010ditateljima, mo\u017eete to u\u010diniti putem web obrasca <a rel=\"noreferrer noopener\" href=\"https:\/\/www.mojevrijeme.hr\/magazin\/povjerljivo\/\" target=\"_blank\">Povjerljivo<\/a>. Napi\u0161ite svoju pri\u010du!<\/p>\n\n\n\n<p><\/div>\n<div id=\"mojev-1659647978\" class=\"mojev-kraj-teksta mojev-entity-placement\" style=\"margin-bottom: 20px;margin-left: auto;margin-right: auto;text-align: center;\"><div class=\"mojev-adlabel\">oglas<\/div><div style=\"height: 250px;\"><script async src=\"https:\/\/pagead2.googlesyndication.com\/pagead\/js\/adsbygoogle.js?client=ca-pub-8106111766207173\"\r\n     crossorigin=\"anonymous\"><\/script>\r\n<!-- Display-1 -->\r\n<ins class=\"adsbygoogle\"\r\n     style=\"display:block\"\r\n     data-ad-client=\"ca-pub-8106111766207173\"\r\n     data-ad-slot=\"1465712950\"\r\n     data-ad-format=\"auto\"\r\n     data-full-width-responsive=\"true\"><\/ins>\r\n<script>\r\n     (adsbygoogle = window.adsbygoogle || []).push({});\r\n<\/script><\/div><\/div>","protected":false},"excerpt":{"rendered":"<p>Umirovljenica Ljerka (76) iz Zagreba svako jutro skuje plan koje \u0107e du\u0107ane obi\u0107i i gdje \u0107e \u0161to kupiti za ru\u010dak i ve\u010deru, sutra\u0161nji doru\u010dak. Lovi samo ono \u0161to je na akcijama, ima jutara kad obi\u0111e i tri du\u0107ana. Malo je na\u0161ih umirovljenika koji se ne srame o tome naglas govoriti, a znamo da gospo\u0111a Ljerka nije jedina koja se zbog male mirovine ne smije opustiti! Pitamo samo, tko se tu treba sramiti, pa gospo\u0111a Ljerka je radila 37 godina\u2026<\/p>\n","protected":false},"author":17,"featured_media":79506,"comment_status":"closed","ping_status":"closed","sticky":false,"template":"","format":"standard","meta":{"footnotes":""},"categories":[3552],"tags":[1436,237,236],"class_list":["post-79446","post","type-post","status-publish","format-standard","has-post-thumbnail","hentry","category-povjerljivo","tag-povjerljivo","tag-siromastvo","tag-standard"],"_links":{"self":[{"href":"https:\/\/www.mojevrijeme.hr\/magazin\/wp-json\/wp\/v2\/posts\/79446","targetHints":{"allow":["GET"]}}],"collection":[{"href":"https:\/\/www.mojevrijeme.hr\/magazin\/wp-json\/wp\/v2\/posts"}],"about":[{"href":"https:\/\/www.mojevrijeme.hr\/magazin\/wp-json\/wp\/v2\/types\/post"}],"author":[{"embeddable":true,"href":"https:\/\/www.mojevrijeme.hr\/magazin\/wp-json\/wp\/v2\/users\/17"}],"replies":[{"embeddable":true,"href":"https:\/\/www.mojevrijeme.hr\/magazin\/wp-json\/wp\/v2\/comments?post=79446"}],"version-history":[{"count":0,"href":"https:\/\/www.mojevrijeme.hr\/magazin\/wp-json\/wp\/v2\/posts\/79446\/revisions"}],"wp:featuredmedia":[{"embeddable":true,"href":"https:\/\/www.mojevrijeme.hr\/magazin\/wp-json\/wp\/v2\/media\/79506"}],"wp:attachment":[{"href":"https:\/\/www.mojevrijeme.hr\/magazin\/wp-json\/wp\/v2\/media?parent=79446"}],"wp:term":[{"taxonomy":"category","embeddable":true,"href":"https:\/\/www.mojevrijeme.hr\/magazin\/wp-json\/wp\/v2\/categories?post=79446"},{"taxonomy":"post_tag","embeddable":true,"href":"https:\/\/www.mojevrijeme.hr\/magazin\/wp-json\/wp\/v2\/tags?post=79446"}],"curies":[{"name":"wp","href":"https:\/\/api.w.org\/{rel}","templated":true}]}}