{"id":79637,"date":"2023-07-10T10:21:53","date_gmt":"2023-07-10T08:21:53","guid":{"rendered":"https:\/\/www.mojevrijeme.hr\/magazin\/?p=79637"},"modified":"2023-07-10T13:46:07","modified_gmt":"2023-07-10T11:46:07","slug":"skuplja-boce-po-kutini-gladni-smo-i-bez-auta-mirovina-ode-na-lijekove-za-sina","status":"publish","type":"post","link":"https:\/\/www.mojevrijeme.hr\/magazin\/2023\/07\/skuplja-boce-po-kutini-gladni-smo-i-bez-auta-mirovina-ode-na-lijekove-za-sina\/","title":{"rendered":"Pri\u010da iz Kutine: &#8216;Skupljam boce, gladni smo. Mirovina ode na lijekove za sina&#8217;"},"content":{"rendered":"\n<p>\u017divotne okolnosti nisu i\u0161le na ruku gospo\u0111i Sanji i njezinoj obitelji. Njezin suprug je hrvatski branitelj koji je zdravlje i sve \u0161to je mogao dao za svoju domovinu, a sada, tvrdi na\u0161a \u010ditateljica, nikoga nije briga \u0161to je obitelj gladna. <\/p>\n\n\n\n<p>&#8220;Suprug, sin i ja pre\u017eivljavamo od njegove mirovine, i to ne cijele, ve\u0107 od dijela koji dobijemo na za\u0161ti\u0107eni ra\u010dun. To je dostatno za re\u017eije i ne ostane nam ba\u0161 ni\u0161ta. Sin je te\u0161ko bolestan, a sada smo se svi razboljeli jer smo stalno gladni i \u017eedni&#8221;, opisuje svoju te\u0161ku \u017eivotnu situaciju gospo\u0111a Sanja.<\/p>\n\n\n\n<p>Osim hrane, potrebni su im lijekovi, kao i higijenske potrep\u0161tine. &#8220;Skupljamo prazne boce po sme\u0107u po mom voljenom gradu, gradu u kojem sam se rodila i u kojem \u0107u i umrijeti. S tim \u0161to od toga dobijemo, kupimo nekad lijekove, nekad kruh, pa ni za kruh ne skupimo uvijek dovoljno. Nemamo nikog svog, u svemu smo sami. Sin ne dobiva ni\u0161ta, a zbog te\u0161ke bolesti ne mo\u017ee raditi. Ne znamo se vi\u0161e kome obratiti za pomo\u0107&#8221;, opisuje nadalje na\u0161a \u010ditateljica.<\/p><div id=\"mojev-2203746008\" class=\"mojev-u-tekstu mojev-entity-placement\" style=\"margin-left: auto;margin-right: auto;text-align: center;\"><div class=\"mojev-adlabel\">oglas<\/div><div style=\"height: 250px;\"><script async src=\"https:\/\/pagead2.googlesyndication.com\/pagead\/js\/adsbygoogle.js?client=ca-pub-8106111766207173\"\r\n     crossorigin=\"anonymous\"><\/script>\r\n<!-- Prikazni 1 u tekstu -->\r\n<ins class=\"adsbygoogle\"\r\n     style=\"display:block\"\r\n     data-ad-client=\"ca-pub-8106111766207173\"\r\n     data-ad-slot=\"8535551207\"\r\n     data-ad-format=\"auto\"\r\n     data-full-width-responsive=\"true\"><\/ins>\r\n<script>\r\n     (adsbygoogle = window.adsbygoogle || []).push({});\r\n<\/script><\/div><\/div><br style=\"clear: both; display: block; float: none;\"\/>\n\n\n\n<h3 class=\"wp-block-heading\">Suprug sina na le\u0111ima nosi na hitnu<\/h3>\n\n\n\n<p>Kako nam je povjerila, suprug je te\u0161ki sr\u010dani bolesnik, no prisiljen je vu\u0107i vodu iz bunara, nemaju za hidropak. &#8220;Vu\u010de vodu, pa mu pozli. Ni sinu ne mo\u017eemo kupiti ventilator da lak\u0161e podnese bolest po ovim vru\u0107inama. Kad mu je bilo lo\u0161e, suprug ga je na le\u0111ima nosio do hitne. Nemamo automobil ve\u0107 godinama&#8221;, napisala je.<\/p>\n\n\n\n<p>Gladni i \u017eedni, bore se za goli \u017eivot. Poku\u0161ali su pokucati na nekoliko vrata u gradu, nitko im nije iza\u0161ao u susret. &#8220;Nikad nismo dobili ni jedan energetski dodatak niti bo\u017ei\u0107nicu niti uskrsnicu jer se ne ide po imovinskom cenzusu. Nitko ne zna kako to moj suprug podnosi i kako mu te\u0161ko pada nepravda i nebriga za hrvatskog branitelja, njegovo bolesno dijete i suprugu&#8221;, po\u017ealila se.<\/p>\n\n\n\n<h3 class=\"wp-block-heading\">Navikli biti gladni<\/h3>\n\n\n\n<p>Suprug i ona su u 62. godini \u017eivota. Bolest ih je, ka\u017ee na\u0161a \u010ditateljica Sanja, satrla zbog gladi. &#8220;Godinama brinemo o bolesnom sinu i ako ne\u0161to ostane od mirovine i zaradimo od boca, to je za njega, a mi ako imamo za pojesti imamo, ako nemamo, nemamo. Ne krivimo nikoga, ve\u0107 smo navikli ovako \u017eivjeti jer ne znamo za bolje. Ne dao Bog nikome ovako, tu\u017eni smo i sami&#8221;, tragi\u010dno je svjedo\u010danstvo na\u0161e \u010ditateljice.<\/p>\n\n\n\n<div id=\"crveno\"><\/p>\n\n\n\n<h3 class=\"wp-block-heading\">Zanima nas va\u0161a pri\u010da<\/h3>\n\n\n\n<p>\u017delite li i vi, posve anonimno, podijeliti svoje iskustvo i vi\u0111enje ove teme s nama i na\u0161im \u010ditateljima, mo\u017eete to u\u010diniti putem web obrasca <a rel=\"noreferrer noopener\" href=\"https:\/\/www.mojevrijeme.hr\/magazin\/povjerljivo\/\" target=\"_blank\">Povjerljivo<\/a>. Napi\u0161ite svoju pri\u010du!<\/p>\n\n\n\n<p><\/div>\n<div id=\"mojev-1921798452\" class=\"mojev-kraj-teksta mojev-entity-placement\" style=\"margin-bottom: 20px;margin-left: auto;margin-right: auto;text-align: center;\"><div class=\"mojev-adlabel\">oglas<\/div><div style=\"height: 250px;\"><script async src=\"https:\/\/pagead2.googlesyndication.com\/pagead\/js\/adsbygoogle.js?client=ca-pub-8106111766207173\"\r\n     crossorigin=\"anonymous\"><\/script>\r\n<!-- Display-1 -->\r\n<ins class=\"adsbygoogle\"\r\n     style=\"display:block\"\r\n     data-ad-client=\"ca-pub-8106111766207173\"\r\n     data-ad-slot=\"1465712950\"\r\n     data-ad-format=\"auto\"\r\n     data-full-width-responsive=\"true\"><\/ins>\r\n<script>\r\n     (adsbygoogle = window.adsbygoogle || []).push({});\r\n<\/script><\/div><\/div>","protected":false},"excerpt":{"rendered":"<p>Puno pisama na\u0161ih \u010ditatelja govore o te\u0161kom \u017eivotu umirovljenika, a sada nam je stiglo i tragi\u010dno pismo \u010ditateljice Sanje koja svjedo\u010di da je njezina tro\u010dlana obitelj doslovno gladna. Kad proda boce koje skuplja po svojoj Kutini, najprije hranu i lijekove kupi bolesnom sinu, a ona i suprug su, opisuje, navikli na glad.<\/p>\n","protected":false},"author":17,"featured_media":79670,"comment_status":"closed","ping_status":"closed","sticky":false,"template":"","format":"standard","meta":{"footnotes":""},"categories":[3552],"tags":[],"class_list":["post-79637","post","type-post","status-publish","format-standard","has-post-thumbnail","hentry","category-povjerljivo"],"_links":{"self":[{"href":"https:\/\/www.mojevrijeme.hr\/magazin\/wp-json\/wp\/v2\/posts\/79637","targetHints":{"allow":["GET"]}}],"collection":[{"href":"https:\/\/www.mojevrijeme.hr\/magazin\/wp-json\/wp\/v2\/posts"}],"about":[{"href":"https:\/\/www.mojevrijeme.hr\/magazin\/wp-json\/wp\/v2\/types\/post"}],"author":[{"embeddable":true,"href":"https:\/\/www.mojevrijeme.hr\/magazin\/wp-json\/wp\/v2\/users\/17"}],"replies":[{"embeddable":true,"href":"https:\/\/www.mojevrijeme.hr\/magazin\/wp-json\/wp\/v2\/comments?post=79637"}],"version-history":[{"count":0,"href":"https:\/\/www.mojevrijeme.hr\/magazin\/wp-json\/wp\/v2\/posts\/79637\/revisions"}],"wp:featuredmedia":[{"embeddable":true,"href":"https:\/\/www.mojevrijeme.hr\/magazin\/wp-json\/wp\/v2\/media\/79670"}],"wp:attachment":[{"href":"https:\/\/www.mojevrijeme.hr\/magazin\/wp-json\/wp\/v2\/media?parent=79637"}],"wp:term":[{"taxonomy":"category","embeddable":true,"href":"https:\/\/www.mojevrijeme.hr\/magazin\/wp-json\/wp\/v2\/categories?post=79637"},{"taxonomy":"post_tag","embeddable":true,"href":"https:\/\/www.mojevrijeme.hr\/magazin\/wp-json\/wp\/v2\/tags?post=79637"}],"curies":[{"name":"wp","href":"https:\/\/api.w.org\/{rel}","templated":true}]}}