{"id":79660,"date":"2023-07-11T06:55:26","date_gmt":"2023-07-11T04:55:26","guid":{"rendered":"https:\/\/www.mojevrijeme.hr\/magazin\/?p=79660"},"modified":"2023-07-11T06:55:30","modified_gmt":"2023-07-11T04:55:30","slug":"trudna-sam-dobila-otkaz-nitko-me-vise-nije-htio-i-evo-mi-248-eura-mirovine","status":"publish","type":"post","link":"https:\/\/www.mojevrijeme.hr\/magazin\/2023\/07\/trudna-sam-dobila-otkaz-nitko-me-vise-nije-htio-i-evo-mi-248-eura-mirovine\/","title":{"rendered":"&#8216;Trudna sam dobila otkaz, nitko me vi\u0161e nije htio. I evo mi 248 eura mirovine&#8217;"},"content":{"rendered":"\n<p>Danas umirovljenica, gospo\u0111a Renata radila je u grafi\u010dkom poduze\u0107u od 1979. do po\u010detka rata. Te 1991. bila je trudna sedam mjeseci, kad je u plavoj koverti dobila kratku obavijest da joj je prestao radni odnos i da do\u0111e po radnu knji\u017eicu. Nitko ju nije htio za\u0161titi i pomo\u0107i joj, a kako ka\u017ee, pokucala je tada na mnoga vrata. Nevolja se samo umno\u017eila kad su ubrzo nakon toga njenog supruga pozvali na rati\u0161te. Nikad se do kraja nisu oporavili od tog udarca.<\/p>\n\n\n\n<p>&#8220;\u017dene koje su 90-ih tra\u017eile posao i imale dvoje male djece, ba\u0161 poput mene, znaju \u0161to je u toj situaciji zna\u010dilo tra\u017eiti stalni radni odnos! Nemogu\u0107u misiju! Tada sam po\u010dela raditi sve mogu\u0107e poslove &#8211; povremeno sam \u010distila kod bogatih ljudi, prodavala sam na placu, prihvatila se i prodaje od vrata do vrata&#8217;, i jo\u0161 \u0161to\u0161ta.&#8221;<\/p>\n\n\n\n<h3 class=\"wp-block-heading\">Oboljela od rijetke bolesti<\/h3>\n\n\n\n<p>Onda je, isti\u010de, do\u0161ao taj nesretni rat kad je suprug mobiliziran. Kako je pre\u017eivjela s dvoje male djece i ovakvim poslovima, ka\u017ee, ni sama ne zna. &#8220;A suprug, on se s rati\u0161ta vratio <em>\u0107aknut<\/em>, kako ga sada zovu oni koji su pobjegli. Njegova mirovina danas iznosi 310 eura, eto, samo \u0107u toliko re\u0107i o &#8216;velikim&#8217; braniteljskim mirovinama!&#8221; otkrila je.<\/p><div id=\"mojev-3588885854\" class=\"mojev-u-tekstu mojev-entity-placement\" style=\"margin-left: auto;margin-right: auto;text-align: center;\"><div class=\"mojev-adlabel\">oglas<\/div><div style=\"height: 250px;\"><script async src=\"https:\/\/pagead2.googlesyndication.com\/pagead\/js\/adsbygoogle.js?client=ca-pub-8106111766207173\"\r\n     crossorigin=\"anonymous\"><\/script>\r\n<!-- Prikazni 1 u tekstu -->\r\n<ins class=\"adsbygoogle\"\r\n     style=\"display:block\"\r\n     data-ad-client=\"ca-pub-8106111766207173\"\r\n     data-ad-slot=\"8535551207\"\r\n     data-ad-format=\"auto\"\r\n     data-full-width-responsive=\"true\"><\/ins>\r\n<script>\r\n     (adsbygoogle = window.adsbygoogle || []).push({});\r\n<\/script><\/div><\/div><br style=\"clear: both; display: block; float: none;\"\/>\n\n\n\n<p>Nakon tolikih godina borbe za opstanak, gospo\u0111a Renata je oboljela od rijetke bolesti. &#8220;Na burzi rada su me uputili na invalidsku mirovinu. Ona je iznosila ono najni\u017ee \u0161to se moglo dobiti, i to za 30 godina sta\u017ea \u2013 246 eura primam! U ovoj dr\u017eavi ima se novaca za puno toga, a mi, umirovljenici &#8211; gladujemo! Najgore je to \u0161to me sramota re\u0107i kolika mi je mirovina!&#8221; napominje.<\/p>\n\n\n\n<h3 class=\"wp-block-heading\">Apel Vladi: &#8220;Imate li vi majku i oca?&#8221;<\/h3>\n\n\n\n<p>Mo\u017eemo mi ovdje, pi\u0161e nadalje, pisati o tisu\u0107e sli\u010dnih sudbina, kad na\u0161u Vladu, smatra, za umirovljenike nije briga: &#8220;I ne radi se tu samo o bijednim mirovinama, nama je uzeto dostojanstvo! Vlado Gotovac je 1991. u svom legendarnom govoru poru\u010dio jugoslavenskim generalima: <em>Imate li vi majku?!<\/em> A mi pitamo na\u0161u Vladu: <em>Imate li vi majku i oca?!<\/em>&#8220;<\/p>\n\n\n\n<div id=\"crveno\"><\/p>\n\n\n\n<h3 class=\"wp-block-heading\">Zanima nas va\u0161a pri\u010da<\/h3>\n\n\n\n<p>\u017delite li i vi, posve anonimno, podijeliti svoje iskustvo i vi\u0111enje ove teme s nama i na\u0161im \u010ditateljima, mo\u017eete to u\u010diniti putem web obrasca <a rel=\"noreferrer noopener\" href=\"https:\/\/www.mojevrijeme.hr\/magazin\/povjerljivo\/\" target=\"_blank\">Povjerljivo<\/a>. Napi\u0161ite svoju pri\u010du!<\/p>\n\n\n\n<p><\/div>\n<div id=\"mojev-3336677051\" class=\"mojev-kraj-teksta mojev-entity-placement\" style=\"margin-bottom: 20px;margin-left: auto;margin-right: auto;text-align: center;\"><div class=\"mojev-adlabel\">oglas<\/div><div style=\"height: 250px;\"><script async src=\"https:\/\/pagead2.googlesyndication.com\/pagead\/js\/adsbygoogle.js?client=ca-pub-8106111766207173\"\r\n     crossorigin=\"anonymous\"><\/script>\r\n<!-- Display-1 -->\r\n<ins class=\"adsbygoogle\"\r\n     style=\"display:block\"\r\n     data-ad-client=\"ca-pub-8106111766207173\"\r\n     data-ad-slot=\"1465712950\"\r\n     data-ad-format=\"auto\"\r\n     data-full-width-responsive=\"true\"><\/ins>\r\n<script>\r\n     (adsbygoogle = window.adsbygoogle || []).push({});\r\n<\/script><\/div><\/div>","protected":false},"excerpt":{"rendered":"<p>Gospo\u0111a Renata iz Zagreba svjedo\u010di o vremenu uo\u010di Domovinskog rata i po\u010detku ekonomske tranzicije, kad je na tr\u017ei\u0161tu rada bilo kaoti\u010dno i kad je trudnica lako mogla dobiti otkaz. I ne samo da joj je u trudno\u0107i uru\u010dena radna knji\u017eica, ve\u0107 ju jo\u0161 godinama poslije, kao majku dvoje male djece, nitko nije htio zaposliti. Uspjela je ostvariti 30 godina sta\u017ea i danas prima 246 eura mirovine.<\/p>\n","protected":false},"author":17,"featured_media":79730,"comment_status":"closed","ping_status":"closed","sticky":false,"template":"","format":"standard","meta":{"footnotes":""},"categories":[3552],"tags":[18,1436,237,236],"class_list":["post-79660","post","type-post","status-publish","format-standard","has-post-thumbnail","hentry","category-povjerljivo","tag-mirovine","tag-povjerljivo","tag-siromastvo","tag-standard"],"_links":{"self":[{"href":"https:\/\/www.mojevrijeme.hr\/magazin\/wp-json\/wp\/v2\/posts\/79660","targetHints":{"allow":["GET"]}}],"collection":[{"href":"https:\/\/www.mojevrijeme.hr\/magazin\/wp-json\/wp\/v2\/posts"}],"about":[{"href":"https:\/\/www.mojevrijeme.hr\/magazin\/wp-json\/wp\/v2\/types\/post"}],"author":[{"embeddable":true,"href":"https:\/\/www.mojevrijeme.hr\/magazin\/wp-json\/wp\/v2\/users\/17"}],"replies":[{"embeddable":true,"href":"https:\/\/www.mojevrijeme.hr\/magazin\/wp-json\/wp\/v2\/comments?post=79660"}],"version-history":[{"count":0,"href":"https:\/\/www.mojevrijeme.hr\/magazin\/wp-json\/wp\/v2\/posts\/79660\/revisions"}],"wp:featuredmedia":[{"embeddable":true,"href":"https:\/\/www.mojevrijeme.hr\/magazin\/wp-json\/wp\/v2\/media\/79730"}],"wp:attachment":[{"href":"https:\/\/www.mojevrijeme.hr\/magazin\/wp-json\/wp\/v2\/media?parent=79660"}],"wp:term":[{"taxonomy":"category","embeddable":true,"href":"https:\/\/www.mojevrijeme.hr\/magazin\/wp-json\/wp\/v2\/categories?post=79660"},{"taxonomy":"post_tag","embeddable":true,"href":"https:\/\/www.mojevrijeme.hr\/magazin\/wp-json\/wp\/v2\/tags?post=79660"}],"curies":[{"name":"wp","href":"https:\/\/api.w.org\/{rel}","templated":true}]}}