{"id":79753,"date":"2023-07-12T08:10:53","date_gmt":"2023-07-12T06:10:53","guid":{"rendered":"https:\/\/www.mojevrijeme.hr\/magazin\/?p=79753"},"modified":"2023-07-12T08:19:44","modified_gmt":"2023-07-12T06:19:44","slug":"ocekivala-sam-sok-kad-mi-izracunaju-mirovinu-ali-ne-ovakav","status":"publish","type":"post","link":"https:\/\/www.mojevrijeme.hr\/magazin\/2023\/07\/ocekivala-sam-sok-kad-mi-izracunaju-mirovinu-ali-ne-ovakav\/","title":{"rendered":"O\u010dekivala sam \u0161ok kad mi izra\u010dunaju mirovinu, ali ne ovakav!"},"content":{"rendered":"\n<p>\u010cak i oni koji misle da su se dobro pripremili na \u0161ok po izra\u010dunu mirovine, do\u017eive \u0161ok. Naravno da ve\u0107i \u0161ok o\u010dekuju oni koji imaju manje sta\u017ea i oti\u0161li su u prijevremenu, ali oni koji su odradili 42 godine i \u010dekali 65. ro\u0111endan za svoje umirovljenje, ba\u0161 i ne bi trebali strahovati.<\/p>\n\n\n\n<p>Upravo prestravljena bila je na\u0161a \u010ditateljica <strong>Slavenka<\/strong> koja nikako nije mogla do\u0107i k sebi od \u0161okantne cifre koju je pokazivao izra\u010dun \u2013 uvjete je imala odli\u010dne, ali je unato\u010d tome brojka koja pokazuje iznos mirovine, svjedo\u010di, bila manja od zakonom propisane minimalne. U Hrvatskoj bi tako minimalac iznosio oko 400 eura, ali unato\u010d dobim pla\u0107ama za \u017eivota, nije dobila ni toliko jer je velik dio sta\u017ea ostvarila u BiH pa joj izra\u010dun srazmjerne mirovine nije i\u0161ao na ruku.<\/p>\n\n\n\n<h3 class=\"wp-block-heading\">Stra\u0161na spoznaja<\/h3>\n\n\n\n<p>&#8220;S napunjenih 65 godina \u017eivota predala sam zahtjev za mirovinu, nadaju\u0107i se osrednjoj, jer sam cijeli radni vijek imala prosje\u010dnu pla\u0107u, ili ne\u0161to vi\u0161u od prosjeka. To \u0161to sam vidjela na papiru kad je do\u0161ao izra\u010dun, nisam mogla shvatiti&#8221;, povjerila nam je. I potom opisala kako je tekao njezin radni vijek.<\/p><div id=\"mojev-1856031405\" class=\"mojev-u-tekstu mojev-entity-placement\" style=\"margin-left: auto;margin-right: auto;text-align: center;\"><div class=\"mojev-adlabel\">oglas<\/div><div style=\"height: 250px;\"><script async src=\"https:\/\/pagead2.googlesyndication.com\/pagead\/js\/adsbygoogle.js?client=ca-pub-8106111766207173\"\r\n     crossorigin=\"anonymous\"><\/script>\r\n<!-- Prikazni 1 u tekstu -->\r\n<ins class=\"adsbygoogle\"\r\n     style=\"display:block\"\r\n     data-ad-client=\"ca-pub-8106111766207173\"\r\n     data-ad-slot=\"8535551207\"\r\n     data-ad-format=\"auto\"\r\n     data-full-width-responsive=\"true\"><\/ins>\r\n<script>\r\n     (adsbygoogle = window.adsbygoogle || []).push({});\r\n<\/script><\/div><\/div><br style=\"clear: both; display: block; float: none;\"\/>\n\n\n\n<p>&#8220;Nakon ratnih strahota u Bosni, gdje sam ro\u0111ena, odrasla i \u0161kolovala se, preselili smo u Hrvatsku. Iako sam ve\u0107 bila pre\u0161la pedesetu, uspijevala sam se u Hrvatskoj zaposliti, ali na odre\u0111eno vrijeme, kao sezonac. Zadnjih tri godine, do napunjenih 65 godina, imala sam stalni radni odnos. Skupila sam tako ukupno 12 godina radnog sta\u017ea u Hrvatskoj, a u Bosni sam imala 30. <strong>To su 42 godine sta\u017ea i 65 godina \u017eivota!<\/strong> Kako shvatiti tako mali izra\u010dun srazmjerne mirovine, <strong>manji \u010dak i od propisanog minimalca<\/strong> u zemlji u kojoj \u017eivim?&#8221;, u nevjerici je na\u0161a \u010ditateljica Slavenka.\u00a0<\/p>\n\n\n\n<p>Pita se, kako pre\u017eivjeti nakon svih tih godina rada na poslu koji je zahtijevao maksimalnu koncentraciju i uklju\u010divao rad s ljudima kojih, isti\u010de, ima svakakvih.<\/p>\n\n\n\n<h3 class=\"wp-block-heading\">Tri godine u ratu ne poznaju se na izra\u010dunu<\/h3>\n\n\n\n<p>&#8220;Osim toga, bila sam anga\u017eirana u ratu od strane Hrvatske vojske, s radnom obvezom, i to aktivno sve tri i pol godine. Te godine rata mi jesu priznate u dvostrukom trajanju, ali od toga ja pri izra\u010dunu mirovine nisam dobila ni\u0161ta&#8221;, tvrdi na\u0161a \u010ditateljica.<\/p>\n\n\n\n<p>Da tragedija bude ve\u0107a, prvi dan u mirovini slomila je nogu. Za dobrodo\u0161licu. &#8220;To mi je ote\u017ealo ionako lo\u0161 bud\u017eet. Svakodnevno sam morala na fizikalne terapije&#8230; a to nosi i odre\u0111ene tro\u0161kove&#8221;, napominje.<\/p>\n\n\n\n<p>Za kraj je s nama podijelila jo\u0161 jedno ne ba\u0161 ohrabruju\u0107e, ali realno razmi\u0161ljanje. &#8220;I onda, nakon svih ovih godina rada, pitam se \u0161to savjetovati djeci, unucima, mladima!? Jedino odlazak van, i to \u0161to dalje!&#8221;, zaklju\u010dila je gospo\u0111a Slavenka.&nbsp;<\/p>\n\n\n\n<div id=\"crveno\"><\/p>\n\n\n\n<h3 class=\"wp-block-heading\">Zanima nas va\u0161a pri\u010da<\/h3>\n\n\n\n<p>\u017delite li i vi, posve anonimno, podijeliti svoje iskustvo i vi\u0111enje ove teme s nama i na\u0161im \u010ditateljima, mo\u017eete to u\u010diniti putem web obrasca <a rel=\"noreferrer noopener\" href=\"https:\/\/www.mojevrijeme.hr\/magazin\/povjerljivo\/\" target=\"_blank\">Povjerljivo<\/a>. Napi\u0161ite svoju pri\u010du!<\/p>\n\n\n\n<p><\/div>\n<div id=\"mojev-3306790876\" class=\"mojev-kraj-teksta mojev-entity-placement\" style=\"margin-bottom: 20px;margin-left: auto;margin-right: auto;text-align: center;\"><div class=\"mojev-adlabel\">oglas<\/div><div style=\"height: 250px;\"><script async src=\"https:\/\/pagead2.googlesyndication.com\/pagead\/js\/adsbygoogle.js?client=ca-pub-8106111766207173\"\r\n     crossorigin=\"anonymous\"><\/script>\r\n<!-- Display-1 -->\r\n<ins class=\"adsbygoogle\"\r\n     style=\"display:block\"\r\n     data-ad-client=\"ca-pub-8106111766207173\"\r\n     data-ad-slot=\"1465712950\"\r\n     data-ad-format=\"auto\"\r\n     data-full-width-responsive=\"true\"><\/ins>\r\n<script>\r\n     (adsbygoogle = window.adsbygoogle || []).push({});\r\n<\/script><\/div><\/div>","protected":false},"excerpt":{"rendered":"<p>Kad predaju zahtjev za izra\u010dun mirovine, mnogi u tom trenutku jo\u0161 uvijek do kraja ne osvijeste koliko \u0107e im strelovito pasti primanja. \u010ceka ih jo\u0161 koja pla\u0107a, mo\u017eda ne\u0161to otpremnine, a onda sti\u017ee crno na bijelo: brojka koja \u0107e se do kraja \u017eivota beznadno malo i rijetko mijenjati, nadajmo se, navi\u0161e.<\/p>\n","protected":false},"author":17,"featured_media":79829,"comment_status":"closed","ping_status":"closed","sticky":false,"template":"","format":"standard","meta":{"footnotes":""},"categories":[3552],"tags":[18,3610,236],"class_list":["post-79753","post","type-post","status-publish","format-standard","has-post-thumbnail","hentry","category-povjerljivo","tag-mirovine","tag-srazmjerna-mirovina","tag-standard"],"_links":{"self":[{"href":"https:\/\/www.mojevrijeme.hr\/magazin\/wp-json\/wp\/v2\/posts\/79753","targetHints":{"allow":["GET"]}}],"collection":[{"href":"https:\/\/www.mojevrijeme.hr\/magazin\/wp-json\/wp\/v2\/posts"}],"about":[{"href":"https:\/\/www.mojevrijeme.hr\/magazin\/wp-json\/wp\/v2\/types\/post"}],"author":[{"embeddable":true,"href":"https:\/\/www.mojevrijeme.hr\/magazin\/wp-json\/wp\/v2\/users\/17"}],"replies":[{"embeddable":true,"href":"https:\/\/www.mojevrijeme.hr\/magazin\/wp-json\/wp\/v2\/comments?post=79753"}],"version-history":[{"count":0,"href":"https:\/\/www.mojevrijeme.hr\/magazin\/wp-json\/wp\/v2\/posts\/79753\/revisions"}],"wp:featuredmedia":[{"embeddable":true,"href":"https:\/\/www.mojevrijeme.hr\/magazin\/wp-json\/wp\/v2\/media\/79829"}],"wp:attachment":[{"href":"https:\/\/www.mojevrijeme.hr\/magazin\/wp-json\/wp\/v2\/media?parent=79753"}],"wp:term":[{"taxonomy":"category","embeddable":true,"href":"https:\/\/www.mojevrijeme.hr\/magazin\/wp-json\/wp\/v2\/categories?post=79753"},{"taxonomy":"post_tag","embeddable":true,"href":"https:\/\/www.mojevrijeme.hr\/magazin\/wp-json\/wp\/v2\/tags?post=79753"}],"curies":[{"name":"wp","href":"https:\/\/api.w.org\/{rel}","templated":true}]}}