{"id":79835,"date":"2023-07-13T08:58:47","date_gmt":"2023-07-13T06:58:47","guid":{"rendered":"https:\/\/www.mojevrijeme.hr\/magazin\/?p=79835"},"modified":"2023-07-13T09:00:13","modified_gmt":"2023-07-13T07:00:13","slug":"ana-66-to-nije-ocekivala-otisla-sam-u-penziju-a-muz-s-mladom","status":"publish","type":"post","link":"https:\/\/www.mojevrijeme.hr\/magazin\/2023\/07\/ana-66-to-nije-ocekivala-otisla-sam-u-penziju-a-muz-s-mladom\/","title":{"rendered":"Ana (66) to nije o\u010dekivala: &#8216;Oti\u0161la sam u penziju, a mu\u017e s mla\u0111om&#8217;"},"content":{"rendered":"\n<p>Gospo\u0111a Ana povjerila nam je svoju sudbinu i opisala te\u0161ke dane koje je pro\u017eivljavala uo\u010di odlaska u mirovinu \u2013 ni na poslovnom, ni na privatnom planu nije i\u0161lo kako je si je za \u017eivota pri\u017eeljkivala.<\/p>\n\n\n\n<p>&#8220;Kad sam imala 59 godina, firma u kojoj sam radila oti\u0161la je u ste\u010daj. Naravno da nitko nije htio primiti \u017eenu u \u0161ezdesetoj godina u stalni radni odnos. Da bih ostvarila uvjete za mirovinu, prije ste\u010daja sam radila tri godine bez pla\u0107e. Za nagradu mi je mirovina penalizirana devet posto. I to do\u017eivotno. Zala\u017eem se za to da se ukinu penalizacije kad pre\u0111emo 65 godina \u017eivota jer ovo nije po\u0161teno&#8221;, opisuje nam svoj slu\u010daj gospo\u0111a Ana.<\/p>\n\n\n\n<h3 class=\"wp-block-heading\">&#8220;Te\u0161ko je s penzijom \u017eivjeti sam&#8221;<\/h3>\n\n\n\n<p>Za 35 godina radnog sta\u017ea dobila je izra\u010dun mirovine koji iznosi 500 eura. Da su u doma\u0107instvu dvoje, svaki sa svojom penzijom, moglo bi se. Ali, gospo\u0111a Ana je s ulaskom u mirovinu ostala sama te se po\u010dela razbolijevati zbog traume koju je do\u017eivjela kad je napokon do\u010dekala slobodu. Napokon vi\u0161e nije morala odlaziti na posao bez da na ra\u010dunu vidi i jednu kunu!<\/p><div id=\"mojev-2393456712\" class=\"mojev-u-tekstu mojev-entity-placement\" style=\"margin-left: auto;margin-right: auto;text-align: center;\"><div class=\"mojev-adlabel\">oglas<\/div><div style=\"height: 250px;\"><script async src=\"https:\/\/pagead2.googlesyndication.com\/pagead\/js\/adsbygoogle.js?client=ca-pub-8106111766207173\"\r\n     crossorigin=\"anonymous\"><\/script>\r\n<!-- Prikazni 1 u tekstu -->\r\n<ins class=\"adsbygoogle\"\r\n     style=\"display:block\"\r\n     data-ad-client=\"ca-pub-8106111766207173\"\r\n     data-ad-slot=\"8535551207\"\r\n     data-ad-format=\"auto\"\r\n     data-full-width-responsive=\"true\"><\/ins>\r\n<script>\r\n     (adsbygoogle = window.adsbygoogle || []).push({});\r\n<\/script><\/div><\/div><br style=\"clear: both; display: block; float: none;\"\/>\n\n\n\n<p>&#8220;Moje su traume proiza\u0161le iz te poslovne situacije, a nove su traume nastale kad je moj suprug oti\u0161ao sa drugom, naravno puno mla\u0111om \u017eenom. \u017divjeti sam sa jednom mirovinom i pla\u0107ati sve re\u017eije\u2026 mislim da svi znamo koliko nam ostaje za pre\u017eivjeti. Naravno da u takvim situacijama dolazi do bolesti i jo\u0161 skupljeg \u017eivota&#8221;, povjerila nam je svoj nezavidni tijek umirovljeni\u010dkog \u017eivota.<\/p>\n\n\n\n<h3 class=\"wp-block-heading\">Oti\u0161ao sa 65 godina<\/h3>\n\n\n\n<p>Na\u017ealost, ka\u017ee, dijeli te\u0161ku sudbinu mnogih kojima mu\u017eevi ili \u017eene odu u godinama u kojima bi napokon mogli prona\u0107i ve\u0107i mir i sre\u0107u. &#8220;Ja sam imala 62, a suprug ve\u0107 65 godina kad me ostavio zbog mla\u0111e \u017eene. No, dalje se mora, pa \u017eivim \u017eivot kako znam i umijem&#8221;, otkrila nam je. <\/p>\n\n\n\n<p>Vratila se potom jo\u0161 jednom na ono \u0161to ju svaki dan posebno ti\u0161ti, a to je do\u017eivotna penalizacija. &#8220;To nije nimalo fer od dr\u017eave osobito prema nama kojima su firme oti\u0161le u ste\u010daj, bez ikakve na\u0161e krivice. Ja sam 35 god uredno pla\u0107ala sva davanja toj dr\u017eavi. Gdje je tu odgovornost dr\u017eave, kad znamo kako su se poduze\u0107a poklanjala pojedincima, koji su to kasnije uni\u0161tili i mi sad ispa\u0161tamo&#8221;, izrazila je svoju ogor\u010denost umirovljenica Ana.<br><\/p>\n\n\n\n<div id=\"crveno\"><\/p>\n\n\n\n<h3 class=\"wp-block-heading\">Zanima nas va\u0161a pri\u010da<\/h3>\n\n\n\n<p>\u017delite li i vi, posve anonimno, podijeliti svoje iskustvo i vi\u0111enje ove teme s nama i na\u0161im \u010ditateljima, mo\u017eete to u\u010diniti putem web obrasca <a rel=\"noreferrer noopener\" href=\"https:\/\/www.mojevrijeme.hr\/magazin\/povjerljivo\/\" target=\"_blank\">Povjerljivo<\/a>. Napi\u0161ite svoju pri\u010du!<\/p>\n\n\n\n<p><\/div>\n<div id=\"mojev-3490982435\" class=\"mojev-kraj-teksta mojev-entity-placement\" style=\"margin-bottom: 20px;margin-left: auto;margin-right: auto;text-align: center;\"><div class=\"mojev-adlabel\">oglas<\/div><div style=\"height: 250px;\"><script async src=\"https:\/\/pagead2.googlesyndication.com\/pagead\/js\/adsbygoogle.js?client=ca-pub-8106111766207173\"\r\n     crossorigin=\"anonymous\"><\/script>\r\n<!-- Display-1 -->\r\n<ins class=\"adsbygoogle\"\r\n     style=\"display:block\"\r\n     data-ad-client=\"ca-pub-8106111766207173\"\r\n     data-ad-slot=\"1465712950\"\r\n     data-ad-format=\"auto\"\r\n     data-full-width-responsive=\"true\"><\/ins>\r\n<script>\r\n     (adsbygoogle = window.adsbygoogle || []).push({});\r\n<\/script><\/div><\/div>","protected":false},"excerpt":{"rendered":"<p>Gospo\u0111a Ana u mirovini je ve\u0107 \u010detiri godine. Da bi stekla bolje uvjete, tri je godine legalno u Lijepoj Na\u0161oj radila bez pla\u0107e. Kad je do\u010dekala spas od besplatnog rada, suprug je oti\u0161ao s mla\u0111om, pa se njena agonija nastavila.<\/p>\n","protected":false},"author":17,"featured_media":79932,"comment_status":"closed","ping_status":"closed","sticky":false,"template":"","format":"standard","meta":{"footnotes":""},"categories":[3552],"tags":[18,3498,252,236],"class_list":["post-79835","post","type-post","status-publish","format-standard","has-post-thumbnail","hentry","category-povjerljivo","tag-mirovine","tag-penalizacija","tag-razvod","tag-standard"],"_links":{"self":[{"href":"https:\/\/www.mojevrijeme.hr\/magazin\/wp-json\/wp\/v2\/posts\/79835","targetHints":{"allow":["GET"]}}],"collection":[{"href":"https:\/\/www.mojevrijeme.hr\/magazin\/wp-json\/wp\/v2\/posts"}],"about":[{"href":"https:\/\/www.mojevrijeme.hr\/magazin\/wp-json\/wp\/v2\/types\/post"}],"author":[{"embeddable":true,"href":"https:\/\/www.mojevrijeme.hr\/magazin\/wp-json\/wp\/v2\/users\/17"}],"replies":[{"embeddable":true,"href":"https:\/\/www.mojevrijeme.hr\/magazin\/wp-json\/wp\/v2\/comments?post=79835"}],"version-history":[{"count":0,"href":"https:\/\/www.mojevrijeme.hr\/magazin\/wp-json\/wp\/v2\/posts\/79835\/revisions"}],"wp:featuredmedia":[{"embeddable":true,"href":"https:\/\/www.mojevrijeme.hr\/magazin\/wp-json\/wp\/v2\/media\/79932"}],"wp:attachment":[{"href":"https:\/\/www.mojevrijeme.hr\/magazin\/wp-json\/wp\/v2\/media?parent=79835"}],"wp:term":[{"taxonomy":"category","embeddable":true,"href":"https:\/\/www.mojevrijeme.hr\/magazin\/wp-json\/wp\/v2\/categories?post=79835"},{"taxonomy":"post_tag","embeddable":true,"href":"https:\/\/www.mojevrijeme.hr\/magazin\/wp-json\/wp\/v2\/tags?post=79835"}],"curies":[{"name":"wp","href":"https:\/\/api.w.org\/{rel}","templated":true}]}}