{"id":79909,"date":"2023-07-12T18:56:57","date_gmt":"2023-07-12T16:56:57","guid":{"rendered":"https:\/\/www.mojevrijeme.hr\/magazin\/?p=79909"},"modified":"2023-07-12T18:59:02","modified_gmt":"2023-07-12T16:59:02","slug":"mirovina-iz-ii-stupa-raste-do-20-posto-vece-i-brze-isplate","status":"publish","type":"post","link":"https:\/\/www.mojevrijeme.hr\/magazin\/2023\/07\/mirovina-iz-ii-stupa-raste-do-20-posto-vece-i-brze-isplate\/","title":{"rendered":"Mirovina iz II. stupa raste do 20 posto, ve\u0107e i br\u017ee isplate"},"content":{"rendered":"\n<p>Tri zakona koja se bave mirovinskim sustavom kapitalizirane \u0161tednje (obvezni i dobrovoljni mirovinski fondovi te mirovinska osiguravaju\u0107a dru\u0161tva) &#8220;trenutno su u visokoj fazi izrade&#8221;, ka\u017eu su Ministarstvu rada i mirovinskoga sustava koje je s njihovom izradom po\u010delo krajem pro\u0161le godine, javlja <a href=\"https:\/\/novac.jutarnji.hr\/novac\/aktualno\/u-visokoj-fazi-pripreme-tri-zakona-o-kojima-ce-ovisiti-vasa-mirovina-isplate-ce-biti-vece-a-i-brze-15354815\" target=\"_blank\" rel=\"noreferrer noopener\">Jutarnji list<\/a>.<\/p>\n\n\n\n<p>Njihov cilj su ve\u0107i prinosi i vi\u0161i iznosi mirovina iz drugog stupa. U tom smislu, ka\u017eu u Ministarstvu, razmatraju se mogu\u0107nosti smanjenja naknada (upravlja\u010dka je sada 0,27 posto imovine, a ulazna 0,5 posto upla\u0107enog doprinosa), zatim ulaganja u nove vrste imovine i liberaliziranja postoje\u0107ih ograni\u010denja &#8220;da bi se pospje\u0161ila diversifikacija ulaganja po pojedinim klasama imovine&#8221;.<\/p>\n\n\n\n<p>To se ponajprije odnosi na fondove C kategorije namijenjene osobama pred mirovinu koji imovinu moraju ulagati u obveznice pa su lani pretrpjeli najve\u0107e gubitke. Tako\u0111er, trebale bi uslijediti izmjene na\u010dina izbora i promjene kategorije obveznih mirovinskih fondova, da bi se oja\u010dala uloga i odgovornost pojedinca za mirovinsku \u0161tednju.<\/p><div id=\"mojev-2659860670\" class=\"mojev-u-tekstu mojev-entity-placement\" style=\"margin-left: auto;margin-right: auto;text-align: center;\"><div class=\"mojev-adlabel\">oglas<\/div><div style=\"height: 250px;\"><script async src=\"https:\/\/pagead2.googlesyndication.com\/pagead\/js\/adsbygoogle.js?client=ca-pub-8106111766207173\"\r\n     crossorigin=\"anonymous\"><\/script>\r\n<!-- Prikazni 1 u tekstu -->\r\n<ins class=\"adsbygoogle\"\r\n     style=\"display:block\"\r\n     data-ad-client=\"ca-pub-8106111766207173\"\r\n     data-ad-slot=\"8535551207\"\r\n     data-ad-format=\"auto\"\r\n     data-full-width-responsive=\"true\"><\/ins>\r\n<script>\r\n     (adsbygoogle = window.adsbygoogle || []).push({});\r\n<\/script><\/div><\/div><br style=\"clear: both; display: block; float: none;\"\/>\n\n\n\n<p>Broj korisnika mirovina iz drugog stupa trenuta\u010dno je vrlo nizak: od onih koji mogu, bira je svaki osmi novi umirovljenik. Ho\u0107e li nove izmjene dovesti do zaokreta ostaje vidjeti, ali va\u017enim se u ovom trenutku smatra ve\u0107 i izmjena cjenika mirovinskih osiguravaju\u0107ih dru\u0161tava, a zna\u010di pove\u0107anje iznosa mirovine za 15 do 20 posto.<\/p>\n\n\n\n<p>Uz zakonske izmjene, vjeruje se, drugi stup mogao bi postati atraktivniji, a one bi mogle uklju\u010divati ve\u0107i izbor &#8220;proizvoda&#8221;. Primjerice, \u017eele li mirovinu vezanu uz inflaciju, kao sada, ili ve\u0107i fiksni iznos, zatim &#8220;br\u017eu&#8221; isplatu, u smislu da su iznosi u po\u010detku ve\u0107i i s vremenom se smanjuju. Trebao bi se pove\u0107ati i broj onih koji imaju pravo na isplatu 15 posto \u0161tednje odmah, a takvih je trenuta\u010dno oko polovice korisnika.<a rel=\"noreferrer noopener\" href=\"https:\/\/www.facebook.com\/sharer.php?u=https%3A%2F%2Fnovac.jutarnji.hr%2Fnovac%2Faktualno%2Fu-visokoj-fazi-pripreme-tri-zakona-o-kojima-ce-ovisiti-vasa-mirovina-isplate-ce-biti-vece-a-i-brze-15354815\" target=\"_blank\"><\/a><\/p>\n<div id=\"mojev-3222992353\" class=\"mojev-kraj-teksta mojev-entity-placement\" style=\"margin-bottom: 20px;margin-left: auto;margin-right: auto;text-align: center;\"><div class=\"mojev-adlabel\">oglas<\/div><div style=\"height: 250px;\"><script async src=\"https:\/\/pagead2.googlesyndication.com\/pagead\/js\/adsbygoogle.js?client=ca-pub-8106111766207173\"\r\n     crossorigin=\"anonymous\"><\/script>\r\n<!-- Display-1 -->\r\n<ins class=\"adsbygoogle\"\r\n     style=\"display:block\"\r\n     data-ad-client=\"ca-pub-8106111766207173\"\r\n     data-ad-slot=\"1465712950\"\r\n     data-ad-format=\"auto\"\r\n     data-full-width-responsive=\"true\"><\/ins>\r\n<script>\r\n     (adsbygoogle = window.adsbygoogle || []).push({});\r\n<\/script><\/div><\/div>","protected":false},"excerpt":{"rendered":"<p>Broj korisnika mirovina iz drugog stupa trenuta\u010dno je vrlo nizak: od onih koji mogu, bira je svaki osmi novi umirovljenik.<\/p>\n","protected":false},"author":1,"featured_media":79913,"comment_status":"closed","ping_status":"closed","sticky":false,"template":"","format":"standard","meta":{"footnotes":""},"categories":[9],"tags":[1133,18],"class_list":["post-79909","post","type-post","status-publish","format-standard","has-post-thumbnail","hentry","category-vijesti","tag-drugi-stup","tag-mirovine"],"_links":{"self":[{"href":"https:\/\/www.mojevrijeme.hr\/magazin\/wp-json\/wp\/v2\/posts\/79909","targetHints":{"allow":["GET"]}}],"collection":[{"href":"https:\/\/www.mojevrijeme.hr\/magazin\/wp-json\/wp\/v2\/posts"}],"about":[{"href":"https:\/\/www.mojevrijeme.hr\/magazin\/wp-json\/wp\/v2\/types\/post"}],"author":[{"embeddable":true,"href":"https:\/\/www.mojevrijeme.hr\/magazin\/wp-json\/wp\/v2\/users\/1"}],"replies":[{"embeddable":true,"href":"https:\/\/www.mojevrijeme.hr\/magazin\/wp-json\/wp\/v2\/comments?post=79909"}],"version-history":[{"count":0,"href":"https:\/\/www.mojevrijeme.hr\/magazin\/wp-json\/wp\/v2\/posts\/79909\/revisions"}],"wp:featuredmedia":[{"embeddable":true,"href":"https:\/\/www.mojevrijeme.hr\/magazin\/wp-json\/wp\/v2\/media\/79913"}],"wp:attachment":[{"href":"https:\/\/www.mojevrijeme.hr\/magazin\/wp-json\/wp\/v2\/media?parent=79909"}],"wp:term":[{"taxonomy":"category","embeddable":true,"href":"https:\/\/www.mojevrijeme.hr\/magazin\/wp-json\/wp\/v2\/categories?post=79909"},{"taxonomy":"post_tag","embeddable":true,"href":"https:\/\/www.mojevrijeme.hr\/magazin\/wp-json\/wp\/v2\/tags?post=79909"}],"curies":[{"name":"wp","href":"https:\/\/api.w.org\/{rel}","templated":true}]}}