{"id":79984,"date":"2023-07-14T09:37:54","date_gmt":"2023-07-14T07:37:54","guid":{"rendered":"https:\/\/www.mojevrijeme.hr\/magazin\/?p=79984"},"modified":"2023-07-14T11:36:14","modified_gmt":"2023-07-14T09:36:14","slug":"mijo-71-ako-nemas-za-stan-iznajmi-sobu-trebamo-li-se-pomiriti-sa-siromastvom","status":"publish","type":"post","link":"https:\/\/www.mojevrijeme.hr\/magazin\/2023\/07\/mijo-71-ako-nemas-za-stan-iznajmi-sobu-trebamo-li-se-pomiriti-sa-siromastvom\/","title":{"rendered":"Mijo (71): &#8216;Ako nema\u0161 za stan, unajmi sobu!&#8217; Trebamo li se pomiriti sa siroma\u0161tvom?"},"content":{"rendered":"\n<p>Gospodin Mijo ne odobrava kukanje onim podstanarima (i sam je podstanar) koji se ne prilago\u0111avaju novonastalim \u017eivotnim situacijama. Primjerice, koji ne presele u skromniji dom u trenutku kad dotada\u0161nji vi\u0161e nisu u mogu\u0107nosti redovito pla\u0107ati. To bi trebali napraviti odmah i sada, prije nego \u0161to jo\u0161 ve\u0107oj neima\u0161tini pogledaju u o\u010di.<\/p>\n\n\n\n<p>Tu\u017eno je to, \u0161to je u pravu. U pravu je da si umirovljenik koji \u017eivi sam ne mo\u017ee priu\u0161titi niti garsonijeru od 330 eura u nekom od na\u0161ih za umirovljenike preskupih velegradova. Ba\u0161 toliko pla\u0107a i na\u0161a \u010ditateljica Sena o kojoj smo <a href=\"https:\/\/www.mojevrijeme.hr\/magazin\/2023\/07\/umirovljenica-udovica-podstanarka-mirovina-414-eura-stan-330-pa-racunajmo\/\" data-type=\"URL\" data-id=\"https:\/\/www.mojevrijeme.hr\/magazin\/2023\/07\/umirovljenica-udovica-podstanarka-mirovina-414-eura-stan-330-pa-racunajmo\/\" target=\"_blank\" rel=\"noreferrer noopener\">nedavno pisal<\/a><a href=\"https:\/\/www.mojevrijeme.hr\/magazin\/2023\/07\/umirovljenica-udovica-podstanarka-mirovina-414-eura-stan-330-pa-racunajmo\/\" data-type=\"URL\" data-id=\"https:\/\/www.mojevrijeme.hr\/magazin\/2023\/07\/umirovljenica-udovica-podstanarka-mirovina-414-eura-stan-330-pa-racunajmo\/\">i<\/a>, a koja \u017eivi u skupom Splitu i prima mirovinu od 414 eura.<\/p>\n\n\n\n<h3 class=\"wp-block-heading\">Odseliti, je li to rje\u0161enje?<\/h3>\n\n\n\n<p>U Splitu su gospo\u0111i Seni djeca i unuci, a ona bi zapravo trebala odseliti iz svoga grada jer si ondje \u017eivot u mirovini priu\u0161titi ne mo\u017ee. Kakav bi to \u017eivot bio za \u017eenu koja se za \u017eivota po\u0161teno naradila i vjerovala u ovu dr\u017eavu i njezin sposobniji mirovinski sustav, i mo\u017eda si jedino \u017eeljela \u017eivjeti skromno, ali blizu svoje obitelji? Zar mora biti jo\u0161 skromnija od te svoje \u017eelje i od te svoje garsonijere?<\/p><div id=\"mojev-3751266249\" class=\"mojev-u-tekstu mojev-entity-placement\" style=\"margin-left: auto;margin-right: auto;text-align: center;\"><div class=\"mojev-adlabel\">oglas<\/div><div style=\"height: 250px;\"><script async src=\"https:\/\/pagead2.googlesyndication.com\/pagead\/js\/adsbygoogle.js?client=ca-pub-8106111766207173\"\r\n     crossorigin=\"anonymous\"><\/script>\r\n<!-- Prikazni 1 u tekstu -->\r\n<ins class=\"adsbygoogle\"\r\n     style=\"display:block\"\r\n     data-ad-client=\"ca-pub-8106111766207173\"\r\n     data-ad-slot=\"8535551207\"\r\n     data-ad-format=\"auto\"\r\n     data-full-width-responsive=\"true\"><\/ins>\r\n<script>\r\n     (adsbygoogle = window.adsbygoogle || []).push({});\r\n<\/script><\/div><\/div><br style=\"clear: both; display: block; float: none;\"\/>\n\n\n\n<h3 class=\"wp-block-heading\">Mogu li djeca uvijek pomo\u0107i?<\/h3>\n\n\n\n<p>U mnogim komentarima \u010ditamo da bi djeca u takvim situacijama treba usko\u010diti i pomo\u0107i. U idealnom slu\u010daju, da. Ali postoji tu mnogo &#8220;ali&#8221;: djeca mogu biti u kreditima, minusima, tako\u0111er podstanari, rastavljeni, kockari, samohrani roditelji, mogu biti i bolesni. Odakle \u0107e takvi pomo\u0107i?<\/p>\n\n\n\n<h3 class=\"wp-block-heading\">Svi su u pravu, ali svima je &#8211; te\u0161ko<\/h3>\n\n\n\n<p>I na\u0161 \u010ditatelj Mijo se borio kroz \u017eivot, a stoput se ja\u010de bori i u mirovini. O tome ka\u017ee: &#8220;Po\u010detna mirovina 2017. godine mi je iznosila 333 eura. \u017divim sam jer sam razveden. Niti sam udovac niti samac jer sam otac troje djece ro\u0111ene u braku. Bio sam podstanar i prije odlaska u mirovinu. \u017divim u Zagrebu gdje su tako\u0111er veoma skupo iznajmljuje sve &#8211; od soba do stanova. \u017delim naglasiti da sam uvijek unajmljivao sobu ili stan prema svojim mogu\u0107nostima, i da sam osvijestio mogu li ili ne mogu uredno sve platiti gazdi. Prosudite sami \u0161to je meni ostajalo za \u017eivot, ako sam prije ostvarenja mirovine &#8216;u\u017eivao&#8217; samo vojnu opskrbninu koja je iznosila 1.097 tada\u0161njih kuna (136 eura)&#8221;, pi\u0161e nam.<\/p>\n\n\n\n<p>&#8220;Izra\u010dunajte i meni za koliko sam mogao i\u0107i u najam sobe ili stana to\u010dno u visini stalnih primanja. Pi\u0161em vam jer ne mogu razumjeti &#8211; ako je gospo\u0111a ostala sama, prvo je trebala mijenjati stan, i to odmah. Za\u0161to ne mogu razumjeti? Jer je napisala da je i danas podstanar, a ima dva sina. Ne mogu vjerovati da, ako ve\u0107 ne \u017eivi sa sinovima, neka joj barem savjetima pomognu prona\u0107i drugo rje\u0161enje, a ne da pla\u0107a toliko visoku najamninu.&#8221;<\/p>\n\n\n\n<p>&#8220;Za \u017eensku osobu ovo ba\u0161 i nije mala mirovina. Iznena\u0111uju\u0107u je da navodi primjer o umirovljenicima koji imaju 268 eura mirovine, jer ona kao ne zna kako je njima. Pa eto, ja joj poru\u010dujem da oni ne mogu unajmiti stan za njezinih 330 eura&#8221;, napisao je gospodin Mijo kao da je samorazumljivo to da \u017eene imaju puno manje mirovine od mu\u0161karaca i kao da su njihove \u017eivotne potrebe manje.<\/p>\n\n\n<div class=\"wp-block-image\">\n<figure class=\"aligncenter size-large\"><img loading=\"lazy\" decoding=\"async\" width=\"740\" height=\"164\" src=\"https:\/\/www.mojevrijeme.hr\/magazin\/wp-content\/uploads\/2023\/07\/image-740x164.png\" alt=\"\" class=\"wp-image-80048\" srcset=\"https:\/\/www.mojevrijeme.hr\/magazin\/wp-content\/uploads\/2023\/07\/image-740x164.png 740w, https:\/\/www.mojevrijeme.hr\/magazin\/wp-content\/uploads\/2023\/07\/image-636x141.png 636w, https:\/\/www.mojevrijeme.hr\/magazin\/wp-content\/uploads\/2023\/07\/image-768x170.png 768w, https:\/\/www.mojevrijeme.hr\/magazin\/wp-content\/uploads\/2023\/07\/image.png 817w\" sizes=\"auto, (max-width: 740px) 100vw, 740px\" \/><figcaption class=\"wp-element-caption\">Jedan od be\u0161\u0107utnih komentara na ra\u010dun umirovljenik podstanara s na\u0161e stranice Facebooka<\/figcaption><\/figure>\n<\/div>\n\n\n<p>\u010cini se da su umirovljenici &#8220;nadrapala stranka&#8221; i da su primorani raspravljati na razini koja im ru\u0161i dostojanstvo, \u010desto nesvjesni nepravde i u\u010dinka koje njihove tvrdnje proizvode. Jer to \u0161to netko ima mirovinu od 300 eura, dok netko drugi prima mirovinu od 400 eura, ovoga drugoga ne svrstava u kategoriju bogatih i onih koji preko poga\u010de tra\u017ee kruha. Dapa\u010de, jednako su siroma\u0161ni.<\/p>\n\n\n\n<p>Uz sve, potpuno je porazan nedostatak empatije prema podstanarima i procjenjivanje ne\u010dije vrijednosti prema tome ima li u vlasni\u0161tvu nekretninu ili ne, o \u010demu \u010ditamo u raspravama na na na\u0161oj Facebook stranici. I Mijo i gospo\u0111a Sena trebali bi imati mirovinu s kojom si mogu priu\u0161titi vi\u0161e od sobe u tu\u0111emu stanu. I tu bi svaka pristojna rasprava trebala po\u010deti.<\/p>\n\n\n\n<div id=\"crveno\"><\/p>\n\n\n\n<h3 class=\"wp-block-heading\">Zanima nas va\u0161a pri\u010da<\/h3>\n\n\n\n<p>\u017delite li i vi, posve anonimno, podijeliti svoje iskustvo i vi\u0111enje ove teme s nama i na\u0161im \u010ditateljima, mo\u017eete to u\u010diniti putem web obrasca <a rel=\"noreferrer noopener\" href=\"https:\/\/www.mojevrijeme.hr\/magazin\/povjerljivo\/\" target=\"_blank\">Povjerljivo<\/a>. Napi\u0161ite svoju pri\u010du!<\/p>\n\n\n\n<p><\/div>\n<div id=\"mojev-4121141617\" class=\"mojev-kraj-teksta mojev-entity-placement\" style=\"margin-bottom: 20px;margin-left: auto;margin-right: auto;text-align: center;\"><div class=\"mojev-adlabel\">oglas<\/div><div style=\"height: 250px;\"><script async src=\"https:\/\/pagead2.googlesyndication.com\/pagead\/js\/adsbygoogle.js?client=ca-pub-8106111766207173\"\r\n     crossorigin=\"anonymous\"><\/script>\r\n<!-- Display-1 -->\r\n<ins class=\"adsbygoogle\"\r\n     style=\"display:block\"\r\n     data-ad-client=\"ca-pub-8106111766207173\"\r\n     data-ad-slot=\"1465712950\"\r\n     data-ad-format=\"auto\"\r\n     data-full-width-responsive=\"true\"><\/ins>\r\n<script>\r\n     (adsbygoogle = window.adsbygoogle || []).push({});\r\n<\/script><\/div><\/div>","protected":false},"excerpt":{"rendered":"<p>Na\u0161 \u010ditatelj Mijo (71) isti\u010de da se on u \u017eivotu pona\u0161a odgovorno i \u017eivi s onim s \u010dim u danom razdoblju \u017eivota raspola\u017ee, ne srljaju\u0107i u minuse, posudbe i kojekakve nerealne kombinacije. Poku\u0161ao je racionalizirati i &#8211; kako on na to gleda \u00ad\u00ad- krive poteze nekih od na\u0161ih umirovljenika koji nam povjeravaju da te\u0161ko krpaju kraj s krajem. Smatra da se \u010dovjek mora pokriti koliko je dug i \u0161irok.<\/p>\n","protected":false},"author":17,"featured_media":80067,"comment_status":"closed","ping_status":"closed","sticky":false,"template":"","format":"standard","meta":{"footnotes":""},"categories":[3552],"tags":[18,1731,237],"class_list":["post-79984","post","type-post","status-publish","format-standard","has-post-thumbnail","hentry","category-povjerljivo","tag-mirovine","tag-podstanari","tag-siromastvo"],"_links":{"self":[{"href":"https:\/\/www.mojevrijeme.hr\/magazin\/wp-json\/wp\/v2\/posts\/79984","targetHints":{"allow":["GET"]}}],"collection":[{"href":"https:\/\/www.mojevrijeme.hr\/magazin\/wp-json\/wp\/v2\/posts"}],"about":[{"href":"https:\/\/www.mojevrijeme.hr\/magazin\/wp-json\/wp\/v2\/types\/post"}],"author":[{"embeddable":true,"href":"https:\/\/www.mojevrijeme.hr\/magazin\/wp-json\/wp\/v2\/users\/17"}],"replies":[{"embeddable":true,"href":"https:\/\/www.mojevrijeme.hr\/magazin\/wp-json\/wp\/v2\/comments?post=79984"}],"version-history":[{"count":0,"href":"https:\/\/www.mojevrijeme.hr\/magazin\/wp-json\/wp\/v2\/posts\/79984\/revisions"}],"wp:featuredmedia":[{"embeddable":true,"href":"https:\/\/www.mojevrijeme.hr\/magazin\/wp-json\/wp\/v2\/media\/80067"}],"wp:attachment":[{"href":"https:\/\/www.mojevrijeme.hr\/magazin\/wp-json\/wp\/v2\/media?parent=79984"}],"wp:term":[{"taxonomy":"category","embeddable":true,"href":"https:\/\/www.mojevrijeme.hr\/magazin\/wp-json\/wp\/v2\/categories?post=79984"},{"taxonomy":"post_tag","embeddable":true,"href":"https:\/\/www.mojevrijeme.hr\/magazin\/wp-json\/wp\/v2\/tags?post=79984"}],"curies":[{"name":"wp","href":"https:\/\/api.w.org\/{rel}","templated":true}]}}