{"id":80075,"date":"2023-07-14T18:54:31","date_gmt":"2023-07-14T16:54:31","guid":{"rendered":"https:\/\/www.mojevrijeme.hr\/magazin\/?p=80075"},"modified":"2023-07-14T19:02:26","modified_gmt":"2023-07-14T17:02:26","slug":"ljliljana-je-sama-ostala-s-44-godine-udovice-trpe-previse-nepravde","status":"publish","type":"post","link":"https:\/\/www.mojevrijeme.hr\/magazin\/2023\/07\/ljliljana-je-sama-ostala-s-44-godine-udovice-trpe-previse-nepravde\/","title":{"rendered":"Ljliljana je sama ostala s 44 godine: Udovice trpe previ\u0161e nepravde"},"content":{"rendered":"\n<p>Ne dopu\u0161taju financije na\u0161oj \u010ditateljici Ljiljani u\u017eivanje u zaslu\u017eenoj mirovini. Nije neka vi\u0161a matematika oduzeti tro\u0161kove od njezinih 360 eura primanja i rasporediti ostatak na 30, 31 dan u mjesecu. Zimi, kad treba platiti skupo grijanje, jedva da se ima \u0161to i prera\u010dunavati.<\/p>\n\n\n\n<p>Cijeli je radni vijek gospo\u0111a Ljiljana provela u tekstilnoj industriji, a poznato je da su u toj bran\u0161i pla\u0107e uvijek bile me\u0111u najni\u017eima. No, sve bi bilo lak\u0161e da s 44 godine nije do\u017eivjela najve\u0107i \u017eivotni udarac \u2013 tada joj je preminuo suprug.<\/p>\n\n\n\n<h3 class=\"wp-block-heading\">Skromna mirovina djeci<\/h3>\n\n\n\n<p>\u201dImao je samo 49 godina kad je umro, a ja ostala udovica s dvoje djece. Starija je k\u0107i u to vrijeme imala 22 godine i zavr\u0161avala turisti\u010dki fakultet, a mla\u0111a je i\u0161la u \u0161esti razred osnovne \u0161kole. Ne smijem se ni sjetiti koliko mi je samoj financijski bilo te\u0161ko sve izgurati. \u010cak sam kasnije i\u0161la i u Italiju \u010duvati jednu nonu\u201d, otkrila je gospo\u0111a Ljiljana.<\/p><div id=\"mojev-1588859313\" class=\"mojev-u-tekstu mojev-entity-placement\" style=\"margin-left: auto;margin-right: auto;text-align: center;\"><div class=\"mojev-adlabel\">oglas<\/div><div style=\"height: 250px;\"><script async src=\"https:\/\/pagead2.googlesyndication.com\/pagead\/js\/adsbygoogle.js?client=ca-pub-8106111766207173\"\r\n     crossorigin=\"anonymous\"><\/script>\r\n<!-- Prikazni 1 u tekstu -->\r\n<ins class=\"adsbygoogle\"\r\n     style=\"display:block\"\r\n     data-ad-client=\"ca-pub-8106111766207173\"\r\n     data-ad-slot=\"8535551207\"\r\n     data-ad-format=\"auto\"\r\n     data-full-width-responsive=\"true\"><\/ins>\r\n<script>\r\n     (adsbygoogle = window.adsbygoogle || []).push({});\r\n<\/script><\/div><\/div><br style=\"clear: both; display: block; float: none;\"\/>\n\n\n\n<p>Djeca su, rekla je potom, dobivala mirovinu koju su ostvarili po preminulom ocu, no kako je umro relativno mlad, taj je iznos bio vrlo skroman.<\/p>\n\n\n\n<p>\u201dTo je bilo jako malo i nedostatno. Danas sam ja dobila dio suprugove mirovine i s tim dodatkom moja penzija iznosi mizernih 360 eura. \u017delim posebno napomenuti da me kao udovicu pratilo previ\u0161e nepravdi ovog sustava i znam da su i druge udovice to pro\u017eivljavale\u201d, istaknula je za kraj umirovljenica Ljiljana.<\/p>\n\n\n\n<h3 class=\"wp-block-heading\">Ima jo\u0161 sli\u010dnih sudbina<\/h3>\n\n\n\n<p>I na\u0161a \u010ditateljica Gordana (65), <a rel=\"noreferrer noopener\" href=\"https:\/\/www.mojevrijeme.hr\/magazin\/2022\/11\/gospoda-gordana-22-je-godine-udovica-i-zivi-sama-ne-prode-dan-da-se-ne-sjetim-supruga\/\" data-type=\"URL\" data-id=\"https:\/\/www.mojevrijeme.hr\/magazin\/2022\/11\/gospoda-gordana-22-je-godine-udovica-i-zivi-sama-ne-prode-dan-da-se-ne-sjetim-supruga\/\" target=\"_blank\">o kojoj smo pisali <\/a>u studenom, udovica je ostala u svojim ranim \u010detrdesetima. Od dr\u017eave je, otkrila nam je, za svako od dvoje djece uspjela ishoditi tek po 400 kuna (53 eura) na ime o\u010deve mirovine.<\/p>\n\n\n\n<p>I ona je ukazala na veliku nepravdu koja se nanosi udovicama, rekav\u0161i s negodovanjem: \u201dMoja prijateljica se razvela i dobivala je alimentaciju 1.500 kuna (200 eura) i jo\u0161 je to ostvarivala pravo na dje\u010dji doplatak, a ja nisam. Bila sam silno razo\u010darana i shvatila da je odsad sve na meni\u201d, ispri\u010dala nam je umirovljenica Gordana.<\/p>\n\n\n\n<div id=\"crveno\"><\/p>\n\n\n\n<h3 class=\"wp-block-heading\">Zanima nas va\u0161a pri\u010da<\/h3>\n\n\n\n<p>\u017delite li i vi, posve anonimno, podijeliti svoje iskustvo i vi\u0111enje ove teme s nama i na\u0161im \u010ditateljima, mo\u017eete to u\u010diniti putem web obrasca <a rel=\"noreferrer noopener\" href=\"https:\/\/www.mojevrijeme.hr\/magazin\/povjerljivo\/\" target=\"_blank\">Povjerljivo<\/a>. Napi\u0161ite svoju pri\u010du!<\/p>\n\n\n\n<p><\/div>\n<div id=\"mojev-3138066931\" class=\"mojev-kraj-teksta mojev-entity-placement\" style=\"margin-bottom: 20px;margin-left: auto;margin-right: auto;text-align: center;\"><div class=\"mojev-adlabel\">oglas<\/div><div style=\"height: 250px;\"><script async src=\"https:\/\/pagead2.googlesyndication.com\/pagead\/js\/adsbygoogle.js?client=ca-pub-8106111766207173\"\r\n     crossorigin=\"anonymous\"><\/script>\r\n<!-- Display-1 -->\r\n<ins class=\"adsbygoogle\"\r\n     style=\"display:block\"\r\n     data-ad-client=\"ca-pub-8106111766207173\"\r\n     data-ad-slot=\"1465712950\"\r\n     data-ad-format=\"auto\"\r\n     data-full-width-responsive=\"true\"><\/ins>\r\n<script>\r\n     (adsbygoogle = window.adsbygoogle || []).push({});\r\n<\/script><\/div><\/div>","protected":false},"excerpt":{"rendered":"<p>Umirovljenica Ljiljana s nama je podijelila svoju \u017eivotnu pri\u010du nakon koje \u010dovjeku ostane knedla u grlu \u2013 \u017eivot ju nije mazio, a ne mo\u017ee bezbri\u017eno \u017eivjeti ni sada u mirovini, kad bi trebala u\u017eivati plodove svoje po\u017ertvovnosti i rada.<\/p>\n","protected":false},"author":17,"featured_media":80126,"comment_status":"closed","ping_status":"closed","sticky":false,"template":"","format":"standard","meta":{"footnotes":""},"categories":[3552],"tags":[18,1010,800],"class_list":["post-80075","post","type-post","status-publish","format-standard","has-post-thumbnail","hentry","category-povjerljivo","tag-mirovine","tag-obiteske-mirovine","tag-udovice"],"_links":{"self":[{"href":"https:\/\/www.mojevrijeme.hr\/magazin\/wp-json\/wp\/v2\/posts\/80075","targetHints":{"allow":["GET"]}}],"collection":[{"href":"https:\/\/www.mojevrijeme.hr\/magazin\/wp-json\/wp\/v2\/posts"}],"about":[{"href":"https:\/\/www.mojevrijeme.hr\/magazin\/wp-json\/wp\/v2\/types\/post"}],"author":[{"embeddable":true,"href":"https:\/\/www.mojevrijeme.hr\/magazin\/wp-json\/wp\/v2\/users\/17"}],"replies":[{"embeddable":true,"href":"https:\/\/www.mojevrijeme.hr\/magazin\/wp-json\/wp\/v2\/comments?post=80075"}],"version-history":[{"count":0,"href":"https:\/\/www.mojevrijeme.hr\/magazin\/wp-json\/wp\/v2\/posts\/80075\/revisions"}],"wp:featuredmedia":[{"embeddable":true,"href":"https:\/\/www.mojevrijeme.hr\/magazin\/wp-json\/wp\/v2\/media\/80126"}],"wp:attachment":[{"href":"https:\/\/www.mojevrijeme.hr\/magazin\/wp-json\/wp\/v2\/media?parent=80075"}],"wp:term":[{"taxonomy":"category","embeddable":true,"href":"https:\/\/www.mojevrijeme.hr\/magazin\/wp-json\/wp\/v2\/categories?post=80075"},{"taxonomy":"post_tag","embeddable":true,"href":"https:\/\/www.mojevrijeme.hr\/magazin\/wp-json\/wp\/v2\/tags?post=80075"}],"curies":[{"name":"wp","href":"https:\/\/api.w.org\/{rel}","templated":true}]}}