{"id":80090,"date":"2023-07-14T12:15:42","date_gmt":"2023-07-14T10:15:42","guid":{"rendered":"https:\/\/www.mojevrijeme.hr\/magazin\/?p=80090"},"modified":"2023-07-14T12:16:28","modified_gmt":"2023-07-14T10:16:28","slug":"srbija-prepolovila-broj-invalidskih-mirovina-jesu-li-srbi-naglo-ozdravili","status":"publish","type":"post","link":"https:\/\/www.mojevrijeme.hr\/magazin\/2023\/07\/srbija-prepolovila-broj-invalidskih-mirovina-jesu-li-srbi-naglo-ozdravili\/","title":{"rendered":"Srbija prepolovila broj invalidskih mirovina. Jesu li Srbi naglo ozdravili?"},"content":{"rendered":"\n<p>Prije dva desetlje\u0107a, 2003. godine, kada je promijenjen zakon, gotovo tre\u0107ina ukupnog broja umirovljenika u Srbiji bila je invalidski umirovljena. Danas ih je tek ne\u0161to iznad 14 posto. U me\u0111uvremenu, nakon izvanredne revizije tih mirovina, pokazalo se da je bilo prijevara, javlja <a href=\"https:\/\/www.rts.rs\/vesti\/drustvo\/5232582\/invalidske-penzije.html\" target=\"_blank\" rel=\"noreferrer noopener\">RTS<\/a>.<\/p>\n\n\n\n<h3 class=\"wp-block-heading\">Jesu li manji broj invalidskih mirovina rezultat dobrog zdravlja?<\/h3>\n\n\n\n<p>Aleksandar Milo\u0161evi\u0107 navodi da Republi\u010dki fond za mirovinsko i invalidsko osiguranje nema podatke o zdravstvenom stanju stanovni\u0161tva, ali ima podatke o osiguranicima koji su podnijeli zahtjeve za mirovinu.<\/p>\n\n\n\n<p>&#8220;Godi\u0161nje u Republi\u010dki fond PIO na podru\u010dju cijele Srbije stigne oko 13.000 zahtjeva za invalidsku mirovinu. To je samo 20 posto zahtjeva koji pristignu za vje\u0161ta\u010denje na\u0161im lije\u010dnicima koji, osim invalidskih, vje\u0161ta\u010de mi\u0161ljenja o drugim stvarima i tjelesnim o\u0161te\u0107enjima, skrb o drugima i pomo\u0107 centara za socijalni rad&#8221;, ka\u017ee. Prolaznost zahtjeva za invalidsku mirovinu je, dodaje, negdje oko 50 posto, ali to, ka\u017ee, ne govori ni\u0161ta.<\/p><div id=\"mojev-1501107284\" class=\"mojev-u-tekstu mojev-entity-placement\" style=\"margin-left: auto;margin-right: auto;text-align: center;\"><div class=\"mojev-adlabel\">oglas<\/div><div style=\"height: 250px;\"><script async src=\"https:\/\/pagead2.googlesyndication.com\/pagead\/js\/adsbygoogle.js?client=ca-pub-8106111766207173\"\r\n     crossorigin=\"anonymous\"><\/script>\r\n<!-- Prikazni 1 u tekstu -->\r\n<ins class=\"adsbygoogle\"\r\n     style=\"display:block\"\r\n     data-ad-client=\"ca-pub-8106111766207173\"\r\n     data-ad-slot=\"8535551207\"\r\n     data-ad-format=\"auto\"\r\n     data-full-width-responsive=\"true\"><\/ins>\r\n<script>\r\n     (adsbygoogle = window.adsbygoogle || []).push({});\r\n<\/script><\/div><\/div><br style=\"clear: both; display: block; float: none;\"\/>\n\n\n\n<p>&#8220;Ideja je da se svi ljudi koji su bolesni lije\u010de i da podnesu zahtjeve i ostvare pravo na invalidsku mirovinu. Dakle, nije bitno koliki je postotak&#8221;, isti\u010de Milo\u0161evi\u0107.<\/p>\n\n\n\n<h3 class=\"wp-block-heading\">Kakav je utjecaj revizije<\/h3>\n\n\n\n<p>Od 2003. godine i izmjene zakona drasti\u010dno se smanjio broj va\u017ee\u0107ih invalidskih mirovina, pa ih je 2001. godine bilo oko 420.000, a danas imamo oko 240.000 invalidskih umirovljenika. Milo\u0161evi\u0107 ka\u017ee da to nije posljedica revizija.<\/p>\n\n\n\n<p>&#8220;Revizijom je ukinuto par stotina mirovina, ali sada svaki nalaz koji se napravi u Fondu PIO, odnosno ono \u0161to rade vje\u0161taci, ide u obveznu reviziju i kontrolu. To je standardna procedura koja se mora po\u0161tovati, \u201c precizirao je zamjenik direktora Fonda PIO.<\/p>\n\n\n\n<h3 class=\"wp-block-heading\">Uvjeti za invalidsku mirovinu<\/h3>\n\n\n\n<p>Invalidsku mirovinu mo\u017eete dobiti nakon pet godina sta\u017ea, no ima i onih koji ranije do\u0111u u situaciju da vi\u0161e ne mogu raditi. &#8220;Za odlazak u invalidsku mirovinu morate imati 30 godina i najmanje pet godina radnog sta\u017ea. Ako nemate, na\u0161i vam lije\u010dnici ne\u0107e dati pravo na invalidsku mirovinu, napisat \u0107e da je lije\u010denje nije zavr\u0161eno. Savjetovat \u0107e vam da na neki na\u010din, mo\u017eda kroz bolovanje, mo\u017eda kroz stjecanje dodatnog sta\u017ea, ostvarite to pravo&#8221;, obja\u0161njava Milo\u0161evi\u0107.<\/p>\n\n\n\n<p>Poja\u0161njava da \u0107e samo u tom slu\u010daju netko mo\u0107i ostvariti pravo na isplatu invalidske mirovine, a ne samo golo pravo koje u bilo kojem materijalnom smislu ne zna\u010di ni\u0161ta. To zna\u010di da \u0107e podnositelj zahtjeva u me\u0111uvremenu ste\u0107i potrebnih pet godina. Udio starosnih mirovina va\u017ean je za stabilnost svakog mirovinskog sustava, a u Srbiji je ve\u0107i od 65 posto. Osim invalidskih s 14 posto, udio obiteljskih mirovina je oko 19 posto.<\/p>\n\n\n\n<h3 class=\"wp-block-heading\">Naj\u010de\u0161\u0107i razlozi za primanje invalidske mirovine<\/h3>\n\n\n\n<p>U 30 posto slu\u010dajeva razlog za invalidsku mirovinu je rak, slijede bolesti krvotoka, a zna\u010dajan udio od 10 posto \u010dine psihi\u010dki poreme\u0107aji.<\/p>\n<div id=\"mojev-2579207620\" class=\"mojev-kraj-teksta mojev-entity-placement\" style=\"margin-bottom: 20px;margin-left: auto;margin-right: auto;text-align: center;\"><div class=\"mojev-adlabel\">oglas<\/div><div style=\"height: 250px;\"><script async src=\"https:\/\/pagead2.googlesyndication.com\/pagead\/js\/adsbygoogle.js?client=ca-pub-8106111766207173\"\r\n     crossorigin=\"anonymous\"><\/script>\r\n<!-- Display-1 -->\r\n<ins class=\"adsbygoogle\"\r\n     style=\"display:block\"\r\n     data-ad-client=\"ca-pub-8106111766207173\"\r\n     data-ad-slot=\"1465712950\"\r\n     data-ad-format=\"auto\"\r\n     data-full-width-responsive=\"true\"><\/ins>\r\n<script>\r\n     (adsbygoogle = window.adsbygoogle || []).push({});\r\n<\/script><\/div><\/div>","protected":false},"excerpt":{"rendered":"<p>Srbija je prije dva desetlje\u0107a imala oko 420.000 invalidskih umirovljenika, a danas ih je gotovo upola manje &#8211; 240.000. Zamjenik direktora Fonda PIO Aleksandar Milo\u0161evi\u0107 ka\u017ee da se godi\u0161nje primi oko 13.000 zahtjeva za invalidsku mirovinu, od \u010dega se tek polovica odobri.<\/p>\n","protected":false},"author":1,"featured_media":80100,"comment_status":"closed","ping_status":"closed","sticky":false,"template":"","format":"standard","meta":{"footnotes":""},"categories":[9],"tags":[1805,18,638],"class_list":["post-80090","post","type-post","status-publish","format-standard","has-post-thumbnail","hentry","category-vijesti","tag-invalidska-mirovina","tag-mirovine","tag-srbija"],"_links":{"self":[{"href":"https:\/\/www.mojevrijeme.hr\/magazin\/wp-json\/wp\/v2\/posts\/80090","targetHints":{"allow":["GET"]}}],"collection":[{"href":"https:\/\/www.mojevrijeme.hr\/magazin\/wp-json\/wp\/v2\/posts"}],"about":[{"href":"https:\/\/www.mojevrijeme.hr\/magazin\/wp-json\/wp\/v2\/types\/post"}],"author":[{"embeddable":true,"href":"https:\/\/www.mojevrijeme.hr\/magazin\/wp-json\/wp\/v2\/users\/1"}],"replies":[{"embeddable":true,"href":"https:\/\/www.mojevrijeme.hr\/magazin\/wp-json\/wp\/v2\/comments?post=80090"}],"version-history":[{"count":0,"href":"https:\/\/www.mojevrijeme.hr\/magazin\/wp-json\/wp\/v2\/posts\/80090\/revisions"}],"wp:featuredmedia":[{"embeddable":true,"href":"https:\/\/www.mojevrijeme.hr\/magazin\/wp-json\/wp\/v2\/media\/80100"}],"wp:attachment":[{"href":"https:\/\/www.mojevrijeme.hr\/magazin\/wp-json\/wp\/v2\/media?parent=80090"}],"wp:term":[{"taxonomy":"category","embeddable":true,"href":"https:\/\/www.mojevrijeme.hr\/magazin\/wp-json\/wp\/v2\/categories?post=80090"},{"taxonomy":"post_tag","embeddable":true,"href":"https:\/\/www.mojevrijeme.hr\/magazin\/wp-json\/wp\/v2\/tags?post=80090"}],"curies":[{"name":"wp","href":"https:\/\/api.w.org\/{rel}","templated":true}]}}