{"id":80105,"date":"2023-07-14T13:49:56","date_gmt":"2023-07-14T11:49:56","guid":{"rendered":"https:\/\/www.mojevrijeme.hr\/magazin\/?p=80105"},"modified":"2023-07-14T13:49:59","modified_gmt":"2023-07-14T11:49:59","slug":"braniteljima-veca-invalidnina-i-veca-mogucnost-rada-uz-mirovinu","status":"publish","type":"post","link":"https:\/\/www.mojevrijeme.hr\/magazin\/2023\/07\/braniteljima-veca-invalidnina-i-veca-mogucnost-rada-uz-mirovinu\/","title":{"rendered":"Braniteljima ve\u0107a invalidnina i ve\u0107a mogu\u0107nost rada uz mirovinu"},"content":{"rendered":"\n<p>Hrvatski sabor upravo je izmijenio Zakon o hrvatskim braniteljima iz Domovinskog rata. Izmjenama Zakona o hrvatskim braniteljima, pove\u0107at \u0107e se iznos osobne invalidnine i drugih prava koja se ra\u010dunaju na temelju prora\u010dunske osnovice, a stvara se i pravni temelj za osnivanje ustanove za dugotrajni smje\u0161taj branitelja koji se ne mogu brinuti o sebi.<\/p>\n\n\n\n<p>Mijenjaju se i odredbe iz mirovinskog osiguranja kako bi se branitelje \u010dim du\u017ee zadr\u017ealo u svijetu rada, odnosno omogu\u0107ilo da rade uz mirovinu. Tako \u0107e branitelji koji primaju iznos najni\u017ee mirovine mo\u0107i raditi do pola radnog vremena uz puni iznos najni\u017ee mirovine.<\/p>\n\n\n\n<h3 class=\"wp-block-heading\">Manja penalizacija za rad uz mirovinu<\/h3>\n\n\n\n<p>Branitelji s invalidskom mirovinom zbog djelomi\u010dnog gubitka radne sposobnosti mo\u0107i \u0107e raditi do pola radnog vremena i primati punu invalidsku mirovinu. I do sada su mogli raditi puno ili pola radnog vremena, ali im se iznos mirovine smanjivao za tre\u0107inu. Sada \u0107e se smanjivati za tre\u0107inu samo ako branitelj radi puno radno vrijeme.<\/p><div id=\"mojev-2394067139\" class=\"mojev-u-tekstu mojev-entity-placement\" style=\"margin-left: auto;margin-right: auto;text-align: center;\"><div class=\"mojev-adlabel\">oglas<\/div><div style=\"height: 250px;\"><script async src=\"https:\/\/pagead2.googlesyndication.com\/pagead\/js\/adsbygoogle.js?client=ca-pub-8106111766207173\"\r\n     crossorigin=\"anonymous\"><\/script>\r\n<!-- Prikazni 1 u tekstu -->\r\n<ins class=\"adsbygoogle\"\r\n     style=\"display:block\"\r\n     data-ad-client=\"ca-pub-8106111766207173\"\r\n     data-ad-slot=\"8535551207\"\r\n     data-ad-format=\"auto\"\r\n     data-full-width-responsive=\"true\"><\/ins>\r\n<script>\r\n     (adsbygoogle = window.adsbygoogle || []).push({});\r\n<\/script><\/div><\/div><br style=\"clear: both; display: block; float: none;\"\/>\n\n\n\n<h3 class=\"wp-block-heading\">Udovice \u0107e mo\u0107i raditi uz zadr\u017eavanje obiteljske mirovine<\/h3>\n\n\n\n<p>Do pola radnog vremena, uz primanje punog iznosa obiteljske mirovine, mo\u0107i \u0107e raditi i \u010dlanovi braniteljskih obitelji koji primaju obiteljsku mirovinu, naj\u010de\u0161\u0107e supruge. Do sada nije postojala mogu\u0107nost rada uz primanje obiteljske mirovine, a u slu\u010daju zaposlenja, mirovina se obustavljala.<\/p>\n\n\n\n<p>Izmjenama Zakona stvara se pravna osnova za osnivanje braniteljskih centara kao ustanove za pru\u017eanje dugotrajnog smje\u0161taja branitelja s obzirom na to da ih je sve vi\u0161e nemo\u0107nih i u sama\u010dkim ku\u0107anstvima. <\/p>\n\n\n\n<h3 class=\"wp-block-heading\">Novi model odre\u0111ivanja osnovice<\/h3>\n\n\n\n<p>Predlo\u017eene zakonske izmjene donose i novi model odre\u0111ivanja osnovice za ostvarivanje prava iz zakona. Sada se osobna invalidnina i druga prava odre\u0111uju u postotku od prora\u010dunske osnovice, \u010diji iznos nije mijenjan od 2001. Slijedom toga, iznosi prava hrvatskih ratnih vojnih invalida, drugih prava po osnovi o\u0161te\u0107enja organizma ili gubitka \u010dlana obitelji &#8211; isti su 22 godine, dok su istodobno rasli iznosi prosje\u010dne neto pla\u0107e i tro\u0161kovi \u017eivota.<\/p>\n\n\n\n<h3 class=\"wp-block-heading\">Dijelu pripadnika HVO-a dr\u017eava \u0107e platiti ukop<\/h3>\n\n\n\n<p>Predvi\u0111ena je i mogu\u0107nost ostvarivanja prava na tro\u0161kove ukopa za umrle pripadnike HVO-a koji su u trenutku smrti imali hrvatsko dr\u017eavljanstvo i prebivali\u0161te u Hrvatskoj.<\/p>\n<div id=\"mojev-1071516746\" class=\"mojev-kraj-teksta mojev-entity-placement\" style=\"margin-bottom: 20px;margin-left: auto;margin-right: auto;text-align: center;\"><div class=\"mojev-adlabel\">oglas<\/div><div style=\"height: 250px;\"><script async src=\"https:\/\/pagead2.googlesyndication.com\/pagead\/js\/adsbygoogle.js?client=ca-pub-8106111766207173\"\r\n     crossorigin=\"anonymous\"><\/script>\r\n<!-- Display-1 -->\r\n<ins class=\"adsbygoogle\"\r\n     style=\"display:block\"\r\n     data-ad-client=\"ca-pub-8106111766207173\"\r\n     data-ad-slot=\"1465712950\"\r\n     data-ad-format=\"auto\"\r\n     data-full-width-responsive=\"true\"><\/ins>\r\n<script>\r\n     (adsbygoogle = window.adsbygoogle || []).push({});\r\n<\/script><\/div><\/div>","protected":false},"excerpt":{"rendered":"<p>Predlo\u017eene zakonske izmjene donose i novi model odre\u0111ivanja osnovice za ostvarivanje prava iz zakona. <\/p>\n","protected":false},"author":1,"featured_media":32613,"comment_status":"closed","ping_status":"closed","sticky":false,"template":"","format":"standard","meta":{"footnotes":""},"categories":[9],"tags":[627,1261,1342],"class_list":["post-80105","post","type-post","status-publish","format-standard","has-post-thumbnail","hentry","category-vijesti","tag-branitelji","tag-invalidnina","tag-rad-uz-mirovinu"],"_links":{"self":[{"href":"https:\/\/www.mojevrijeme.hr\/magazin\/wp-json\/wp\/v2\/posts\/80105","targetHints":{"allow":["GET"]}}],"collection":[{"href":"https:\/\/www.mojevrijeme.hr\/magazin\/wp-json\/wp\/v2\/posts"}],"about":[{"href":"https:\/\/www.mojevrijeme.hr\/magazin\/wp-json\/wp\/v2\/types\/post"}],"author":[{"embeddable":true,"href":"https:\/\/www.mojevrijeme.hr\/magazin\/wp-json\/wp\/v2\/users\/1"}],"replies":[{"embeddable":true,"href":"https:\/\/www.mojevrijeme.hr\/magazin\/wp-json\/wp\/v2\/comments?post=80105"}],"version-history":[{"count":0,"href":"https:\/\/www.mojevrijeme.hr\/magazin\/wp-json\/wp\/v2\/posts\/80105\/revisions"}],"wp:featuredmedia":[{"embeddable":true,"href":"https:\/\/www.mojevrijeme.hr\/magazin\/wp-json\/wp\/v2\/media\/32613"}],"wp:attachment":[{"href":"https:\/\/www.mojevrijeme.hr\/magazin\/wp-json\/wp\/v2\/media?parent=80105"}],"wp:term":[{"taxonomy":"category","embeddable":true,"href":"https:\/\/www.mojevrijeme.hr\/magazin\/wp-json\/wp\/v2\/categories?post=80105"},{"taxonomy":"post_tag","embeddable":true,"href":"https:\/\/www.mojevrijeme.hr\/magazin\/wp-json\/wp\/v2\/tags?post=80105"}],"curies":[{"name":"wp","href":"https:\/\/api.w.org\/{rel}","templated":true}]}}