{"id":80109,"date":"2023-07-14T14:12:31","date_gmt":"2023-07-14T12:12:31","guid":{"rendered":"https:\/\/www.mojevrijeme.hr\/magazin\/?p=80109"},"modified":"2023-07-14T14:12:54","modified_gmt":"2023-07-14T12:12:54","slug":"ljupka-bahra-58-postala-je-katolkinja-imam-tri-sakramenta-jos-samo-brak-fali","status":"publish","type":"post","link":"https:\/\/www.mojevrijeme.hr\/magazin\/2023\/07\/ljupka-bahra-58-postala-je-katolkinja-imam-tri-sakramenta-jos-samo-brak-fali\/","title":{"rendered":"Ljupka Bahra (58) postala je katolkinja: &#8216;Imam tri sakramenta, samo brak fali&#8217;"},"content":{"rendered":"\n<p><br>U lipnju ove godine&nbsp;<strong>Bahra Zahirovi\u0107<\/strong>, nezaboravljena junakinja <em>showa<\/em><strong>&nbsp;&#8220;<\/strong>Ljubav je na selu&#8221;, postala je katolkinja kr\u0161tenjem u Katoli\u010dkoj crkvi. Osim \u0161to je vijest podijelila na dru\u0161tvenim mre\u017eama, za <a rel=\"noreferrer noopener\" href=\"https:\/\/www.rtl.hr\/show\/ljubav-je-na-selu\/novosti\/bahra-za-rtl-hr-o-velikom-danu-krstila-se-pricestila-i-krizmala-jos-mi-samo-nedostaje-sakrament-zenidbe-52b46268-216d-11ee-a0e2-0ee8f36581c7\" target=\"_blank\">RTL<\/a> je objasnila za\u0161to je u jednom danu primila \u010dak tri katoli\u010dka sakramenta. <\/p>\n\n\n\n<p>&#8220;Budu\u0107i da sam ro\u0111ena u Hrvatskoj, tu sam odrasla i \u0161kolovala se, a kao dijete, imala sam priliku i\u0107i na misu. Tako sam odgajana od po\u010detka svog uzrasta, da se znam prekri\u017eiti Bogu, odlazila sam na Kamenita vrata. Te sve navike sam stekla kao djevojka i to sam zavoljela. Posvetila sam se tome da odlazim na Kamenita vrata, pro\u0161e\u0107em po Gornjem gradu. \u010cesto sam odlazila na pro\u0161tenja i shvatila sam da je najbolje da se pri\u010destim&#8221;, rekla je simpati\u010dna Bahra. <\/p>\n\n\n\n<p>Kako bi ostvarila svoju \u017eelju, poha\u0111ala je vjeronauk i polo\u017eila je ispit. &#8220;Prihvatila sam da moram pro\u0107i vjeronauk, pro\u0161la sam na ispitu i osje\u0107ala sam se ponosno i sretno. Bila sam spremna na to sve i jako sretna \u0161to sam primila sve sakramente. Kr\u0161tenje, Sveta pri\u010det i Sveta potvrda. Jo\u0161 mi samo nedostaje \u017eenidbeni sakrament. Tako se i sve\u0107enik \u0161alio, a ja vi\u010dem: &#8216;Ne jo\u0161'&#8221;, objasnila je Bahra, jo\u0161 uvijek razo\u010darana u mu\u0161karce. <\/p><div id=\"mojev-3081806258\" class=\"mojev-u-tekstu mojev-entity-placement\" style=\"margin-left: auto;margin-right: auto;text-align: center;\"><div class=\"mojev-adlabel\">oglas<\/div><div style=\"height: 250px;\"><script async src=\"https:\/\/pagead2.googlesyndication.com\/pagead\/js\/adsbygoogle.js?client=ca-pub-8106111766207173\"\r\n     crossorigin=\"anonymous\"><\/script>\r\n<!-- Prikazni 1 u tekstu -->\r\n<ins class=\"adsbygoogle\"\r\n     style=\"display:block\"\r\n     data-ad-client=\"ca-pub-8106111766207173\"\r\n     data-ad-slot=\"8535551207\"\r\n     data-ad-format=\"auto\"\r\n     data-full-width-responsive=\"true\"><\/ins>\r\n<script>\r\n     (adsbygoogle = window.adsbygoogle || []).push({});\r\n<\/script><\/div><\/div><br style=\"clear: both; display: block; float: none;\"\/>\n\n\n\n<p>&#8220;To mora biti poseban \u010dovjek s kojim bi ja to odlu\u010dila u dana\u0161nje vrijeme, gledaju\u0107i u su\u0161tinu \u017eivota i sve primjere, gdje je najvi\u0161e lo\u0161ih primjera u bra\u010dnim zajednicama. Te\u0161ko se odlu\u010dujem na to, ali nikad se ne zna&#8221;, rekla je Bahra RTL-u.<\/p>\n<div id=\"mojev-707072655\" class=\"mojev-kraj-teksta mojev-entity-placement\" style=\"margin-bottom: 20px;margin-left: auto;margin-right: auto;text-align: center;\"><div class=\"mojev-adlabel\">oglas<\/div><div style=\"height: 250px;\"><script async src=\"https:\/\/pagead2.googlesyndication.com\/pagead\/js\/adsbygoogle.js?client=ca-pub-8106111766207173\"\r\n     crossorigin=\"anonymous\"><\/script>\r\n<!-- Display-1 -->\r\n<ins class=\"adsbygoogle\"\r\n     style=\"display:block\"\r\n     data-ad-client=\"ca-pub-8106111766207173\"\r\n     data-ad-slot=\"1465712950\"\r\n     data-ad-format=\"auto\"\r\n     data-full-width-responsive=\"true\"><\/ins>\r\n<script>\r\n     (adsbygoogle = window.adsbygoogle || []).push({});\r\n<\/script><\/div><\/div>","protected":false},"excerpt":{"rendered":"<p>U lipnju ove godine&nbsp;Bahra Zahirovi\u0107, nezaboravljena junakinja showa&nbsp;&#8220;Ljubav je na selu&#8221;, postala je katolkinja kr\u0161tenjem u Katoli\u010dkoj crkvi. Osim \u0161to je vijest podijelila na dru\u0161tvenim mre\u017eama, za RTL je objasnila za\u0161to je u jednom danu primila \u010dak tri katoli\u010dka sakramenta. &#8220;Budu\u0107i da sam ro\u0111ena u Hrvatskoj, tu sam odrasla i \u0161kolovala se, a kao dijete, [&hellip;]<\/p>\n","protected":false},"author":1,"featured_media":80111,"comment_status":"closed","ping_status":"closed","sticky":false,"template":"","format":"standard","meta":{"footnotes":""},"categories":[84],"tags":[3612,1070,3054,303,3421],"class_list":["post-80109","post","type-post","status-publish","format-standard","has-post-thumbnail","hentry","category-show","tag-bahra-zahirovic","tag-katolici","tag-ljubav-je-na-selu","tag-religija","tag-sakramenti"],"_links":{"self":[{"href":"https:\/\/www.mojevrijeme.hr\/magazin\/wp-json\/wp\/v2\/posts\/80109","targetHints":{"allow":["GET"]}}],"collection":[{"href":"https:\/\/www.mojevrijeme.hr\/magazin\/wp-json\/wp\/v2\/posts"}],"about":[{"href":"https:\/\/www.mojevrijeme.hr\/magazin\/wp-json\/wp\/v2\/types\/post"}],"author":[{"embeddable":true,"href":"https:\/\/www.mojevrijeme.hr\/magazin\/wp-json\/wp\/v2\/users\/1"}],"replies":[{"embeddable":true,"href":"https:\/\/www.mojevrijeme.hr\/magazin\/wp-json\/wp\/v2\/comments?post=80109"}],"version-history":[{"count":0,"href":"https:\/\/www.mojevrijeme.hr\/magazin\/wp-json\/wp\/v2\/posts\/80109\/revisions"}],"wp:featuredmedia":[{"embeddable":true,"href":"https:\/\/www.mojevrijeme.hr\/magazin\/wp-json\/wp\/v2\/media\/80111"}],"wp:attachment":[{"href":"https:\/\/www.mojevrijeme.hr\/magazin\/wp-json\/wp\/v2\/media?parent=80109"}],"wp:term":[{"taxonomy":"category","embeddable":true,"href":"https:\/\/www.mojevrijeme.hr\/magazin\/wp-json\/wp\/v2\/categories?post=80109"},{"taxonomy":"post_tag","embeddable":true,"href":"https:\/\/www.mojevrijeme.hr\/magazin\/wp-json\/wp\/v2\/tags?post=80109"}],"curies":[{"name":"wp","href":"https:\/\/api.w.org\/{rel}","templated":true}]}}