{"id":80118,"date":"2023-07-15T16:34:41","date_gmt":"2023-07-15T14:34:41","guid":{"rendered":"https:\/\/www.mojevrijeme.hr\/magazin\/?p=80118"},"modified":"2023-07-15T16:39:31","modified_gmt":"2023-07-15T14:39:31","slug":"ako-tesko-zivite-od-mirovine-gospoda-dinka-nudi-stan-uz-obalu-dunava","status":"publish","type":"post","link":"https:\/\/www.mojevrijeme.hr\/magazin\/2023\/07\/ako-tesko-zivite-od-mirovine-gospoda-dinka-nudi-stan-uz-obalu-dunava\/","title":{"rendered":"Ako te\u0161ko \u017eivite od mirovine, gospo\u0111a Dinka nudi stan uz obalu Dunava"},"content":{"rendered":"\n<p><a href=\"https:\/\/www.index.hr\/magazin\/clanak\/dinka-nudi-besplatan-apartman-osobi-koja-bi-dosla-u-sarengrad-fale-mi-mama-i-tata\/2448847.aspx\"><\/a>Donosimo jednu sasvim neobi\u010dnu pri\u010du i poziv koji dolazi iz \u0160arengrada, srijemskog mjesta\u0161ca na obali Dunava. Ondje svoje umirovljeni\u010dke dane provodi gospo\u0111a<strong> Dinka Juri\u010di\u0107<\/strong> (67), koja je naslijedila imanje i ima prazan apartman.<\/p>\n\n\n\n<p>U njega bi rado smjestila jednu umirovljenicu koja te\u0161ko \u017eivi od mirovine, a spremna je preseliti u ovaj divan kraj. Ta bi \u017eena pla\u0107ala samo 50 eura re\u017eija i ni\u0161ta vi\u0161e, a imala bi svu slobodu! Naime, \u010ditaju\u0107i dan za danom tekstove na na\u0161em portalu, gospo\u0111a Dinka Juri\u010di\u0107 uvidjela je da je jedna od rijetkih umirovljenica koja za sebe mo\u017ee re\u0107i da ima stvarno dobru mirovinu i da od nje mo\u017ee pristojno \u017eivjeti. <\/p>\n\n\n\n<p>\u017divot joj je k tome podijelio jo\u0161 sretnih karata \u2013 na djedovini u srijemskom \u0160arengradu, nedaleko od Iloka, naslijedila je veliko imanje koje se sastoji od ku\u0107e u kojoj ona \u017eivi, objekta s jo\u0161 \u010detiri apartmana i velikom livadom ucrtanom na me\u0111unarodnoj biciklisti\u010dkoj karti kao kamping zona.<\/p><div id=\"mojev-2360695150\" class=\"mojev-u-tekstu mojev-entity-placement\" style=\"margin-left: auto;margin-right: auto;text-align: center;\"><div class=\"mojev-adlabel\">oglas<\/div><div style=\"height: 250px;\"><script async src=\"https:\/\/pagead2.googlesyndication.com\/pagead\/js\/adsbygoogle.js?client=ca-pub-8106111766207173\"\r\n     crossorigin=\"anonymous\"><\/script>\r\n<!-- Prikazni 1 u tekstu -->\r\n<ins class=\"adsbygoogle\"\r\n     style=\"display:block\"\r\n     data-ad-client=\"ca-pub-8106111766207173\"\r\n     data-ad-slot=\"8535551207\"\r\n     data-ad-format=\"auto\"\r\n     data-full-width-responsive=\"true\"><\/ins>\r\n<script>\r\n     (adsbygoogle = window.adsbygoogle || []).push({});\r\n<\/script><\/div><\/div><br style=\"clear: both; display: block; float: none;\"\/>\n\n\n\n<p>Gospo\u0111u Dinku nije te\u0161ko zavoljeti kao osobu. &#8220;Za \u017eivota sam \u017eivjela i radila u Zagrebu. Po zanimanju sam profesorica hrvatskog jezika i imam \u010detvero odrasle djece&#8221; te sam baka dvjema unu\u010dicama. Kad sam u\u0161la u mirovinu, razbolio mi se otac i ja sam se, umjesto da njega dovedem u Zagreb, odlu\u010dila preseliti k njemu. Kasnije nam se na imanju pridru\u017eio i tatin prijatelj koji je ve\u0107 bio u stara\u010dkom domu, ali nije volio biti ondje pa smo ga pozvali da \u017eivi s nama. Nakon nekoliko lijepih zajedni\u010dkih godina, umrli su ubrzo jedan za drugim. Ja sam ovdje ostala jer sam zavoljela ovo imanje i prirodu, i prona\u0161la tu toliko zanimacija koje me ispunjavaju sre\u0107om, da mi nije palo na pamet vratiti se u velegrad&#8221;, ispri\u010dala nam je ova vedra umirovljenica.<\/p>\n\n\n\n<p>I iako na livadi koja dijeli njezinu ku\u0107u i Dunav gotovo svakodnevno u \u0161atoru besplatno preno\u0107e biciklisti, ona \u017eivi sama s svoja \u010detiri umiljata psa mje\u0161anca i nekoliko ma\u010daka. Apartmani su prazni, tek ponekad, kad bicikliste uhvati ki\u0161a, ponudi im smje\u0161taj u njima.<\/p>\n\n\n\n<h3 class=\"wp-block-heading\">Umirovljenici nudi prekrasan dom<\/h3>\n\n\n\n<p>Objasnila nam je i za\u0161to se odlu\u010dila na humani potez da jednoj umirovljenici s malom mirovinom pru\u017ei prekrasan dom.<\/p>\n\n\n\n<p>\u201d\u017divim sama sa svojim psima i ne mogu ih ostaviti same ni na dva, tri dana. Zbilja \u017eelim mo\u017eda jednom mjese\u010dno oti\u0107i do Zagreba svojoj djeci i unucima, a ve\u0107 dugo \u017eelim veslati, kajakom, od ma\u0111arske granice do Iloka, 137 kilometara, \u0161to bi trajalo tri dana. Volim i planinariti, \u010dega sam se sada odrekla, pa bih se povremeno voljela opet vratiti u brda. Tih par dana osoba koja bi tu \u017eivjela psima bi dala hranu i vodu, a ja \u0107u joj sve unaprijed pripremiti i taj posao dodatno platiti. Naravno da \u0107emo prvo imati razdoblje upoznavanja i da \u0107e upoznati pse. Psi su srednjeg rasta, jedan je mali jazav\u010dar, beskrajno su umiljati i navikli na ljude&#8221;, objasnila je.<\/p>\n\n\n\n<h3 class=\"wp-block-heading\">Kakva se osoba tra\u017ei<\/h3>\n\n\n\n<p>Gospo\u0111a Dinka objasnila je i kakvu osobu tra\u017ei za smje\u0161taj. &#8220;Ako ima neka starija osoba koja ne mo\u017ee \u017eivjeti od svoje mirovine, a spremna se preseliti u Srijem, rado \u0107u je primiti. Ta bi osoba pla\u0107ala samo 50 eura re\u017eija, to je sve. \u017divjela bi potpuno samostalno i neovisno o meni. Napominjem da ne trebam osobu za rad, ve\u0107 da mojim psima i ma\u010dkama da vodu i hranu kad me nema, uz nadoknadu za to.&#8221;<\/p>\n\n\n\n<figure class=\"wp-block-image size-large\"><img loading=\"lazy\" decoding=\"async\" width=\"740\" height=\"444\" src=\"https:\/\/www.mojevrijeme.hr\/magazin\/wp-content\/uploads\/2023\/07\/dinka-i-psi-740x444.jpg\" alt=\"\" class=\"wp-image-80187\" srcset=\"https:\/\/www.mojevrijeme.hr\/magazin\/wp-content\/uploads\/2023\/07\/dinka-i-psi-740x444.jpg 740w, https:\/\/www.mojevrijeme.hr\/magazin\/wp-content\/uploads\/2023\/07\/dinka-i-psi-636x382.jpg 636w, https:\/\/www.mojevrijeme.hr\/magazin\/wp-content\/uploads\/2023\/07\/dinka-i-psi-768x461.jpg 768w, https:\/\/www.mojevrijeme.hr\/magazin\/wp-content\/uploads\/2023\/07\/dinka-i-psi-1536x922.jpg 1536w, https:\/\/www.mojevrijeme.hr\/magazin\/wp-content\/uploads\/2023\/07\/dinka-i-psi-1500x900.jpg 1500w, https:\/\/www.mojevrijeme.hr\/magazin\/wp-content\/uploads\/2023\/07\/dinka-i-psi-1600x960.jpg 1600w, https:\/\/www.mojevrijeme.hr\/magazin\/wp-content\/uploads\/2023\/07\/dinka-i-psi-590x354.jpg 590w, https:\/\/www.mojevrijeme.hr\/magazin\/wp-content\/uploads\/2023\/07\/dinka-i-psi-400x240.jpg 400w, https:\/\/www.mojevrijeme.hr\/magazin\/wp-content\/uploads\/2023\/07\/dinka-i-psi.jpg 2000w\" sizes=\"auto, (max-width: 740px) 100vw, 740px\" \/><figcaption class=\"wp-element-caption\">Dinka Jur\u010di\u0107 (screenshot: RTL)<\/figcaption><\/figure>\n\n\n\n<p>&#8220;Voljela bih da mi do\u0111e osoba koja voli \u017eivjeti, a ne \u017eivotariti, osoba koju je \u017eivot mo\u017eda na ovaj ili onaj na\u010din prevario pa sada ima crkavicu od mirovine, ali se i dalje \u017eeli veseliti u \u017eivotu, u\u017eivati u prirodi i dobrom dru\u0161tvu. I sama sam ovdje presretna, potpuno zdrava i aktivna u 68. godini \u017eivota.&#8221;<\/p>\n\n\n\n<p>&#8220;Toj osobi mogu dolaziti i gosti, prijatelji, ne bi imala nikakvih ograni\u010denja ve\u0107 mi je najva\u017enije da joj mogu vjerovati. Mo\u017ee ostati koliko god dugo \u017eeli&#8221;, napominje na\u0161a sugovornica. Otkriva, ve\u0107 je bila primila jednog mu\u0161kog umirovljenika, ali je znao previ\u0161e popiti pa ga je morala zamoliti da ode. <\/p>\n\n\n\n<h3 class=\"wp-block-heading\">Va\u0161 stan<\/h3>\n\n\n\n<p>Potpuno opremljen apartman koji gospo\u0111a Dinka nudi umirovljenici nalazi se u prizemlju, odli\u010dno je izoliran, ljeti prohladan, a zimi topao.<\/p>\n\n\n\n<p>&#8220;Ispred stana je i naslonja\u010d, klupa i stoli\u0107, a sve u hladu rasko\u0161ne plodne jabuke. Iz kuhinje se pru\u017ea predivan pogled na Dunav. Na samom imanju se nalazi i rasko\u0161na sjenica obrasla u biljku poviju\u0161u, a tu je i \u010dardak sa \u010ditaonicom i igraonicom, u sjeni jasena. Mjesto ima 200 metara udaljenu trgovinu&#8221;, istaknula je.<\/p>\n\n\n\n<h3 class=\"wp-block-heading\">Svestrana gospo\u0111a Dinka<\/h3>\n\n\n\n<p>Umirovljenica Dinka iznimno je aktivna, svestrana, nadasve srda\u010dna. Uz nju \u0107ete mo\u017eda i vi zavoljeti \u010ditanje, pisanje, tkanje na tkala\u010dkom stanu, branje ljekovitog bilja za \u010daj, izradu krema, vrtlarenje, ranojutarnje \u0161etnje, veslanje, planinarenje, skupljanje stakalca i naplavina i izradu suncolovki. Uz sve to gospo\u0111a Dinka zna ku\u0107i dovesti i kakav odba\u010deni komad namje\u0161taja, jer voli restaurirati i udahnuti novi \u017eivot starim stvarima.<\/p>\n\n\n\n<p>Kroz svoju udrugu &#8220;Dru\u017eenja u \u0160arengradu&#8221; organizira ma\u0161kare, kuhanje graha, izradu eko-plovila, a sada \u017eeli licitirati i za kupnju Bibliobusa koji bi trebao i\u0107i u rashod, a ona bi ga o\u017eivjela na svom imanju. Na imanju \u0107ete u\u017eivati i u cvije\u0107u koje njeguje, a budete li raspolo\u017eeni, mo\u017eete se upoznati s uvijek dobro raspolo\u017eenim kamperima iz cijelog svijeta.<\/p>\n\n\n\n<p>Gospo\u0111u Dinku mo\u017eete pratiti i dodatno upoznati i putem njezinog <a rel=\"noreferrer noopener\" href=\"https:\/\/www.facebook.com\/dinka.juricic\" target=\"_blank\">Facebooka<\/a>. Prikupila je 5.000 prijatelja i 6.000 pratitelja te s mnogima komunicira na dnevnoj bazi. Njezina besplatna kamping zona toliko je popularna, da je livada rijetko prazna, a besplatnom spavanju jedan se njema\u010dki novinar toliko nije mogao na\u010duditi, da je ZDF televizija o tome do\u0161la snimiti reporta\u017eu.<\/p>\n\n\n\n<div id=\"zeleno\"><\/p>\n\n\n\n<p>Drage umirovljenice, ako ste spremne za novu \u017eivotnu avanturu odva\u017eite se i javite javite se gospo\u0111i Dinki kratkim pismom u kojem \u0107ete, navesti nekoliko osnovnih informacija o sebi i argumentirati za\u0161to bi ba\u0161 vi bili najbolji izbor za su\u017eivot na predivnom srijemskom imanju. Obrazac za slanje pisma otvorite odabirom <a rel=\"noreferrer noopener\" href=\"https:\/\/www.mojevrijeme.hr\/magazin\/napisite-poruku\/\" target=\"_blank\">ove poveznice<\/a>.<\/p>\n\n\n\n<p><\/div>\n<div id=\"mojev-886472910\" class=\"mojev-kraj-teksta mojev-entity-placement\" style=\"margin-bottom: 20px;margin-left: auto;margin-right: auto;text-align: center;\"><div class=\"mojev-adlabel\">oglas<\/div><div style=\"height: 250px;\"><script async src=\"https:\/\/pagead2.googlesyndication.com\/pagead\/js\/adsbygoogle.js?client=ca-pub-8106111766207173\"\r\n     crossorigin=\"anonymous\"><\/script>\r\n<!-- Display-1 -->\r\n<ins class=\"adsbygoogle\"\r\n     style=\"display:block\"\r\n     data-ad-client=\"ca-pub-8106111766207173\"\r\n     data-ad-slot=\"1465712950\"\r\n     data-ad-format=\"auto\"\r\n     data-full-width-responsive=\"true\"><\/ins>\r\n<script>\r\n     (adsbygoogle = window.adsbygoogle || []).push({});\r\n<\/script><\/div><\/div>","protected":false},"excerpt":{"rendered":"<p>Donosimo jednu sasvim neobi\u010dnu pri\u010du i poziv koji dolazi iz \u0160arengrada, slavonskog mjesta\u0161ca na obali Dunava. Ondje svoje umirovljeni\u010dke dane, aktivno i na korist zajednici, provodi gospo\u0111a Dinka o kojoj su do sada snimljene brojne televizijske reporta\u017ee.<\/p>\n","protected":false},"author":15,"featured_media":80183,"comment_status":"closed","ping_status":"closed","sticky":false,"template":"","format":"standard","meta":{"footnotes":""},"categories":[2],"tags":[3614,2529,3615],"class_list":["post-80118","post","type-post","status-publish","format-standard","has-post-thumbnail","hentry","category-mozaik","tag-dinka-juricic","tag-humanitarci","tag-sarengrad"],"_links":{"self":[{"href":"https:\/\/www.mojevrijeme.hr\/magazin\/wp-json\/wp\/v2\/posts\/80118","targetHints":{"allow":["GET"]}}],"collection":[{"href":"https:\/\/www.mojevrijeme.hr\/magazin\/wp-json\/wp\/v2\/posts"}],"about":[{"href":"https:\/\/www.mojevrijeme.hr\/magazin\/wp-json\/wp\/v2\/types\/post"}],"author":[{"embeddable":true,"href":"https:\/\/www.mojevrijeme.hr\/magazin\/wp-json\/wp\/v2\/users\/15"}],"replies":[{"embeddable":true,"href":"https:\/\/www.mojevrijeme.hr\/magazin\/wp-json\/wp\/v2\/comments?post=80118"}],"version-history":[{"count":0,"href":"https:\/\/www.mojevrijeme.hr\/magazin\/wp-json\/wp\/v2\/posts\/80118\/revisions"}],"wp:featuredmedia":[{"embeddable":true,"href":"https:\/\/www.mojevrijeme.hr\/magazin\/wp-json\/wp\/v2\/media\/80183"}],"wp:attachment":[{"href":"https:\/\/www.mojevrijeme.hr\/magazin\/wp-json\/wp\/v2\/media?parent=80118"}],"wp:term":[{"taxonomy":"category","embeddable":true,"href":"https:\/\/www.mojevrijeme.hr\/magazin\/wp-json\/wp\/v2\/categories?post=80118"},{"taxonomy":"post_tag","embeddable":true,"href":"https:\/\/www.mojevrijeme.hr\/magazin\/wp-json\/wp\/v2\/tags?post=80118"}],"curies":[{"name":"wp","href":"https:\/\/api.w.org\/{rel}","templated":true}]}}