{"id":80284,"date":"2023-07-17T10:32:40","date_gmt":"2023-07-17T08:32:40","guid":{"rendered":"https:\/\/www.mojevrijeme.hr\/magazin\/?p=80284"},"modified":"2023-07-17T10:32:43","modified_gmt":"2023-07-17T08:32:43","slug":"elizabeta-trebalo-mi-je-50-godina-da-oprostim-groznoj-majci-ne-radite-si-to","status":"publish","type":"post","link":"https:\/\/www.mojevrijeme.hr\/magazin\/2023\/07\/elizabeta-trebalo-mi-je-50-godina-da-oprostim-groznoj-majci-ne-radite-si-to\/","title":{"rendered":"Elizabeta: Trebalo mi je 50 godina da oprostim groznoj majci, ne radite si to"},"content":{"rendered":"\n<p>Gospo\u0111a Elizabeta u skladnom je braku, zaposlena je i majka dvojice sinova od kojih je stariji dijete s posebnim potrebama. I iako je majka prema njoj, svjedo\u010di, cijeli \u017eivot bila drska, kroni\u010dno nezadovoljna te je imala \u010dak i nasilne ispade, stra\u0161no je te\u0161ko podnijela optu\u017ebe u kojima ju je majka prozivala da je kriva \u010dak i za hendikep sina.<\/p>\n\n\n\n<p>&#8220;Zna se da je hendikep genetski, ali je mene moja majka i za to krivila. Bila je toliko toksi\u010dna da sam se s vremenom udaljila od nje. Posje\u0107ivala sam je jednom tjedno jer sam \u017eivjela u blizini, ali to je uvijek bilo neugodno iskustvo. Prijetila mi je, primjerice, razba\u0161tinjenjem ako \u0107u sina smjestiti u hospicij \u2013 a zamislite, iako niti sam ja ikada razmi\u0161ljala o tome, niti me ona imala od \u010dega razba\u0161tiniti. Sve u svemu, bilo je sve to jako mu\u010dno i nepravedno s njezine strane&#8221;, opisuje na\u0161a \u010ditateljica Elizabeta.<\/p>\n\n\n\n<h3 class=\"wp-block-heading\">Bolest je sve promijenila<\/h3>\n\n\n\n<p>Kad joj se majka razboljela, povjerila nam je, na preporuku lije\u010dnika smjestila ju je u bolnicu te ju svaki dan posje\u0107ivala. Lije\u010dnik joj je odmah rekao da su izgledi za maj\u010dino ozdravljenje minimalni pa je, opisuje, dala sve od sebe da joj uljep\u0161a posljednje dane &#8211; iako joj majka nije olak\u0161avala, ve\u0107 naprotiv.<\/p><div id=\"mojev-3250343045\" class=\"mojev-u-tekstu mojev-entity-placement\" style=\"margin-left: auto;margin-right: auto;text-align: center;\"><div class=\"mojev-adlabel\">oglas<\/div><div style=\"height: 250px;\"><script async src=\"https:\/\/pagead2.googlesyndication.com\/pagead\/js\/adsbygoogle.js?client=ca-pub-8106111766207173\"\r\n     crossorigin=\"anonymous\"><\/script>\r\n<!-- Prikazni 1 u tekstu -->\r\n<ins class=\"adsbygoogle\"\r\n     style=\"display:block\"\r\n     data-ad-client=\"ca-pub-8106111766207173\"\r\n     data-ad-slot=\"8535551207\"\r\n     data-ad-format=\"auto\"\r\n     data-full-width-responsive=\"true\"><\/ins>\r\n<script>\r\n     (adsbygoogle = window.adsbygoogle || []).push({});\r\n<\/script><\/div><\/div><br style=\"clear: both; display: block; float: none;\"\/>\n\n\n\n<p>&#8220;Jedne ve\u010deri do\u0161la sam u vrijeme kad nisu bile redovne posjete, jer sam joj htjela predati anatomski jastuk koji me tra\u017eila. Nisu mi dopustili da u\u0111em na odjel, ali sam na hodniku \u010dula moju majku kako doziva moje ime. Pitala sam sestre s odjela za\u0161to me toliko zove i ima li mo\u017eda neke bolove, a one su mi rekle da ona, jo\u0161 otkako je do\u0161la, po cijele no\u0107i doziva moje ime. Poku\u0161ale su je upozoriti da ometa druge pacijente, ali je ona bila uporna pa su odustale.&#8221;<\/p>\n\n\n\n<h3 class=\"wp-block-heading\">Trenutak oprosta<\/h3>\n\n\n\n<p>&#8220;Rekle su i da im stalno pri\u010da o meni, o mojim sinovima, mom mu\u017eu, mom cvije\u0107u, mom poslu i mojim \u017eivotnim postignu\u0107ima. Jedna od njih se \u010dak na\u0161alila da je ljubomorna na mene \u0161to imam majku koja s toliko divljenja pri\u010da o meni. Bila sam u \u0161oku i kad sam iza\u0161la iz bolnice dugo sam plakala u autu na parkingu. Te sam joj ve\u010deri oprostila sve \u0161to se doga\u0111alo prethodnih 50 godina&#8221;, povjerila nam se gospo\u0111a Elizabeta.<\/p>\n\n\n\n<p>Trenutak oprosta donio joj je, svjedo\u010di, neopisivo olak\u0161anje, pa \u010dak i radost. &#8220;Sutradan ujutro u 8 sati, dok sam se vozila na posao, de\u017eurna lije\u010dnica me nazvala i obavijestila me da je majka u no\u0107i preminula. Bila sam tu\u017ena, ali u isto vrijeme i smirena &#8211; drago mi je \u0161to sam joj oprostila netom prije nego \u0161to je umrla i vi\u0161e nije dobila priliku da me pokoleba u toj odluci. Svakome bih preporu\u010dila da poku\u0161a oprostiti svojim roditeljima, ma koliko toksi\u010dni bili. Posvetite im onoliko svog vremena koliko mo\u017ee u danom razdoblju \u017eivota. Oni su mo\u017eda radili najbolje \u0161to su umjeli s nama, a na nama je da ubudu\u0107e radimo najbolje \u0161to umijemo sa sobom i svojom obitelji&#8221;, istaknula je.<\/p>\n\n\n\n<p>Da je prije oprostila, mo\u017eda bi se i njezin odnos s majkom promijenio. Znamo onu &#8220;Kako zra\u010di\u0161, tako privla\u010di\u0161&#8221;. Na tom tragu, na\u0161a \u010ditateljica jo\u0161 poru\u010duje: &#8220;Nemojmo ponavljati gre\u0161ke svojih roditelja i nemojmo protratiti svoje vrijeme na toksi\u010dne misli i odnose. Meni je trebalo 50 godina da shvatim snagu oprosta.&#8221;<\/p>\n\n\n\n<div id=\"crveno\"><\/p>\n\n\n\n<h3 class=\"wp-block-heading\">Zanima nas va\u0161a pri\u010da<\/h3>\n\n\n\n<p>\u017delite li i vi, posve anonimno, podijeliti svoje iskustvo i vi\u0111enje ove teme s nama i na\u0161im \u010ditateljima, mo\u017eete to u\u010diniti putem web obrasca <a rel=\"noreferrer noopener\" href=\"https:\/\/www.mojevrijeme.hr\/magazin\/povjerljivo\/\" target=\"_blank\">Povjerljivo<\/a>. Napi\u0161ite svoju pri\u010du!<\/p>\n\n\n\n<p><\/div>\n<div id=\"mojev-3712647330\" class=\"mojev-kraj-teksta mojev-entity-placement\" style=\"margin-bottom: 20px;margin-left: auto;margin-right: auto;text-align: center;\"><div class=\"mojev-adlabel\">oglas<\/div><div style=\"height: 250px;\"><script async src=\"https:\/\/pagead2.googlesyndication.com\/pagead\/js\/adsbygoogle.js?client=ca-pub-8106111766207173\"\r\n     crossorigin=\"anonymous\"><\/script>\r\n<!-- Display-1 -->\r\n<ins class=\"adsbygoogle\"\r\n     style=\"display:block\"\r\n     data-ad-client=\"ca-pub-8106111766207173\"\r\n     data-ad-slot=\"1465712950\"\r\n     data-ad-format=\"auto\"\r\n     data-full-width-responsive=\"true\"><\/ins>\r\n<script>\r\n     (adsbygoogle = window.adsbygoogle || []).push({});\r\n<\/script><\/div><\/div>","protected":false},"excerpt":{"rendered":"<p>Gospo\u0111a Elizabeta (50) hrabro je istupila i ispri\u010dala svoje dirljivo iskustvo koje je do\u017eivjela s majkom. Podsjetila nas je pritom na snagu oprosta ljudima iz najbli\u017ee okoline, opisuju\u0107i oslobo\u0111enje i mir u du\u0161i koji je do\u017eivjela nakon \u0161to je 50 godina o majci mislila sve najgore.<\/p>\n","protected":false},"author":17,"featured_media":80316,"comment_status":"closed","ping_status":"closed","sticky":false,"template":"","format":"standard","meta":{"footnotes":""},"categories":[3552],"tags":[3600,3437,1436],"class_list":["post-80284","post","type-post","status-publish","format-standard","has-post-thumbnail","hentry","category-povjerljivo","tag-majke-i-kceri","tag-obiteljski-odnosi","tag-povjerljivo"],"_links":{"self":[{"href":"https:\/\/www.mojevrijeme.hr\/magazin\/wp-json\/wp\/v2\/posts\/80284","targetHints":{"allow":["GET"]}}],"collection":[{"href":"https:\/\/www.mojevrijeme.hr\/magazin\/wp-json\/wp\/v2\/posts"}],"about":[{"href":"https:\/\/www.mojevrijeme.hr\/magazin\/wp-json\/wp\/v2\/types\/post"}],"author":[{"embeddable":true,"href":"https:\/\/www.mojevrijeme.hr\/magazin\/wp-json\/wp\/v2\/users\/17"}],"replies":[{"embeddable":true,"href":"https:\/\/www.mojevrijeme.hr\/magazin\/wp-json\/wp\/v2\/comments?post=80284"}],"version-history":[{"count":0,"href":"https:\/\/www.mojevrijeme.hr\/magazin\/wp-json\/wp\/v2\/posts\/80284\/revisions"}],"wp:featuredmedia":[{"embeddable":true,"href":"https:\/\/www.mojevrijeme.hr\/magazin\/wp-json\/wp\/v2\/media\/80316"}],"wp:attachment":[{"href":"https:\/\/www.mojevrijeme.hr\/magazin\/wp-json\/wp\/v2\/media?parent=80284"}],"wp:term":[{"taxonomy":"category","embeddable":true,"href":"https:\/\/www.mojevrijeme.hr\/magazin\/wp-json\/wp\/v2\/categories?post=80284"},{"taxonomy":"post_tag","embeddable":true,"href":"https:\/\/www.mojevrijeme.hr\/magazin\/wp-json\/wp\/v2\/tags?post=80284"}],"curies":[{"name":"wp","href":"https:\/\/api.w.org\/{rel}","templated":true}]}}