{"id":80319,"date":"2023-07-17T14:34:46","date_gmt":"2023-07-17T12:34:46","guid":{"rendered":"https:\/\/www.mojevrijeme.hr\/magazin\/?p=80319"},"modified":"2023-07-18T18:09:13","modified_gmt":"2023-07-18T16:09:13","slug":"sve-kazu-sramota-radile-su-preko-40-godina-ovo-su-njihove-mirovine","status":"publish","type":"post","link":"https:\/\/www.mojevrijeme.hr\/magazin\/2023\/07\/sve-kazu-sramota-radile-su-preko-40-godina-ovo-su-njihove-mirovine\/","title":{"rendered":"Sve ka\u017eu &#8211; sramota! Radile su preko 40 godina, ovo su njihove mirovine"},"content":{"rendered":"\n<p>Ne mogu \u017eene koje su radile gotovo pola stolje\u0107a razumjeti ni diskriminaciju majki koje su rodile prije i poslije 2019. godine, ni to \u0161to im se ne vrednuje smjenski rad, ote\u017eani uvjeti rada. Negoduju zbog nepriznavanje sudjelovanja u Domovinskom ratu, a neke zbog nekoliko eura vi\u0161e ne mogu ostavriti energetski dodatak, \u0161to ih tako\u0111er vrije\u0111a. <\/p>\n\n\n\n<h3 class=\"wp-block-heading\">Mira<\/h3>\n\n\n\n<p>Gospo\u0111a Mira radila je 46 godina i \u0161est mjeseci. &#8220;Na dvoje djece dobila sam jo\u0161 godinu dana \u0161to je ukupno <strong>47 godina i \u0161est mjeseci<\/strong>. Za tako dugi sta\u017e dobila sam mirovinu od <strong>560 eura<\/strong>. To smatram sramotom&#8221;, pi\u0161e nam.<\/p>\n\n\n\n<h3 class=\"wp-block-heading\">Maja<\/h3>\n\n\n\n<p>Gospo\u0111a Maja u mirovini je ve\u0107 deset godina. Imala je 65 i pol godina kad je odlu\u010dila oti\u0107i u mirovinu. Ima srednju stru\u010dnu spremu, a odradila je \u010dak <strong>47,5 godina<\/strong>. Po\u010detni izra\u010dun mirovine iznosio joj je 531 euro, a danas prima <strong>730 eura<\/strong>.<\/p><div id=\"mojev-2413871075\" class=\"mojev-u-tekstu mojev-entity-placement\" style=\"margin-left: auto;margin-right: auto;text-align: center;\"><div class=\"mojev-adlabel\">oglas<\/div><div style=\"height: 250px;\"><script async src=\"https:\/\/pagead2.googlesyndication.com\/pagead\/js\/adsbygoogle.js?client=ca-pub-8106111766207173\"\r\n     crossorigin=\"anonymous\"><\/script>\r\n<!-- Prikazni 1 u tekstu -->\r\n<ins class=\"adsbygoogle\"\r\n     style=\"display:block\"\r\n     data-ad-client=\"ca-pub-8106111766207173\"\r\n     data-ad-slot=\"8535551207\"\r\n     data-ad-format=\"auto\"\r\n     data-full-width-responsive=\"true\"><\/ins>\r\n<script>\r\n     (adsbygoogle = window.adsbygoogle || []).push({});\r\n<\/script><\/div><\/div><br style=\"clear: both; display: block; float: none;\"\/>\n\n\n\n<p>&#8220;Zna\u010di za skoro pola stolje\u0107a rada ja se osje\u0107am ka\u017enjenom. Nemam nikakvo pravo za bilo kakav dodatak, zato \u0161to imam &#8216;ogromnu&#8217; penziju, iako nisam ni sigurna da je ispravno obra\u010dunata. Neka svatko dobije koliko je zaslu\u017eio. Nemam ni\u0161ta protiv da se ljudima pomogne, ali ne treba niti ka\u017enjavati nekoga tko je preveo skoro 50g na poslu&#8221;, upozorila je gospo\u0111a Maja.<\/p>\n\n\n\n<h3 class=\"wp-block-heading\">Bo\u017eica<\/h3>\n\n\n\n<p>Gospo\u0111a Bo\u017eica po\u010dela je raditi kao maloljetnica, sa svega 17 godina. &#8220;Tada nitko nije pitao jesam li maloljetna. Odradila sam tako <strong>41 godinu sta\u017ea<\/strong> u obu\u0107arskoj industriji, a 2019. oti\u0161la sam u mirovinu koja sa svim pove\u0107anjima iznosi <strong>390 eura<\/strong>. Jo\u0161 malo i socijala \u0107e me dosti\u0107i, sramotno, na rubu sam siroma\u0161tva&#8221;, povjerila nam je.<\/p>\n\n\n\n<h3 class=\"wp-block-heading\">Bo\u017eica<\/h3>\n\n\n\n<p>Jo\u0161 jedna \u010ditateljica Bo\u017eica (69) napisala nam je da u mirovini osam godina i nikako nije i ne mo\u017ee biti zadovoljna primanjima. &#8220;Imala sam 60 godina \u017eivota i <strong>40,5 godina sta\u017ea<\/strong> koji sam ostvarila bez prekida i bez bolovanja. Jedino sam bila na porodiljnom dopustu za dvoje djece, ali na njih nisam mogla ostvariti godinu sta\u017ea jer sam oti\u0161la u mirovinu po starom zakonu, dakle prije 2019. Danas primam <strong>334 eura<\/strong> mirovine.&#8221;<\/p>\n\n\n\n<h3 class=\"wp-block-heading\">Matilda<\/h3>\n\n\n\n<p>&#8220;Sramota! Oti\u0161la sam u prijevremenu mirovinu sa 57 godina \u017eivota i <strong>40 godina sta\u017ea<\/strong>. Sa svim ovim sramotnim zaostacima sada primam <strong>402 eura<\/strong>&#8220;, pi\u0161e nam.<\/p>\n\n\n\n<h3 class=\"wp-block-heading\">Nena<\/h3>\n\n\n\n<p>Gospo\u0111a Nena ima 62 godine. S vi\u0161om stru\u010dnom spremom radila je <strong>41 godinu i 6 mjeseci<\/strong>. U mirovinu je oti\u0161la sa 60 godina, a mirovina joj iznosi<strong> 596 eura<\/strong>. &#8220;Radila sam 14 godina kao srednja medicinska sestra, devet sam godina bila glavna sestra i ostalo nastavnik struke. Deset sam godina radila u smjenama, uz to imam status sudionice Domovinskog rata koji nije nikako vrednovan. \u010cudan mi je taj iznos mirovine za sve to&#8221;, opisala je svoju situaciju gospo\u0111a Nevenka.<\/p>\n\n\n\n<div id=\"crveno\"><\/p>\n\n\n\n<h3 class=\"wp-block-heading\">Zanima nas va\u0161a pri\u010da<\/h3>\n\n\n\n<p>\u017delite li i vi, posve anonimno, podijeliti svoje iskustvo i vi\u0111enje ove teme s nama i na\u0161im \u010ditateljima, mo\u017eete to u\u010diniti putem web obrasca <a rel=\"noreferrer noopener\" href=\"https:\/\/www.mojevrijeme.hr\/magazin\/povjerljivo\/\" target=\"_blank\">Povjerljivo<\/a>. Napi\u0161ite svoju pri\u010du!<\/p>\n\n\n\n<p><\/div>\n<div id=\"mojev-1788227190\" class=\"mojev-kraj-teksta mojev-entity-placement\" style=\"margin-bottom: 20px;margin-left: auto;margin-right: auto;text-align: center;\"><div class=\"mojev-adlabel\">oglas<\/div><div style=\"height: 250px;\"><script async src=\"https:\/\/pagead2.googlesyndication.com\/pagead\/js\/adsbygoogle.js?client=ca-pub-8106111766207173\"\r\n     crossorigin=\"anonymous\"><\/script>\r\n<!-- Display-1 -->\r\n<ins class=\"adsbygoogle\"\r\n     style=\"display:block\"\r\n     data-ad-client=\"ca-pub-8106111766207173\"\r\n     data-ad-slot=\"1465712950\"\r\n     data-ad-format=\"auto\"\r\n     data-full-width-responsive=\"true\"><\/ins>\r\n<script>\r\n     (adsbygoogle = window.adsbygoogle || []).push({});\r\n<\/script><\/div><\/div>","protected":false},"excerpt":{"rendered":"<p>Jedna je rije\u010d zajedni\u010dka svim umirovljenicama koje nam pi\u0161u o iznosu svoje mirovine za preko 40 godina radnog sta\u017ea. Ona glasi: Sramota! Ne mogu si one, kad vide iznos mirovine, protuma\u010diti kako se do\u0161lo do, kako nam pi\u0161u, tih sramotnih izra\u010duna zbog kojih se danas, nakon toliko godina rada, osje\u0107aju na rubu siroma\u0161tva.<\/p>\n","protected":false},"author":17,"featured_media":80337,"comment_status":"closed","ping_status":"closed","sticky":false,"template":"","format":"standard","meta":{"footnotes":""},"categories":[3552],"tags":[18,237],"class_list":["post-80319","post","type-post","status-publish","format-standard","has-post-thumbnail","hentry","category-povjerljivo","tag-mirovine","tag-siromastvo"],"_links":{"self":[{"href":"https:\/\/www.mojevrijeme.hr\/magazin\/wp-json\/wp\/v2\/posts\/80319","targetHints":{"allow":["GET"]}}],"collection":[{"href":"https:\/\/www.mojevrijeme.hr\/magazin\/wp-json\/wp\/v2\/posts"}],"about":[{"href":"https:\/\/www.mojevrijeme.hr\/magazin\/wp-json\/wp\/v2\/types\/post"}],"author":[{"embeddable":true,"href":"https:\/\/www.mojevrijeme.hr\/magazin\/wp-json\/wp\/v2\/users\/17"}],"replies":[{"embeddable":true,"href":"https:\/\/www.mojevrijeme.hr\/magazin\/wp-json\/wp\/v2\/comments?post=80319"}],"version-history":[{"count":0,"href":"https:\/\/www.mojevrijeme.hr\/magazin\/wp-json\/wp\/v2\/posts\/80319\/revisions"}],"wp:featuredmedia":[{"embeddable":true,"href":"https:\/\/www.mojevrijeme.hr\/magazin\/wp-json\/wp\/v2\/media\/80337"}],"wp:attachment":[{"href":"https:\/\/www.mojevrijeme.hr\/magazin\/wp-json\/wp\/v2\/media?parent=80319"}],"wp:term":[{"taxonomy":"category","embeddable":true,"href":"https:\/\/www.mojevrijeme.hr\/magazin\/wp-json\/wp\/v2\/categories?post=80319"},{"taxonomy":"post_tag","embeddable":true,"href":"https:\/\/www.mojevrijeme.hr\/magazin\/wp-json\/wp\/v2\/tags?post=80319"}],"curies":[{"name":"wp","href":"https:\/\/api.w.org\/{rel}","templated":true}]}}