{"id":80379,"date":"2023-07-18T09:41:15","date_gmt":"2023-07-18T07:41:15","guid":{"rendered":"https:\/\/www.mojevrijeme.hr\/magazin\/?p=80379"},"modified":"2023-07-18T09:42:39","modified_gmt":"2023-07-18T07:42:39","slug":"zora-56-nadam-se-da-necu-dozivjeti-penziju-jedva-zivim-i-od-place","status":"publish","type":"post","link":"https:\/\/www.mojevrijeme.hr\/magazin\/2023\/07\/zora-56-nadam-se-da-necu-dozivjeti-penziju-jedva-zivim-i-od-place\/","title":{"rendered":"Zora (56): Nadam se da ne\u0107u do\u017eivjeti penziju, jedva \u017eivim i od pla\u0107e"},"content":{"rendered":"\n<p><strong>Gospo\u0111a Iva<\/strong> ima 63 godine. Napunila je 37 godina radnog sta\u017ea, uglavnom je radila poslove na kojima je bila na minimalcu. Svjesna da te\u0161ko \u017eivi, ili bolje re\u010deno, kako se izrazila &#8220;pre\u017eivljava&#8221; i s malom pla\u0107om, ne mo\u017ee ni zamisliti \u0161to \u0107e biti kad jednom stigne prva mirovina. Kad \u010dita na\u0161e \u010dlanke o te\u0161kom polo\u017eaju umirovljenika, od kojih mnogi imaju i du\u017ei sta\u017e od nje, kao i onih koji su na ovaj ili onaj na\u010din sudjelovali u &nbsp;Domovinskom ratu, a to im se ne vidi na mirovini, boji se za budu\u0107nost.<\/p>\n\n\n\n<p>&#8220;Pripremam se za jad od mirovine, stra\u0161no sam razo\u010darana kad \u010ditam o mukama ljudi s dugim radnim sta\u017eem, koji su imali i radnu obvezu u ratu. Morao je i netko u tom kaosu od rata raditi da bi vojnici na polo\u017eajima u rovovima imali za pojesti i popiti da bi mogli pre\u017eivjeti. Nekima se ne prizna ni\u0161ta, dok ima i onih koji su do kraja \u017eivota za to dobrano nagra\u0111eni. Zlo mi od onih koji su pobjegli i vratili se nakon gu\u017eve od granata, ali su si pribavili sve \u0161to im papirnato treba i svaki mjesec im sjeda dobra mirovinica. A ja na\u017ealost znam da ne\u0107u dobiti ni upola toliku.&#8221;<\/p>\n\n\n\n<p>&#8220;Oko mene ima onih koji su odradili dva mjeseca civilne za\u0161tite, \u0161to je bilo kuhanje kavice u \u0161tabu i da ne nabrajam dalje\u2026 a imaju dobru mirovinu. Ja pitam za\u0161to mi svi koji smo po\u0161teno radili u Domovinskom ratu nismo ba\u0161 ni\u010dim nagra\u0111eni barem za sva stres i strah koji smo u suzama pro\u017eivljavali?&#8221; pi\u0161e nam gospo\u0111a Iva o svojim strahovima koji je mu\u010de uo\u010de umirovljenja.<\/p><div id=\"mojev-1694954945\" class=\"mojev-u-tekstu mojev-entity-placement\" style=\"margin-left: auto;margin-right: auto;text-align: center;\"><div class=\"mojev-adlabel\">oglas<\/div><div style=\"height: 250px;\"><script async src=\"https:\/\/pagead2.googlesyndication.com\/pagead\/js\/adsbygoogle.js?client=ca-pub-8106111766207173\"\r\n     crossorigin=\"anonymous\"><\/script>\r\n<!-- Prikazni 1 u tekstu -->\r\n<ins class=\"adsbygoogle\"\r\n     style=\"display:block\"\r\n     data-ad-client=\"ca-pub-8106111766207173\"\r\n     data-ad-slot=\"8535551207\"\r\n     data-ad-format=\"auto\"\r\n     data-full-width-responsive=\"true\"><\/ins>\r\n<script>\r\n     (adsbygoogle = window.adsbygoogle || []).push({});\r\n<\/script><\/div><\/div><br style=\"clear: both; display: block; float: none;\"\/>\n\n\n\n<h3 class=\"wp-block-heading\">Rad u trgovini je kao rad u rudniku<\/h3>\n\n\n\n<p><strong>Gospo\u0111a Zora <\/strong>ima 56 godina i cijeli \u017eivot radi u trgovini i na sto je muka zbog male pla\u0107e. I ona se toliko boji mirovine, da si je nimalo ne pri\u017eeljkuje. &#8220;Ovo kako se danas radi vi\u0161e nije trgovina nego rudnik u kojem rade robovi. I sama sam zarobljena i ne vidim izlaz. Nadam se da ne\u0107u do\u017eivjeti penziju, jedva \u017eivim od pla\u0107e, a tek od penzije ne\u0107u mo\u0107i. \u0160to re\u0107i osim \u2013 sramota&#8221;, povjerila nam se.<\/p>\n\n\n\n<p>Voli gospo\u0111a Zora svoj \u017eivot i svoj grad, marljivo radi, ali zbog stanja u dr\u017eavi nije nimalo optimisti\u010dna. &#8220;Ina\u010de \u017eivim u najlip\u0161em mistu na svitu, ali za mene nema bolje budu\u0107nosti&#8221;, napisala je razo\u010darana Dalmatinka Zora.<\/p>\n\n\n\n<h3 class=\"wp-block-heading\">Minimalac u proizvodnji i strah od mirovine<\/h3>\n\n\n\n<p>Na\u0161a<strong> \u010ditateljica Lili<\/strong> ima 57 godina, ali \u017eeli oti\u0107i jo\u0161 nekoliko godina raditi izvan granica Lijepe Na\u0161e, kako bi si pobolj\u0161ala izglede za pre\u017eivljavanje u mirovini. &#8220;U ovoj dr\u017eavi moram raditi do 65 ili 67 za crkavicu koju dobivam sada dok jo\u0161 radim, i za centi\u0107e koje \u0107u dobivati kad odem u mirovini. Ako dobijem i to. Vani bi pak trebala raditi samo pet godina za ve\u0107u mirovinu.&#8221;<\/p>\n\n\n\n<p>&#8220;Zna\u010di, ovdje bih trebala raditi jo\u0161 deset godina za kopanje po kantama za sme\u0107e, a vani pet godina za ipak barem ne\u0161to. Radim u proizvodnji kod talijanskog vlasnika, za minimalac naravno. Kad tra\u017eimo ve\u0107e pla\u0107e, jer nam je puna kapa, a i u Italiji bi radnika za taj sektor morali platiti od 1.500 do 2.000 eura, lijepo dobijemo odgovor &#8211; \u017ealite se dr\u017eavi jer nam je va\u0161a dr\u017eava to dopustila. Istina, nema se vi\u0161e \u0161to za re\u0107i&#8221;, pi\u0161e nam razo\u010darana gospo\u0111a Lili.<\/p>\n\n\n\n<div id=\"crveno\"><\/p>\n\n\n\n<h3 class=\"wp-block-heading\">Zanima nas va\u0161a pri\u010da<\/h3>\n\n\n\n<p>\u017delite li i vi, posve anonimno, podijeliti svoje iskustvo i vi\u0111enje ove teme s nama i na\u0161im \u010ditateljima, mo\u017eete to u\u010diniti putem web obrasca <a rel=\"noreferrer noopener\" href=\"https:\/\/www.mojevrijeme.hr\/magazin\/povjerljivo\/\" target=\"_blank\">Povjerljivo<\/a>. Napi\u0161ite svoju pri\u010du!<\/p>\n\n\n\n<p><\/div>\n<div id=\"mojev-2581554452\" class=\"mojev-kraj-teksta mojev-entity-placement\" style=\"margin-bottom: 20px;margin-left: auto;margin-right: auto;text-align: center;\"><div class=\"mojev-adlabel\">oglas<\/div><div style=\"height: 250px;\"><script async src=\"https:\/\/pagead2.googlesyndication.com\/pagead\/js\/adsbygoogle.js?client=ca-pub-8106111766207173\"\r\n     crossorigin=\"anonymous\"><\/script>\r\n<!-- Display-1 -->\r\n<ins class=\"adsbygoogle\"\r\n     style=\"display:block\"\r\n     data-ad-client=\"ca-pub-8106111766207173\"\r\n     data-ad-slot=\"1465712950\"\r\n     data-ad-format=\"auto\"\r\n     data-full-width-responsive=\"true\"><\/ins>\r\n<script>\r\n     (adsbygoogle = window.adsbygoogle || []).push({});\r\n<\/script><\/div><\/div>","protected":false},"excerpt":{"rendered":"<p>Objavili smo brojne va\u0161e osobne pri\u010de u kojima najiskrenije progovarate o svojim nezavidnim mirovinama, s kojima ste postali umjetnici pre\u017eivljavanja. Javljaju nam se sada i mnogi koji jo\u0161 rade &#8211; mnogi za minimalac \u2013 koji se toliko boje mirovine, da u njoj ne vide ni\u0161ta lijepoga za svoj \u017eivot. Donosimo i njihova razmi\u0161ljanja.<\/p>\n","protected":false},"author":17,"featured_media":80388,"comment_status":"closed","ping_status":"closed","sticky":false,"template":"","format":"standard","meta":{"footnotes":""},"categories":[3552],"tags":[18,827,237],"class_list":["post-80379","post","type-post","status-publish","format-standard","has-post-thumbnail","hentry","category-povjerljivo","tag-mirovine","tag-radnici","tag-siromastvo"],"_links":{"self":[{"href":"https:\/\/www.mojevrijeme.hr\/magazin\/wp-json\/wp\/v2\/posts\/80379","targetHints":{"allow":["GET"]}}],"collection":[{"href":"https:\/\/www.mojevrijeme.hr\/magazin\/wp-json\/wp\/v2\/posts"}],"about":[{"href":"https:\/\/www.mojevrijeme.hr\/magazin\/wp-json\/wp\/v2\/types\/post"}],"author":[{"embeddable":true,"href":"https:\/\/www.mojevrijeme.hr\/magazin\/wp-json\/wp\/v2\/users\/17"}],"replies":[{"embeddable":true,"href":"https:\/\/www.mojevrijeme.hr\/magazin\/wp-json\/wp\/v2\/comments?post=80379"}],"version-history":[{"count":0,"href":"https:\/\/www.mojevrijeme.hr\/magazin\/wp-json\/wp\/v2\/posts\/80379\/revisions"}],"wp:featuredmedia":[{"embeddable":true,"href":"https:\/\/www.mojevrijeme.hr\/magazin\/wp-json\/wp\/v2\/media\/80388"}],"wp:attachment":[{"href":"https:\/\/www.mojevrijeme.hr\/magazin\/wp-json\/wp\/v2\/media?parent=80379"}],"wp:term":[{"taxonomy":"category","embeddable":true,"href":"https:\/\/www.mojevrijeme.hr\/magazin\/wp-json\/wp\/v2\/categories?post=80379"},{"taxonomy":"post_tag","embeddable":true,"href":"https:\/\/www.mojevrijeme.hr\/magazin\/wp-json\/wp\/v2\/tags?post=80379"}],"curies":[{"name":"wp","href":"https:\/\/api.w.org\/{rel}","templated":true}]}}