{"id":80390,"date":"2023-07-18T10:03:19","date_gmt":"2023-07-18T08:03:19","guid":{"rendered":"https:\/\/www.mojevrijeme.hr\/magazin\/?p=80390"},"modified":"2023-07-18T10:03:23","modified_gmt":"2023-07-18T08:03:23","slug":"neuspjesna-integracija-zbog-nasilnih-migranta-policija-na-berlinskim-bazenima","status":"publish","type":"post","link":"https:\/\/www.mojevrijeme.hr\/magazin\/2023\/07\/neuspjesna-integracija-zbog-nasilnih-migranta-policija-na-berlinskim-bazenima\/","title":{"rendered":"Neuspje\u0161na integracija? Zbog nasilnih migranta, policija na berlinskim bazenima"},"content":{"rendered":"\n<p>Njema\u010dka prolazi kroz naj\u017ee\u0161\u0107i toplinski udar ove godine. Usprkos tomu neka kupali\u0161ta ostaju zatvorena. Razlog su nasilne grupe mladih migranata. U Berlinu se sada bez legitimiranja ne mo\u017ee na bazen, pi\u0161e <a href=\"https:\/\/www.dw.com\/hr\/rat-na-njema%C4%8Dkim-kupali%C5%A1tima\/a-66259837\" target=\"_blank\" rel=\"noreferrer noopener\">Deutsche Welle<\/a>.<\/p>\n\n\n\n<p>&#8220;Prijepodne je sve u redu dok dolaze umirovljenici i majke s djecom. Problemati\u010dno postaje nakon podneva kada na bazen po\u010dinju stizati grupe mladih mu\u0161karaca, ve\u0107inom arapskog podrijetla koji stvaraju nevolje&#8221;, ka\u017ee za dnevnik Bild jedan berlinski spasilac i za\u0161titar koji je htio ostati anoniman. Grupa mladih migranata, za koje ovaj za\u0161titar ka\u017ee da se ne radi o izbjeglicama nego o migrantima koji su u Njema\u010dkoj ro\u0111eni, ne priznaje autoritet redara koji su redovito suo\u010deni s prijetnjama i uvredama.<\/p>\n\n\n\n<h3 class=\"wp-block-heading\">Sudar svjetova<\/h3>\n\n\n\n<p>Posljednjih nekoliko tjedana na posebno problemati\u010dnim kupali\u0161tima poput Columbiabada koji se nalazi u berlinskoj \u010detvrti Neuk\u00f6lln s visokim postotkom useljenika iz arapskih zemalja, posebice Libanona, policija je nakon intervencija zatvarala kupali\u0161ta. Columbiabad je sada do daljnjega zatvoren jer su ve\u0107ina redara i spasilaca prijavili bolovanje zbog straha za svoje fizi\u010dko i psihi\u010dko zdravlje.<\/p><div id=\"mojev-3946823893\" class=\"mojev-u-tekstu mojev-entity-placement\" style=\"margin-left: auto;margin-right: auto;text-align: center;\"><div class=\"mojev-adlabel\">oglas<\/div><div style=\"height: 250px;\"><script async src=\"https:\/\/pagead2.googlesyndication.com\/pagead\/js\/adsbygoogle.js?client=ca-pub-8106111766207173\"\r\n     crossorigin=\"anonymous\"><\/script>\r\n<!-- Prikazni 1 u tekstu -->\r\n<ins class=\"adsbygoogle\"\r\n     style=\"display:block\"\r\n     data-ad-client=\"ca-pub-8106111766207173\"\r\n     data-ad-slot=\"8535551207\"\r\n     data-ad-format=\"auto\"\r\n     data-full-width-responsive=\"true\"><\/ins>\r\n<script>\r\n     (adsbygoogle = window.adsbygoogle || []).push({});\r\n<\/script><\/div><\/div><br style=\"clear: both; display: block; float: none;\"\/>\n\n\n\n<p>Situaciju na njema\u010dkim kupali\u0161tima potvr\u0111uje i Peter Harzheim, predsjednik Njema\u010dke udruge spasilaca. &#8220;Na ve\u0107ini kupali\u0161ta je mirno. Problemi nastaju tamo gdje je nadproporcionalno visok postotak gostiju arapskog podrijetla&#8221;, ka\u017ee Harzheim. I on potvr\u0111uje da je vi\u0161e puta bio izlo\u017een prijetnjama, uglavnom mladih mu\u0161karaca. Spasioci i redari iz Columbiabada ka\u017eu da se posebno na meti provokacija i maltretiranja nalaze gosti poput homoseksualaca, \u017eena i \u017didova. &#8220;Ulje na vatru&#8221; je dolila nedavna odluka da se na bazenima smije kupati i sun\u010dati u toplesu.<\/p>\n\n\n\n<p>&#8220;Tu dolazi do sudara razli\u010ditih svjetonazora&#8221;, ka\u017ee jedan redar. \u010cetvrt Neuk\u00f6lln je po visokom postotku gra\u0111ana arapskog podrijetla posljednjih desetak godina poznata i po visokoj koncentraciji mladih iz cijelog svijeta koji su ovu nekad migrantsku i radni\u010dku \u010detvrt pretvorili u popularno odredi\u0161te za oni koji tra\u017ee zabavu. Tu \u017eivi i velik broj pripadnika LGBTQ zajednice. No zbog redovitog maltretiranja i vrije\u0111anja od strane arapskih \u201estarosjedilaca\u201c, homoseksualni parovi su, kako su nedavno pisali njema\u010dki mediji, po\u010deli okretati le\u0111a ovoj \u010detvrti.<\/p>\n\n\n\n<h3 class=\"wp-block-heading\">&#8220;Oni koji se ne dr\u017ee na\u0161ih pravila&#8221;<\/h3>\n\n\n\n<p>Uprava grada Berlina nije htjela potvrditi ove navode, ali je od posljednjeg vikenda uvela posebne mjere. Od sada je ulazak na bazene mogu\u0107 samo uz predo\u010denje osobne iskaznice. Ovom mjerom se, kako je priop\u0107eno iz grada, \u017eeli javna kupali\u0161ta &#8220;u\u010diniti sigurnijim za posjetitelje i olak\u0161ati posao zaposlenima&#8221;. Legitimiranjem posjetitelja se \u017eeli onima kojima je izre\u010dena mjera zabrane ulaska na bazen uskratiti posjet.<\/p>\n\n\n\n<p>U raspravu se sada uklju\u010dio i kancelar Olaf Scholz koji je na svojoj ljetnoj konferenciji za medije rekao kako se problem sigurnosti na kupali\u0161tima ne smije vi\u0161e ignorirati te kako je ulazak policije na bazene &#8220;potpuno opravdan&#8221;. Na direktno pitanje radi li se o problemu integracije mladih stranog podrijetla, Scholz je zaobi\u0161ao odgovor i rekao kako se &#8220;oni koji stvaraju probleme ne pona\u0161aju u skladu s na\u0161im pravilima&#8221;.<\/p>\n\n\n\n<p>Prvog vikenda nakon \u0161to su uvedene mjere legitimiranja je zabilje\u017een zna\u010dajan pad gostiju na &#8220;problemati\u010dnim&#8221; kupali\u0161tima i to unato\u010d rekordno visokim temperaturama.<\/p>\n<div id=\"mojev-2544668252\" class=\"mojev-kraj-teksta mojev-entity-placement\" style=\"margin-bottom: 20px;margin-left: auto;margin-right: auto;text-align: center;\"><div class=\"mojev-adlabel\">oglas<\/div><div style=\"height: 250px;\"><script async src=\"https:\/\/pagead2.googlesyndication.com\/pagead\/js\/adsbygoogle.js?client=ca-pub-8106111766207173\"\r\n     crossorigin=\"anonymous\"><\/script>\r\n<!-- Display-1 -->\r\n<ins class=\"adsbygoogle\"\r\n     style=\"display:block\"\r\n     data-ad-client=\"ca-pub-8106111766207173\"\r\n     data-ad-slot=\"1465712950\"\r\n     data-ad-format=\"auto\"\r\n     data-full-width-responsive=\"true\"><\/ins>\r\n<script>\r\n     (adsbygoogle = window.adsbygoogle || []).push({});\r\n<\/script><\/div><\/div>","protected":false},"excerpt":{"rendered":"<p>U raspravu se sada uklju\u010dio i kancelar Olaf Scholz koji je na svojoj ljetnoj konferenciji za medije rekao kako se problem sigurnosti na kupali\u0161tima ne smije vi\u0161e ignorirati te kako je ulazak policije na bazene &#8216;potpuno opravdan&#8217;. <\/p>\n","protected":false},"author":1,"featured_media":68624,"comment_status":"closed","ping_status":"closed","sticky":false,"template":"","format":"standard","meta":{"footnotes":""},"categories":[9],"tags":[1304,127],"class_list":["post-80390","post","type-post","status-publish","format-standard","has-post-thumbnail","hentry","category-vijesti","tag-migranti","tag-njemacka"],"_links":{"self":[{"href":"https:\/\/www.mojevrijeme.hr\/magazin\/wp-json\/wp\/v2\/posts\/80390","targetHints":{"allow":["GET"]}}],"collection":[{"href":"https:\/\/www.mojevrijeme.hr\/magazin\/wp-json\/wp\/v2\/posts"}],"about":[{"href":"https:\/\/www.mojevrijeme.hr\/magazin\/wp-json\/wp\/v2\/types\/post"}],"author":[{"embeddable":true,"href":"https:\/\/www.mojevrijeme.hr\/magazin\/wp-json\/wp\/v2\/users\/1"}],"replies":[{"embeddable":true,"href":"https:\/\/www.mojevrijeme.hr\/magazin\/wp-json\/wp\/v2\/comments?post=80390"}],"version-history":[{"count":0,"href":"https:\/\/www.mojevrijeme.hr\/magazin\/wp-json\/wp\/v2\/posts\/80390\/revisions"}],"wp:featuredmedia":[{"embeddable":true,"href":"https:\/\/www.mojevrijeme.hr\/magazin\/wp-json\/wp\/v2\/media\/68624"}],"wp:attachment":[{"href":"https:\/\/www.mojevrijeme.hr\/magazin\/wp-json\/wp\/v2\/media?parent=80390"}],"wp:term":[{"taxonomy":"category","embeddable":true,"href":"https:\/\/www.mojevrijeme.hr\/magazin\/wp-json\/wp\/v2\/categories?post=80390"},{"taxonomy":"post_tag","embeddable":true,"href":"https:\/\/www.mojevrijeme.hr\/magazin\/wp-json\/wp\/v2\/tags?post=80390"}],"curies":[{"name":"wp","href":"https:\/\/api.w.org\/{rel}","templated":true}]}}