{"id":80404,"date":"2023-07-18T13:43:19","date_gmt":"2023-07-18T11:43:19","guid":{"rendered":"https:\/\/www.mojevrijeme.hr\/magazin\/?p=80404"},"modified":"2023-07-18T13:43:22","modified_gmt":"2023-07-18T11:43:22","slug":"svekrva-nije-normalna-zadnje-sto-je-napravila-je-neoprostivo","status":"publish","type":"post","link":"https:\/\/www.mojevrijeme.hr\/magazin\/2023\/07\/svekrva-nije-normalna-zadnje-sto-je-napravila-je-neoprostivo\/","title":{"rendered":"&#8216;Svekrva nije normalna, zadnje \u0161to je napravila je neoprostivo&#8217;"},"content":{"rendered":"\n<p>&#8220;Kad sam do\u0161la u ovu ku\u0107u bila sam zaljubljena. Kave i ru\u010dkovi sa svekrvom i svekrom bili su mi najnormalnija stvar. Bila sam stalno kod njih dok smo suprug i ja ure\u0111ivali svoj stan na katu iznad njih. Znala me svekrva dodu\u0161e pitati pone\u0161to \u0161to mi se u\u010dinilo malo napasnim; primjerice ho\u0107u li ja dodati ne\u0161to novaca za kuhinju, ili za\u0161to idem na more kad mi treba novac za ure\u0111enje. Tada mi ni\u0161ta od toga nije i\u0161lo ba\u0161 toliko na \u017eivce. Moje nade ionako su bile usmjerene na to da \u0107emo uskoro sasvim odvojiti od njih i po\u010deti svoj lijep, normalan \u017eivot&#8221;, govori gospo\u0111a Marta.<\/p>\n\n\n\n<p>Nade koje je gajila po\u010dele su blijediti kad bi suprug dolazio s posla i najprije stao da pozdravi roditelje, a ponekad se i malo zadr\u017eao pa pojeo juhu.<\/p>\n\n\n\n<h3 class=\"wp-block-heading\">Mu\u017e nastavio po starom<\/h3>\n\n\n\n<p>&#8220;To ve\u0107 nije bilo normalno, da ga ona nutka bilo \u010dime dok ja gore \u017eurno nakon posla kuham ru\u010dak. Tu me ve\u0107 po\u010delo smetati. Jo\u0161 mi je bilo gore kad bi on nave\u010der opet si\u0161ao k njima pa bi dole svi zajedno gledali neki glupi <em>reality<\/em>. Ja bih poluljutita u\u0161la, on me pozvao da sjednem, ali meni je to tra\u0107enje vremena pa bih se vratila&#8221;, govori nam.<\/p><div id=\"mojev-2653653693\" class=\"mojev-u-tekstu mojev-entity-placement\" style=\"margin-left: auto;margin-right: auto;text-align: center;\"><div class=\"mojev-adlabel\">oglas<\/div><div style=\"height: 250px;\"><script async src=\"https:\/\/pagead2.googlesyndication.com\/pagead\/js\/adsbygoogle.js?client=ca-pub-8106111766207173\"\r\n     crossorigin=\"anonymous\"><\/script>\r\n<!-- Prikazni 1 u tekstu -->\r\n<ins class=\"adsbygoogle\"\r\n     style=\"display:block\"\r\n     data-ad-client=\"ca-pub-8106111766207173\"\r\n     data-ad-slot=\"8535551207\"\r\n     data-ad-format=\"auto\"\r\n     data-full-width-responsive=\"true\"><\/ins>\r\n<script>\r\n     (adsbygoogle = window.adsbygoogle || []).push({});\r\n<\/script><\/div><\/div><br style=\"clear: both; display: block; float: none;\"\/>\n\n\n\n<p>Njezin suprug je, smatra, previ\u0161e toga otkrivao majci. &#8220;On ju je informirao gdje idemo, s kim se dru\u017eimo, \u0161to planiramo. To nije bilo dobro. \u0160to je vi\u0161e o nama znala, to je napadnije zadirala u na\u0161u privatnost. Pa nisam ja jednom vidjela kako ona mi\u010de zavjesu i gleda za nama, misle\u0107&#8217; da ne vidim. Grozno mi je sad kad se sjetim kako sam jednom iza\u0161la pred ku\u0107u, a ona mi je rekla da nisam dovoljno mlada za tako kratki topi\u0107. Imala sam tada 34 godine&#8221;, ka\u017ee nam.<\/p>\n\n\n\n<h3 class=\"wp-block-heading\">Mije\u0161a se i u odgoj djece<\/h3>\n\n\n\n<p>Onda je, ka\u017ee, do\u0161la prva trudno\u0107a. &#8220;E sad, \u010detiri zadnja mjeseca prije poro\u0111aja morala sam \u010duvati trudno\u0107u i to je bilo prvi put da sam u toj ku\u0107i, a da ne radim. Tu je postalo nesnosno. Ispitivala me je od jutra da li pijem previ\u0161e kave, da li ne\u0161to te\u0161ko di\u017eem, \u0161to jedem, koliko spavam. Sve je to normalno i ljudski, ali ona je mene stalno zaskakivala. Nisam se mogla spustiti po stepenicama, a da nije iza\u0161la i krenula ispitivati&#8221;, rekla je.<\/p>\n\n\n\n<p>Mije\u0161ala se i oko djece. &#8220;Vi\u0161e mi je odmagala svojim dosa\u0111ivanjem i pametovanjima, nego \u0161to je pomogla. Moji roditelji nisu blizu i mama mi nije mogla pomo\u0107i, a ova bi pak ne\u0161to i napravila, ali uz toliko &#8216;za\u0161to ovo dr\u017ei\u0161 tu, a za\u0161to ti ovo ne stoji tamo&#8217;, da me izludila. Kod prve bebe, nikad ne\u0107u zaboraviti, rekla mi je da mi dijete pla\u010de jer je gladno, a gladno je jer silim dojenje umjesto da pre\u0111em na bo\u010dicu. Tu me ve\u0107 po\u010dela ozbiljno nagrizati&#8221;, povjerila nam se Marta.<\/p>\n\n\n\n<h3 class=\"wp-block-heading\">Mu\u017e je stalno s majkom<\/h3>\n\n\n\n<p>&#8220;Mu\u017e je i danas, kad imamo dvoje djece, stalno kod svekrve. Meni se \u010dini da meni spasa u toj ku\u0107i nema. Neki dan sam ozbiljno po\u010dela razmi\u0161ljati da odem. Dogodilo se to, da sam pukla k&#8217;o kokica i posva\u0111ala se s njom. Zadnje \u0161to je napravila, ne\u0107ete vjerovati, do\u0161la je gore k nama s papirom na kojem je bila ne\u0161to kao tablica na kojoj je pisalo koliko zara\u0111ujemo i na \u0161to tro\u0161imo. Ona je lijepo sve popisala na \u0161to nam odlazi novac, kolike su nam pla\u0107e, koliko je vrti\u0107, \u0161kola, dje\u010dje aktivnosti. Zaklju\u010dila je da negdje curi novac, da smo stalno u besparici. Rekla je da djeci ne treba tako skupa odje\u0107a, a da mi ne trebamo stalno ne\u0161to po stanu mijenjati. Poludjela sam, jedva sam se suzdr\u017eala da joj tim papirom ne natarem facu. Nije normalna, ne mogu vi\u0161e.&#8221;<\/p>\n\n\n\n<p>Na pitanje za\u0161to sa suprugom ne ode negdje podalje od njih, odgovara: &#8220;Mu\u017eu je dobro, on je lijepo tu sa svojim roditeljima, gore smo ja i djeca, oko ku\u0107anskih obveza je poprili\u010dno bezbri\u017ean, njemu je odli\u010dno. Konformist.&#8221;<\/p>\n\n\n\n<p>&#8220;Kad mu ka\u017eem da probamo oti\u0107i na stan jer mi vi\u0161e nije dobro, ka\u017ee mi da je njemu u\u017easno glupo pla\u0107ati podstanarstvo, kad imamo stan u ku\u0107i. To \u0161to je meni glupo da je on vi\u0161e s mamom nego sa mnom, i \u0161to si mamici dopu\u0161ta da i sa mnom upravlja, to nema veze. Mislim da \u0107u se morati spasiti od njih, samo jo\u0161 tra\u017eim na\u010din. Djeca su jo\u0161 mala, a ja i nisam u cvijetu mladosti i nemam vi\u0161e beskrajno puno energije. Isisali su snagu iz mene&#8221;, rekla je na kraju na\u0161eg razgovora.<\/p>\n\n\n\n<div id=\"crveno\"><\/p>\n\n\n\n<h3 class=\"wp-block-heading\">Zanima nas va\u0161a pri\u010da<\/h3>\n\n\n\n<p>\u017delite li i vi, posve anonimno, podijeliti svoje iskustvo i vi\u0111enje ove teme s nama i na\u0161im \u010ditateljima, mo\u017eete to u\u010diniti putem web obrasca <a rel=\"noreferrer noopener\" href=\"https:\/\/www.mojevrijeme.hr\/magazin\/povjerljivo\/\" target=\"_blank\">Povjerljivo<\/a>. Napi\u0161ite svoju pri\u010du!<\/p>\n\n\n\n<p><\/div>\n<div id=\"mojev-133205500\" class=\"mojev-kraj-teksta mojev-entity-placement\" style=\"margin-bottom: 20px;margin-left: auto;margin-right: auto;text-align: center;\"><div class=\"mojev-adlabel\">oglas<\/div><div style=\"height: 250px;\"><script async src=\"https:\/\/pagead2.googlesyndication.com\/pagead\/js\/adsbygoogle.js?client=ca-pub-8106111766207173\"\r\n     crossorigin=\"anonymous\"><\/script>\r\n<!-- Display-1 -->\r\n<ins class=\"adsbygoogle\"\r\n     style=\"display:block\"\r\n     data-ad-client=\"ca-pub-8106111766207173\"\r\n     data-ad-slot=\"1465712950\"\r\n     data-ad-format=\"auto\"\r\n     data-full-width-responsive=\"true\"><\/ins>\r\n<script>\r\n     (adsbygoogle = window.adsbygoogle || []).push({});\r\n<\/script><\/div><\/div>","protected":false},"excerpt":{"rendered":"<p>Svekrva je 42-godi\u0161nju snahu Martu dovela do ruba depresije &#8211; \u017eive u istoj ku\u0107i i kontrolira joj \u017eivot. Kako nam je nesretna snaha ispri\u010dala, ne vidi izlaz, jer ima djecu u dobi od sedam i pet godina, a suprug ne \u017eeli oti\u0107i od roditelja. Njemu je suludo pla\u0107ati podstanarstvo kad imaju svoj kat ku\u0107e, a ona tone sve dublje i pomi\u0161lja na razvod, kojeg se boji.<\/p>\n","protected":false},"author":17,"featured_media":80424,"comment_status":"closed","ping_status":"closed","sticky":false,"template":"","format":"standard","meta":{"footnotes":""},"categories":[3552],"tags":[3437,3550],"class_list":["post-80404","post","type-post","status-publish","format-standard","has-post-thumbnail","hentry","category-povjerljivo","tag-obiteljski-odnosi","tag-svekrve-i-snahe"],"_links":{"self":[{"href":"https:\/\/www.mojevrijeme.hr\/magazin\/wp-json\/wp\/v2\/posts\/80404","targetHints":{"allow":["GET"]}}],"collection":[{"href":"https:\/\/www.mojevrijeme.hr\/magazin\/wp-json\/wp\/v2\/posts"}],"about":[{"href":"https:\/\/www.mojevrijeme.hr\/magazin\/wp-json\/wp\/v2\/types\/post"}],"author":[{"embeddable":true,"href":"https:\/\/www.mojevrijeme.hr\/magazin\/wp-json\/wp\/v2\/users\/17"}],"replies":[{"embeddable":true,"href":"https:\/\/www.mojevrijeme.hr\/magazin\/wp-json\/wp\/v2\/comments?post=80404"}],"version-history":[{"count":0,"href":"https:\/\/www.mojevrijeme.hr\/magazin\/wp-json\/wp\/v2\/posts\/80404\/revisions"}],"wp:featuredmedia":[{"embeddable":true,"href":"https:\/\/www.mojevrijeme.hr\/magazin\/wp-json\/wp\/v2\/media\/80424"}],"wp:attachment":[{"href":"https:\/\/www.mojevrijeme.hr\/magazin\/wp-json\/wp\/v2\/media?parent=80404"}],"wp:term":[{"taxonomy":"category","embeddable":true,"href":"https:\/\/www.mojevrijeme.hr\/magazin\/wp-json\/wp\/v2\/categories?post=80404"},{"taxonomy":"post_tag","embeddable":true,"href":"https:\/\/www.mojevrijeme.hr\/magazin\/wp-json\/wp\/v2\/tags?post=80404"}],"curies":[{"name":"wp","href":"https:\/\/api.w.org\/{rel}","templated":true}]}}