{"id":80491,"date":"2023-07-19T12:40:26","date_gmt":"2023-07-19T10:40:26","guid":{"rendered":"https:\/\/www.mojevrijeme.hr\/magazin\/?p=80491"},"modified":"2023-07-19T12:40:29","modified_gmt":"2023-07-19T10:40:29","slug":"safet-trazi-srodnu-dusu-ostavit-ce-joj-cak-dvije-mirovine","status":"publish","type":"post","link":"https:\/\/www.mojevrijeme.hr\/magazin\/2023\/07\/safet-trazi-srodnu-dusu-ostavit-ce-joj-cak-dvije-mirovine\/","title":{"rendered":"Safet tra\u017ei srodnu du\u0161u: Ostavit \u0107e joj \u010dak dvije mirovine"},"content":{"rendered":"\n<p><strong>Safet Be\u0161i\u0107<\/strong> (69) vratio se iz Amerike nakon 20 godina, no zbog zdravstvenih problema nije u mogu\u0107nosti samostalno obavljati ku\u0107anske poslove. I zato tra\u017ei njegovateljicu ili, u idealnom scenariju, srodnu du\u0161u koja \u0107e mu olak\u0161ati dane u starosti, biti emocionalna i svaka druga potpora. No i on ima puno toga ponuditi zauzvrat, navodi. <\/p>\n\n\n\n<p>Naime, zbog slabovidnosti uzrokovane dijabetesom te\u0161ko uzima i terapiju, a svaki drugi dan ide i na dijalizu. Zbog svega mu je nu\u017ena poludnevna ili cjelodnevna pomo\u0107.<\/p>\n\n\n\n<p>U videu objavljenom na Youtubeu kanalu Srednja Bosna Danas naveo je da ima dvije mirovine, jednu bosansku, a drugu ameri\u010dku. To je jamstvo, smatra, da \u0107e njegova budu\u0107a supruga biti zbrinuta i nakon njegove smrti. &#8220;Tra\u017eim po\u0161tenu osobu, prije svega da me ne potkrada, da joj ostane poslije mene penzija koja nije mala, ni jedna ni druga. Tako da mo\u017ee \u017eivjeti poslije mene&#8221;, govori Safet.<\/p><div id=\"mojev-2990947656\" class=\"mojev-u-tekstu mojev-entity-placement\" style=\"margin-left: auto;margin-right: auto;text-align: center;\"><div class=\"mojev-adlabel\">oglas<\/div><div style=\"height: 250px;\"><script async src=\"https:\/\/pagead2.googlesyndication.com\/pagead\/js\/adsbygoogle.js?client=ca-pub-8106111766207173\"\r\n     crossorigin=\"anonymous\"><\/script>\r\n<!-- Prikazni 1 u tekstu -->\r\n<ins class=\"adsbygoogle\"\r\n     style=\"display:block\"\r\n     data-ad-client=\"ca-pub-8106111766207173\"\r\n     data-ad-slot=\"8535551207\"\r\n     data-ad-format=\"auto\"\r\n     data-full-width-responsive=\"true\"><\/ins>\r\n<script>\r\n     (adsbygoogle = window.adsbygoogle || []).push({});\r\n<\/script><\/div><\/div><br style=\"clear: both; display: block; float: none;\"\/>\n\n\n\n<p>&#8220;Pokretan sam, mogu sam na zahod, mogu se sam okupati, , a za ostale detalje mogu se raspitati&#8221;, dodaje. <\/p>\n\n\n\n<p>Safet \u017eivi u samom centru Bugojna, trenutno je slobodan i nada se da \u0107e mu se javiti \u017eena koja je, kako ka\u017ee, prije svega po\u0161tena. Ako je prona\u0111e, a ona ti po\u017eeli, mogu se zajedno preseliti u u Sjedinjene Dr\u017eave, zaklju\u010duje. <\/p>\n\n\n\n<figure class=\"wp-block-embed is-type-video is-provider-youtube wp-block-embed-youtube wp-embed-aspect-16-9 wp-has-aspect-ratio\"><div class=\"wp-block-embed__wrapper\">\n<iframe loading=\"lazy\" title=\"Tra\u017eim \u017eenu da me pazi, ostavi\u0107u joj 2 penzije\" width=\"740\" height=\"416\" src=\"https:\/\/www.youtube.com\/embed\/Pt1rPOOeBoY?feature=oembed\" frameborder=\"0\" allow=\"accelerometer; autoplay; clipboard-write; encrypted-media; gyroscope; picture-in-picture; web-share\" allowfullscreen><\/iframe>\n<\/div><\/figure>\n<div id=\"mojev-2053989039\" class=\"mojev-kraj-teksta mojev-entity-placement\" style=\"margin-bottom: 20px;margin-left: auto;margin-right: auto;text-align: center;\"><div class=\"mojev-adlabel\">oglas<\/div><div style=\"height: 250px;\"><script async src=\"https:\/\/pagead2.googlesyndication.com\/pagead\/js\/adsbygoogle.js?client=ca-pub-8106111766207173\"\r\n     crossorigin=\"anonymous\"><\/script>\r\n<!-- Display-1 -->\r\n<ins class=\"adsbygoogle\"\r\n     style=\"display:block\"\r\n     data-ad-client=\"ca-pub-8106111766207173\"\r\n     data-ad-slot=\"1465712950\"\r\n     data-ad-format=\"auto\"\r\n     data-full-width-responsive=\"true\"><\/ins>\r\n<script>\r\n     (adsbygoogle = window.adsbygoogle || []).push({});\r\n<\/script><\/div><\/div>","protected":false},"excerpt":{"rendered":"<p>Safet Be\u0161i\u0107 ima dvije mirovine, jednu bosansku, a drugu ameri\u010dku. To je jamstvo, smatra, da \u0107e njegova budu\u0107a supruga biti zbrinuta i nakon njegove smrti.<\/p>\n","protected":false},"author":1,"featured_media":80497,"comment_status":"closed","ping_status":"closed","sticky":false,"template":"","format":"standard","meta":{"footnotes":""},"categories":[9],"tags":[1080,304,3619,708],"class_list":["post-80491","post","type-post","status-publish","format-standard","has-post-thumbnail","hentry","category-vijesti","tag-bosna-i-hercegovina","tag-brak","tag-bugojno","tag-njegovateljice"],"_links":{"self":[{"href":"https:\/\/www.mojevrijeme.hr\/magazin\/wp-json\/wp\/v2\/posts\/80491","targetHints":{"allow":["GET"]}}],"collection":[{"href":"https:\/\/www.mojevrijeme.hr\/magazin\/wp-json\/wp\/v2\/posts"}],"about":[{"href":"https:\/\/www.mojevrijeme.hr\/magazin\/wp-json\/wp\/v2\/types\/post"}],"author":[{"embeddable":true,"href":"https:\/\/www.mojevrijeme.hr\/magazin\/wp-json\/wp\/v2\/users\/1"}],"replies":[{"embeddable":true,"href":"https:\/\/www.mojevrijeme.hr\/magazin\/wp-json\/wp\/v2\/comments?post=80491"}],"version-history":[{"count":0,"href":"https:\/\/www.mojevrijeme.hr\/magazin\/wp-json\/wp\/v2\/posts\/80491\/revisions"}],"wp:featuredmedia":[{"embeddable":true,"href":"https:\/\/www.mojevrijeme.hr\/magazin\/wp-json\/wp\/v2\/media\/80497"}],"wp:attachment":[{"href":"https:\/\/www.mojevrijeme.hr\/magazin\/wp-json\/wp\/v2\/media?parent=80491"}],"wp:term":[{"taxonomy":"category","embeddable":true,"href":"https:\/\/www.mojevrijeme.hr\/magazin\/wp-json\/wp\/v2\/categories?post=80491"},{"taxonomy":"post_tag","embeddable":true,"href":"https:\/\/www.mojevrijeme.hr\/magazin\/wp-json\/wp\/v2\/tags?post=80491"}],"curies":[{"name":"wp","href":"https:\/\/api.w.org\/{rel}","templated":true}]}}