{"id":80636,"date":"2023-07-20T10:36:18","date_gmt":"2023-07-20T08:36:18","guid":{"rendered":"https:\/\/www.mojevrijeme.hr\/magazin\/?p=80636"},"modified":"2023-07-20T18:56:54","modified_gmt":"2023-07-20T16:56:54","slug":"zar-mi-nismo-majke-majcinski-dodatak-svima","status":"publish","type":"post","link":"https:\/\/www.mojevrijeme.hr\/magazin\/2023\/07\/zar-mi-nismo-majke-majcinski-dodatak-svima\/","title":{"rendered":"Zar mi nismo majke? Maj\u010dinski dodatak svim majkama!"},"content":{"rendered":"\n<p>Kakvim je plodom urodila &#8220;demografska mjera&#8221; propisana u sklopu mirovinske reforme 2019., a koja nala\u017ee da se <strong>samo<\/strong> majkama koje od te godine pa nadalje odu u mirovinu pripi\u0161e \u0161est mjeseci dodatnog sta\u017ea po ro\u0111enom ili posvojenom djetetu? U izra\u010dunu mirovina, to za novije umirovljenice zna\u010di oko <strong>dva posto ve\u0107u penziju<\/strong>.<\/p>\n\n\n\n<p>A za starije umirovljenice, to zna\u010di revolt, ogor\u010denost, nezadovoljstvo, i pre\u010desto doista velikom mizerijom od mirovine. Toliko ih mu\u010di ta stra\u0161na nepravda, da se neke ve\u0107 petu godinu pitaju kako je mogu\u0107e da se donese tako diskriminiraju\u0107a odluka!<\/p>\n\n\n\n<p>Napominjemo jo\u0161 jednom da se dodatni sta\u017e pripisuje i \u017eenama &nbsp;koje su se umirovile prije 1. sije\u010dnja 2019. godine, ali su me\u0111uvremenu zaposlile i ostvarile 12 mjeseci novog sta\u017ea. I ta mogu\u0107nost nije svim majkama umirovljenicama jednako dostupna, jer neke vi\u0161e doista nisu radno sposobne ili se nemaju gdje zaposliti po malim mjestima. Kako god okrenemo, ovo ne zvu\u010di kao <em>fair play<\/em> iliti po\u0161tena igra.<\/p><div id=\"mojev-890310209\" class=\"mojev-u-tekstu mojev-entity-placement\" style=\"margin-left: auto;margin-right: auto;text-align: center;\"><div class=\"mojev-adlabel\">oglas<\/div><div style=\"height: 250px;\"><script async src=\"https:\/\/pagead2.googlesyndication.com\/pagead\/js\/adsbygoogle.js?client=ca-pub-8106111766207173\"\r\n     crossorigin=\"anonymous\"><\/script>\r\n<!-- Prikazni 1 u tekstu -->\r\n<ins class=\"adsbygoogle\"\r\n     style=\"display:block\"\r\n     data-ad-client=\"ca-pub-8106111766207173\"\r\n     data-ad-slot=\"8535551207\"\r\n     data-ad-format=\"auto\"\r\n     data-full-width-responsive=\"true\"><\/ins>\r\n<script>\r\n     (adsbygoogle = window.adsbygoogle || []).push({});\r\n<\/script><\/div><\/div><br style=\"clear: both; display: block; float: none;\"\/>\n\n\n\n<p>Po\u0161teno bi bilo jedino pokrenuti ponovni izra\u010dun mirovina za sve umirovljene majke koje su u penziju oti\u0161le prije 2019. godine, no to je posao Vlade RH i HZMO-a na koje o\u010dajne majke i apeliraju.<\/p>\n\n\n\n<h3 class=\"wp-block-heading\">Nepravda za nepravdom<\/h3>\n\n\n\n<p><strong>Umirovljenica Blanka <\/strong>u mirovinu je oti\u0161la 18. prosinca 2018. godine. To je vrlo va\u017ean datum za nju, jer \u0107e se zbog njega, ako se ne ispravi nepravda, do kraja \u017eivota tu\u0107i po glavi. Da je u mirovinu oti\u0161la dva tjedna kasnije, dobila bi Bo\u017ei\u0107nicu, ali to je manje va\u017eno. Va\u017eno je da bi dobila i dodatnih godinu dana sta\u017ea budu\u0107i da je majka dvoje djece. &#8220;Tu si ne mogu pomo\u0107i kao ni i puno drugih \u017eena koje imaju djecu. Ima me\u0111u onima koje su u mirovinu oti\u0161le samo dva tjedna kasnije i imaju ve\u0107u mirovinu od mene i jo\u0161 su dobile taj dodatak. A ja moram biti sretna \u0161to redovito dobivam i ovu mirovinu, jer imam kredit. Sretna sam \u0161to mogu sve redovito pla\u0107ati, ali napominjem da ne pla\u0107am sa svojim primanjem. Mogu sve pla\u0107ati jer u tro\u0161kovima sudjeluje i suprug, a sin pla\u0107a sve re\u017eije. Mislim da je to jako \u017ealosno&#8221;, napisala je umirovljenica Blanka.<\/p>\n\n\n\n<p>Na\u0161a <strong>\u010ditateljica Agata<\/strong> morala je u invalidsku mirovinu prije 15 godina. &#8220;Sad imam 61 godinu i 200 eura mirovine i 75 i ne\u0161to eura za pomo\u0107 u ku\u0107i. Doplata za lijekove mi iznosi oko 100 eura. Sje\u0107am se vremena kad je u Saboru doneseno rje\u0161enje da za tre\u0107e dijete ima\u0161 pravo na tri godine porodiljinog &#8211; to su ispo\u0161tovali. Ali drugi dio da \u0107e majka koja ima 3 djece dobiti dodatak od 15 mjeseci na sta\u017e bez obzira kad oti\u0161la u mirovinu, tu je netko zaboravio povijest i arhivsku gra\u0111u&#8221;, napisala nam je u pismu. A mi \u0107emo dodati da je tu rije\u010d o invaliditetu zbog kojeg gospo\u0111a Agata nakon 15 godina u mirovini ne mo\u017ee i\u0107i raditi da bi joj se ponovo izra\u010dunala mirovina i dodao sta\u017e za troje djece.<\/p>\n\n\n\n<h3 class=\"wp-block-heading\">&#8220;Bijes, gor\u010dina i ga\u0111enje&#8221;<\/h3>\n\n\n\n<p><strong>Gospo\u0111a Katica <\/strong>u prijevremenu mirovinu je oti\u0161la sa 38,7 godina radnog sta\u017ea, prije 2019. &#8220;Sve mi koje smo i\u0161le prije 2019. u mirovinu smo o\u0161te\u0107ene kao majke roditelji jer nismo dobile dodatni sta\u017e na djecu. Ako niste znali, u Njema\u010dkoj sve majke roditelji za svako dijete imaju dodani sta\u017e \u010dak dvije godine, a od ove godine to iznosi \u010dak dvije i pol godine! <strong>\u0160to \u0107e nama euro kada su nam prazni nov\u010danici? <\/strong>Da nam vrate sve za \u0161to su nas o\u0161tetili i usklade mirovine sa stvarnom inflacijom, mo\u017eda ne bi bili na posljednjem mjestu u EU&#8221;, razmi\u0161ljanja su gospo\u0111e Katice.<\/p>\n\n\n\n<p><strong>Umirovljena majka Doris<\/strong> povjerila nam je da je 2009. potjerana u prijevremenu mirovinu i dobila maksimalno penaliziran izra\u010dun mirovine. &#8220;Osim te penalizacije, samohrana sam majka troje djece, a kako to nije bila 2019. godina, to, eto, ni\u0161ta ne zna\u010di. Toliko nepravdi, sve je ovo previ\u0161e jadno. Ostaju bijes, gor\u010dina i ga\u0111enje. Osje\u0107am kao da su sve to smicalice za bespomo\u0107ne i ljude na margini&#8221;, pi\u0161e nam umirovljena majka Doris.<\/p>\n\n\n\n<div id=\"crveno\"><\/p>\n\n\n\n<h3 class=\"wp-block-heading\">Zanima nas va\u0161a pri\u010da<\/h3>\n\n\n\n<p>\u017delite li i vi, posve anonimno, podijeliti svoje iskustvo i vi\u0111enje ove teme s nama i na\u0161im \u010ditateljima, mo\u017eete to u\u010diniti putem web obrasca <a rel=\"noreferrer noopener\" href=\"https:\/\/www.mojevrijeme.hr\/magazin\/povjerljivo\/\" target=\"_blank\">Povjerljivo<\/a>. Napi\u0161ite svoju pri\u010du!<\/p>\n\n\n\n<p><\/div>\n<div id=\"mojev-3254348708\" class=\"mojev-kraj-teksta mojev-entity-placement\" style=\"margin-bottom: 20px;margin-left: auto;margin-right: auto;text-align: center;\"><div class=\"mojev-adlabel\">oglas<\/div><div style=\"height: 250px;\"><script async src=\"https:\/\/pagead2.googlesyndication.com\/pagead\/js\/adsbygoogle.js?client=ca-pub-8106111766207173\"\r\n     crossorigin=\"anonymous\"><\/script>\r\n<!-- Display-1 -->\r\n<ins class=\"adsbygoogle\"\r\n     style=\"display:block\"\r\n     data-ad-client=\"ca-pub-8106111766207173\"\r\n     data-ad-slot=\"1465712950\"\r\n     data-ad-format=\"auto\"\r\n     data-full-width-responsive=\"true\"><\/ins>\r\n<script>\r\n     (adsbygoogle = window.adsbygoogle || []).push({});\r\n<\/script><\/div><\/div>","protected":false},"excerpt":{"rendered":"<p>Ma koliko prostora na na\u0161em portalu dajemo majkama koje su u mirovinu oti\u0161le prije 2019. godine i nisu ostvarile pravo na maj\u010dinski dodatak, sve nam ih se vi\u0161e i vi\u0161e javlja na tu temu. &#8216;Zar smo mi manje majke, nemajke? \u0160to smo mi?&#8217;, pitaju se svakodnevno. <\/p>\n","protected":false},"author":17,"featured_media":80660,"comment_status":"closed","ping_status":"closed","sticky":false,"template":"","format":"standard","meta":{"footnotes":""},"categories":[3552],"tags":[476,1964],"class_list":["post-80636","post","type-post","status-publish","format-standard","has-post-thumbnail","hentry","category-povjerljivo","tag-diskriminacija","tag-majcinska-mirovina"],"_links":{"self":[{"href":"https:\/\/www.mojevrijeme.hr\/magazin\/wp-json\/wp\/v2\/posts\/80636","targetHints":{"allow":["GET"]}}],"collection":[{"href":"https:\/\/www.mojevrijeme.hr\/magazin\/wp-json\/wp\/v2\/posts"}],"about":[{"href":"https:\/\/www.mojevrijeme.hr\/magazin\/wp-json\/wp\/v2\/types\/post"}],"author":[{"embeddable":true,"href":"https:\/\/www.mojevrijeme.hr\/magazin\/wp-json\/wp\/v2\/users\/17"}],"replies":[{"embeddable":true,"href":"https:\/\/www.mojevrijeme.hr\/magazin\/wp-json\/wp\/v2\/comments?post=80636"}],"version-history":[{"count":0,"href":"https:\/\/www.mojevrijeme.hr\/magazin\/wp-json\/wp\/v2\/posts\/80636\/revisions"}],"wp:featuredmedia":[{"embeddable":true,"href":"https:\/\/www.mojevrijeme.hr\/magazin\/wp-json\/wp\/v2\/media\/80660"}],"wp:attachment":[{"href":"https:\/\/www.mojevrijeme.hr\/magazin\/wp-json\/wp\/v2\/media?parent=80636"}],"wp:term":[{"taxonomy":"category","embeddable":true,"href":"https:\/\/www.mojevrijeme.hr\/magazin\/wp-json\/wp\/v2\/categories?post=80636"},{"taxonomy":"post_tag","embeddable":true,"href":"https:\/\/www.mojevrijeme.hr\/magazin\/wp-json\/wp\/v2\/tags?post=80636"}],"curies":[{"name":"wp","href":"https:\/\/api.w.org\/{rel}","templated":true}]}}