{"id":80665,"date":"2023-07-20T19:40:43","date_gmt":"2023-07-20T17:40:43","guid":{"rendered":"https:\/\/www.mojevrijeme.hr\/magazin\/?p=80665"},"modified":"2023-07-20T19:40:46","modified_gmt":"2023-07-20T17:40:46","slug":"brinula-sam-o-bolesnoj-majci-dok-se-nisam-srusila-morala-sam-odustati","status":"publish","type":"post","link":"https:\/\/www.mojevrijeme.hr\/magazin\/2023\/07\/brinula-sam-o-bolesnoj-majci-dok-se-nisam-srusila-morala-sam-odustati\/","title":{"rendered":"Brinula sam o bolesnoj majci dok se nisam sru\u0161ila, morala sam odustati"},"content":{"rendered":"\n<p>&#8220;Da sam tri godine ranije na va\u0161em portalu pro\u010ditala ispovijest \u017eene koja je otkrila da joj je briga o bolesnoj majci uni\u0161tila \u017eivot, rekla bih da je ona dno dna od osobe \u010dim je dala takvu izjavu. No danas druga\u010dije gledam na to, jer sam i sama pro\u0161la pakao sa svojom majkom prije njezine smrti&#8221;, rekla nam je na po\u010detku na\u0161eg razgovora<strong> umirovljenica Nadja<\/strong>.&nbsp;<\/p>\n\n\n\n<p>Njezina je majka, pri\u010da nam potom, do\u017eivjela lijepe 93 godine. Tek zadnja tri mjeseca njezina \u017eivota bila su toliko mu\u010dna, da ih se ne smije ni sjetiti. \u201dMajka je \u017eivjela sama u zaba\u010denom selu gdje je prva ku\u0107a na kilometar, pa bi po\u010detkom zime do\u0161la kod sina, mog brata koji \u017eivi blizu mene u ve\u0107em mjestu. Kod njega je u ku\u0107i imala svoju kuhinju, sobu i WC, i tu bi ostala dok ne popuste hladno\u0107e tamo u travnju.&#8221;<\/p>\n\n\n\n<p>&#8220;No, te jeseni prije tri godine, brat ju je svojoj ku\u0107i doveo ranije, primijetio je, zvao me, da je po\u010dela zaboravljati, da se boji da \u0107e ostaviti plin da gori, da vidi da je nekako sva oslabila i da ju nije vi\u0161e za pu\u0161tati samu&#8221;, pri\u010da nam gospo\u0111a Nadja.<\/p><div id=\"mojev-628995231\" class=\"mojev-u-tekstu mojev-entity-placement\" style=\"margin-left: auto;margin-right: auto;text-align: center;\"><div class=\"mojev-adlabel\">oglas<\/div><div style=\"height: 250px;\"><script async src=\"https:\/\/pagead2.googlesyndication.com\/pagead\/js\/adsbygoogle.js?client=ca-pub-8106111766207173\"\r\n     crossorigin=\"anonymous\"><\/script>\r\n<!-- Prikazni 1 u tekstu -->\r\n<ins class=\"adsbygoogle\"\r\n     style=\"display:block\"\r\n     data-ad-client=\"ca-pub-8106111766207173\"\r\n     data-ad-slot=\"8535551207\"\r\n     data-ad-format=\"auto\"\r\n     data-full-width-responsive=\"true\"><\/ins>\r\n<script>\r\n     (adsbygoogle = window.adsbygoogle || []).push({});\r\n<\/script><\/div><\/div><br style=\"clear: both; display: block; float: none;\"\/>\n\n\n\n<h3 class=\"wp-block-heading\">Svaki dan gori od prethodnog<\/h3>\n\n\n\n<p>Ona se tada, ka\u017ee dalje, nadala da bi majci mogla hranom i njegom pomo\u0107i da opet malo oja\u010da, iako je bila svjesna njezine pozne \u017eivotne dobi. Kako ka\u017ee, posljednjih pet, \u0161est godina prije smrti se znala razboljeti, ali je uspjela pobijediti gripu, navale slabosti srca i druge boljke.<\/p>\n\n\n\n<p>&#8220;Bilo mi je te\u0161ko prihvatiti da ovaj put ipak sve ide prema kraju. Po\u010dela sam joj kuhati, njegovati ju, zabavljati je, kupila sam joj razne vitamine. No, njezino se stanje nekako rapidno pogor\u0161avalo. S bratom sam je odvela lije\u010dniku, dobila je ja\u010du dozu lijekova. Ja sam bila protiv toga, brat joj je uporno davao. Vidjela sam da joj to izaziva jo\u0161 ve\u0107i ko\u0161mar u glavi. Skoro smo se brat i ja na kraju potukli, kad sam vidjela da joj je po\u010dela curiti krv na nos, \u0161to je bilo navedeno kao nuspojava na lijekove. Jedva smo joj zaustavili krvarenje&#8221;, ispri\u010dala nam je vidno uzrujana gospo\u0111a Nadja.<\/p>\n\n\n\n<p>Onda je njezina majka, ka\u017ee, po\u010dela odbijati hranu, i to naglo i gotovo u potpunosti. &#8220;Naposljetku je vi\u0161e ni no\u0107u nismo mogli ostaviti samu. Ja bih bila kod nje svako poslijepodne i do pono\u0107, a brat od pono\u0107 do ujutro. Ona vi\u0161e oka nije sklapala. Jednostavno je stalno ne\u0161to govorila, htjela iza\u0107i iz kreveta, hodati nekuda, pa je silila na WC. Dani su prolazili, a ona prestala spavati i po danu i po no\u0107i.&#8221;<\/p>\n\n\n\n<h3 class=\"wp-block-heading\">&#8220;I meni se pogor\u0161alo zdravlje&#8221;<\/h3>\n\n\n\n<p>&#8220;Zapravo, dr\u017ealo ju je ako bi spavala koji sat u danu, ali to je zna\u010dilo potpuno besanu no\u0107. I ne samo besanu, ma sjedio bi \u010dovjek uz nju, ali ona je sada ve\u0107 u glavi oti\u0161la u svoje mla\u0111e dane, dozivala mamu, tatu, bra\u0107u i sestre. Ja sam sve to neko vrijeme izdr\u017eavala, ali imala sam i ja ve\u0107 71 godinu i bolesnu \u0161titnja\u010du.&#8221;<\/p>\n\n\n\n\n\n<p>&#8220;Na kraju se i meni pogor\u0161alo zdravlje, jedva sam jo\u0161 stajala na nogama, vi\u0161e puta sam se samo sru\u0161ila na kau\u010d. Tu sam kapitulirala, kroni\u010dno umorna i neispavana, plus u\u017easnuta jer sam znala da gubim majku&#8221;, iskreno nam je povjerila.<\/p>\n\n\n\n<p>Tada je shvatila da majci treba ozbiljna medicinska skrb koju joj ona ni brat ne mogu pru\u017eiti. Zvali su najbli\u017ei stara\u010dki dom i pitali ima li mjesta. Makar i uz nadoplatu. Primili su je.<\/p>\n\n\n\n<p>&#8220;Bila sam sretna na kraju i zbog nje jer je dobila infuziju i njegu, i zbog svih nas u obitelji koji smo se toliko davali, da je to i nas ko\u0161talo \u017eivaca i fizi\u010dkog zdravlja. No, uslijedio je jo\u0161 jedan \u0161ok, kad su nam ve\u0107 tre\u0107e no\u0107i iz doma javili da je pala s kreveta i slomila kuk. To je zbilja bio po\u010detak njezina kona\u010dnog kraja. Opet smo svaki dan 55 kilometara putovali u posjetu, sve dok kroz nekoliko patni\u010dkih tjedana, nije umrla&#8221;.<\/p>\n\n\n\n<h3 class=\"wp-block-heading\">&#8220;Nemam savjet, slu\u0161ajte instinkt&#8221;<\/h3>\n\n\n\n<p>&#8220;Ja vam pametovati ne\u0107u kao \u0161to mnogi pametuju da se za svoje stare treba brinuti do trenutka smrti. I sama sam bila sigurna da \u0107emo i brat i ja dati sve od sve da do posljednjeg daha brinemo o majci koja je udovica ostala kad je meni bilo 13, a njemu 9 godina. Zavrijedila je to. Ali kraj ponekad ne izgleda kao \u0161to o\u010dekujemo. Zato slu\u0161ajte instinkte, srce, i unutarnju snagu, ako je imate.&#8221;<\/p>\n\n\n\n<p>&#8220;Nas je unutarnja snaga ve\u0107 toliko bila izdala, da sam ja na kraju brinula i za svoj \u017eivot. Suprug je tri mjeseca strpljivo \u010dekao da se vratim ku\u0107i. To je zbilja bio pakao koji \u010dovjeka obilje\u017ei i pribli\u017ei pojmu smrti&#8221;, rekla je za kraj na\u0161a sugovornica kojoj smo zahvalili \u0161to je smogla snage s nama podijeliti tako mu\u010dnu pri\u010du o umiranju.<\/p>\n\n\n\n<div id=\"crveno\"><\/p>\n\n\n\n<h3 class=\"wp-block-heading\">Zanima nas va\u0161a pri\u010da<\/h3>\n\n\n\n<p>\u017delite li i vi, posve anonimno, podijeliti svoje iskustvo i vi\u0111enje ove teme s nama i na\u0161im \u010ditateljima, mo\u017eete to u\u010diniti putem web obrasca <a rel=\"noreferrer noopener\" href=\"https:\/\/www.mojevrijeme.hr\/magazin\/povjerljivo\/\" target=\"_blank\">Povjerljivo<\/a>. Napi\u0161ite svoju pri\u010du!<\/p>\n\n\n\n<p><\/div>\n<div id=\"mojev-2995893022\" class=\"mojev-kraj-teksta mojev-entity-placement\" style=\"margin-bottom: 20px;margin-left: auto;margin-right: auto;text-align: center;\"><div class=\"mojev-adlabel\">oglas<\/div><div style=\"height: 250px;\"><script async src=\"https:\/\/pagead2.googlesyndication.com\/pagead\/js\/adsbygoogle.js?client=ca-pub-8106111766207173\"\r\n     crossorigin=\"anonymous\"><\/script>\r\n<!-- Display-1 -->\r\n<ins class=\"adsbygoogle\"\r\n     style=\"display:block\"\r\n     data-ad-client=\"ca-pub-8106111766207173\"\r\n     data-ad-slot=\"1465712950\"\r\n     data-ad-format=\"auto\"\r\n     data-full-width-responsive=\"true\"><\/ins>\r\n<script>\r\n     (adsbygoogle = window.adsbygoogle || []).push({});\r\n<\/script><\/div><\/div>","protected":false},"excerpt":{"rendered":"<p>Nas je unutarnja snaga ve\u0107 toliko bila izdala, da sam na kraju brinula i za svoj \u017eivot. Suprug je tri mjeseca strpljivo \u010dekao da se vratim ku\u0107i. To je zbilja bio pakao koji \u010dovjeka obilje\u017ei i pribli\u017ei pojmu smrti.<\/p>\n","protected":false},"author":17,"featured_media":80690,"comment_status":"closed","ping_status":"closed","sticky":false,"template":"","format":"standard","meta":{"footnotes":""},"categories":[3552],"tags":[138,356,2812],"class_list":["post-80665","post","type-post","status-publish","format-standard","has-post-thumbnail","hentry","category-povjerljivo","tag-alzheimerova-bolest","tag-dom","tag-njega-u-starosti"],"_links":{"self":[{"href":"https:\/\/www.mojevrijeme.hr\/magazin\/wp-json\/wp\/v2\/posts\/80665","targetHints":{"allow":["GET"]}}],"collection":[{"href":"https:\/\/www.mojevrijeme.hr\/magazin\/wp-json\/wp\/v2\/posts"}],"about":[{"href":"https:\/\/www.mojevrijeme.hr\/magazin\/wp-json\/wp\/v2\/types\/post"}],"author":[{"embeddable":true,"href":"https:\/\/www.mojevrijeme.hr\/magazin\/wp-json\/wp\/v2\/users\/17"}],"replies":[{"embeddable":true,"href":"https:\/\/www.mojevrijeme.hr\/magazin\/wp-json\/wp\/v2\/comments?post=80665"}],"version-history":[{"count":0,"href":"https:\/\/www.mojevrijeme.hr\/magazin\/wp-json\/wp\/v2\/posts\/80665\/revisions"}],"wp:featuredmedia":[{"embeddable":true,"href":"https:\/\/www.mojevrijeme.hr\/magazin\/wp-json\/wp\/v2\/media\/80690"}],"wp:attachment":[{"href":"https:\/\/www.mojevrijeme.hr\/magazin\/wp-json\/wp\/v2\/media?parent=80665"}],"wp:term":[{"taxonomy":"category","embeddable":true,"href":"https:\/\/www.mojevrijeme.hr\/magazin\/wp-json\/wp\/v2\/categories?post=80665"},{"taxonomy":"post_tag","embeddable":true,"href":"https:\/\/www.mojevrijeme.hr\/magazin\/wp-json\/wp\/v2\/tags?post=80665"}],"curies":[{"name":"wp","href":"https:\/\/api.w.org\/{rel}","templated":true}]}}