{"id":80679,"date":"2023-07-20T18:27:40","date_gmt":"2023-07-20T16:27:40","guid":{"rendered":"https:\/\/www.mojevrijeme.hr\/magazin\/?p=80679"},"modified":"2023-07-20T18:31:19","modified_gmt":"2023-07-20T16:31:19","slug":"ljubavni-krah-iris-83-i-mohameda-37-razalostio-je-svijet-postao-je-naporan","status":"publish","type":"post","link":"https:\/\/www.mojevrijeme.hr\/magazin\/2023\/07\/ljubavni-krah-iris-83-i-mohameda-37-razalostio-je-svijet-postao-je-naporan\/","title":{"rendered":"Ljubavni krah Iris (83) i Mohammeda (37) ra\u017ealostio je svijet: Naporan je!"},"content":{"rendered":"\n<p>Malo koji medij u protekle tri godine nije popratio nesvakida\u0161nju ljubav Britanke&nbsp;<strong>Iris Jones<\/strong> (83)&nbsp;i Egip\u0107anina <strong>Mohammeda Ahmeda Ibrahima<\/strong> (37). Par se upoznao putem Facebooka i usprkos 46 godina razlike, vjen\u010dali su se i zapo\u010deli novi \u017eivot u Velikoj Britaniji. Za inat zlim jezicima koji su tvrdili da Mohammeda zanima samo britansko dr\u017eavljanstvo i bankovni ra\u010dun njegove odabranice, o\u0161tro su demantirali takove neukusne navode. <\/p>\n\n\n\n<p>No, sve \u0161to je lijepo, kratko traje. Iris i Mohammed vi\u0161e nisu zajedno, potvrdila je Iris za <em>Closer<\/em>. &#8220;Nikada nisam o\u010dekivala da \u0107u se zaljubiti u nekoga tko je 46 godina mla\u0111i od mene, ali jesam. Obo\u017eavala sam sve kod Mohammeda. Ali postalo je naporno&#8221;, objasnila je. &#8220;Imali smo sjajan \u017eivot u spava\u0107oj sobi, ali umjesto da se volimo, cijelo vrijeme smo se sva\u0111ali oko svega i sva\u010dega. Ne mogu to trpjeti. Nisam zaljubljena tinejd\u017eerka. Imam 83 godine.&#8221;<\/p>\n\n\n\n<h3 class=\"wp-block-heading\">Prona\u0161la je zamjenu<\/h3>\n\n\n\n<p>\u017divahna Iris, ipak, nije uronila u o\u010daj zbog slomljenog srca, budu\u0107i da je ve\u0107 prona\u0161la zamjenu za Mohammeda. Njen novi ma\u010dak, <strong>gospodin Tibbs<\/strong>, sada je preuzeo njegovo mjesto i jo\u0161 vi\u0161e od toga. &#8220;Dobila sam ga nekoliko dana nakon \u0161to se Mohammed iselio i on je savr\u0161eni suputnik&#8221;, podijelila je. &#8220;On nikada ne prigovara, vrlo je tih i predivan za gledati &#8211; obo\u017eavam ga. A jako je sretan i ne stvara nered.&#8221;<\/p><div id=\"mojev-885860423\" class=\"mojev-u-tekstu mojev-entity-placement\" style=\"margin-left: auto;margin-right: auto;text-align: center;\"><div class=\"mojev-adlabel\">oglas<\/div><div style=\"height: 250px;\"><script async src=\"https:\/\/pagead2.googlesyndication.com\/pagead\/js\/adsbygoogle.js?client=ca-pub-8106111766207173\"\r\n     crossorigin=\"anonymous\"><\/script>\r\n<!-- Prikazni 1 u tekstu -->\r\n<ins class=\"adsbygoogle\"\r\n     style=\"display:block\"\r\n     data-ad-client=\"ca-pub-8106111766207173\"\r\n     data-ad-slot=\"8535551207\"\r\n     data-ad-format=\"auto\"\r\n     data-full-width-responsive=\"true\"><\/ins>\r\n<script>\r\n     (adsbygoogle = window.adsbygoogle || []).push({});\r\n<\/script><\/div><\/div><br style=\"clear: both; display: block; float: none;\"\/>\n\n\n\n<p>&#8220;Uop\u0107e mi ne nedostaje Mohammed&#8221;, poru\u010dila je shrvanim obo\u017eavateljima. &#8220;Najvi\u0161e me iznerviralo kada je oti\u0161ao to \u0161to je uzeo moje pohane kozice koje sam planirala jesti te ve\u010deri.&#8221; Kamo se zaputio mla\u0111ahni ljubavnik, mediji jo\u0161 nisu otkrili.<\/p>\n\n\n\n<h3 class=\"wp-block-heading\">Sinovi ga nisu htjeli zvati &#8220;tata&#8221;<\/h3>\n\n\n\n<p>Podsjetimo, par je nesebi\u010dno dijelio detalje iz spava\u0107e sobe. &#8220;Nisam o\u010dekivala da je tako visok, Bo\u017ee, izgleda poput Adonisa. Bilo je prili\u010dno \u017eestoko te no\u0107i. Mislila sam da sam djevica iznova. Drugi dan nisam mogla hodati, kao da sam cijelu no\u0107 jahala divljeg pastuha. Ali vo\u0111enje ljubavi nije najva\u017enija stvar u na\u0161em odnosu&#8221;, ispovjedila je svojevremeno Iris dodaju\u0107i da za jednu no\u0107 potro\u0161e pakiranje lubrikanta.<\/p>\n\n\n\n<p>Je li prekidu kumovalo neslaganje njenih sinova s novope\u010denim o\u010duhom? Naime, <strong>Stephen Jones (56)<\/strong>, sin Iris Jones, javno je izjavio da Mohammeda nikada ne\u0107e zvati \u201ctata\u201d. Kada mu je majka rekla da se dopisuje s Egip\u0107aninom, mislio je da je rije\u010d o mu\u0161karcu njenih godina pa svemu nije pridavao previ\u0161e pozornosti. \u201cKad sam doznao koliko on ima godina, to je izazvalo dosta napetosti. Moj brat to nije nikako prihvatio\u201d, kazao je Stephen.<\/p>\n<div id=\"mojev-1625705302\" class=\"mojev-kraj-teksta mojev-entity-placement\" style=\"margin-bottom: 20px;margin-left: auto;margin-right: auto;text-align: center;\"><div class=\"mojev-adlabel\">oglas<\/div><div style=\"height: 250px;\"><script async src=\"https:\/\/pagead2.googlesyndication.com\/pagead\/js\/adsbygoogle.js?client=ca-pub-8106111766207173\"\r\n     crossorigin=\"anonymous\"><\/script>\r\n<!-- Display-1 -->\r\n<ins class=\"adsbygoogle\"\r\n     style=\"display:block\"\r\n     data-ad-client=\"ca-pub-8106111766207173\"\r\n     data-ad-slot=\"1465712950\"\r\n     data-ad-format=\"auto\"\r\n     data-full-width-responsive=\"true\"><\/ins>\r\n<script>\r\n     (adsbygoogle = window.adsbygoogle || []).push({});\r\n<\/script><\/div><\/div>","protected":false},"excerpt":{"rendered":"<p>Je li prekidu kumovalo neslaganje njenih sinova s novope\u010denim o\u010duhom? Naime, Stephen Jones (56), sin Iris Jones, javno je izjavio da Mohammeda nikada ne\u0107e zvati &#8216;tata&#8217;.<\/p>\n","protected":false},"author":1,"featured_media":41942,"comment_status":"closed","ping_status":"closed","sticky":false,"template":"","format":"standard","meta":{"footnotes":""},"categories":[10],"tags":[3622,747],"class_list":["post-80679","post","type-post","status-publish","format-standard","has-post-thumbnail","hentry","category-ljubav","tag-iris-jones","tag-razlika-u-godinama"],"_links":{"self":[{"href":"https:\/\/www.mojevrijeme.hr\/magazin\/wp-json\/wp\/v2\/posts\/80679","targetHints":{"allow":["GET"]}}],"collection":[{"href":"https:\/\/www.mojevrijeme.hr\/magazin\/wp-json\/wp\/v2\/posts"}],"about":[{"href":"https:\/\/www.mojevrijeme.hr\/magazin\/wp-json\/wp\/v2\/types\/post"}],"author":[{"embeddable":true,"href":"https:\/\/www.mojevrijeme.hr\/magazin\/wp-json\/wp\/v2\/users\/1"}],"replies":[{"embeddable":true,"href":"https:\/\/www.mojevrijeme.hr\/magazin\/wp-json\/wp\/v2\/comments?post=80679"}],"version-history":[{"count":0,"href":"https:\/\/www.mojevrijeme.hr\/magazin\/wp-json\/wp\/v2\/posts\/80679\/revisions"}],"wp:featuredmedia":[{"embeddable":true,"href":"https:\/\/www.mojevrijeme.hr\/magazin\/wp-json\/wp\/v2\/media\/41942"}],"wp:attachment":[{"href":"https:\/\/www.mojevrijeme.hr\/magazin\/wp-json\/wp\/v2\/media?parent=80679"}],"wp:term":[{"taxonomy":"category","embeddable":true,"href":"https:\/\/www.mojevrijeme.hr\/magazin\/wp-json\/wp\/v2\/categories?post=80679"},{"taxonomy":"post_tag","embeddable":true,"href":"https:\/\/www.mojevrijeme.hr\/magazin\/wp-json\/wp\/v2\/tags?post=80679"}],"curies":[{"name":"wp","href":"https:\/\/api.w.org\/{rel}","templated":true}]}}