{"id":80733,"date":"2023-07-21T07:39:00","date_gmt":"2023-07-21T05:39:00","guid":{"rendered":"https:\/\/www.mojevrijeme.hr\/magazin\/?p=80733"},"modified":"2023-07-21T07:43:14","modified_gmt":"2023-07-21T05:43:14","slug":"naizgled-mile-snahe-otkrile-na-koje-sve-nacine-namjerno-izluduju-svekrve","status":"publish","type":"post","link":"https:\/\/www.mojevrijeme.hr\/magazin\/2023\/07\/naizgled-mile-snahe-otkrile-na-koje-sve-nacine-namjerno-izluduju-svekrve\/","title":{"rendered":"Snahe otkrile na koje sve na\u010dine namjerno izlu\u0111uju svekrve"},"content":{"rendered":"\n<p>Odnosi svekrva i snaha nepresu\u0161no su vrelo tema, pogotovo kada nisu idili\u010dni. No \u0161to kada je naizgled sve bajkovito, ali zapravo \u010dine sve da bi se ona druga osje\u0107ala lo\u0161e i posramljeno? Upravo su takve situacije, posve iskreno, iznijele snahe u raspravi na portalu Babycenter. I nisu krile da se osje\u0107aju sjajno ba\u0161 zbog slatke podle osvete svekrvama. <\/p>\n\n\n\n<p>&#8220;Moj apsolutni favorit je da kad se ona pona\u0161a kao da sve zna, ka\u017eem joj da bi trebala napisati knjigu. To joj daje do znanja da mislim da je ono \u0161to govori besmislica. Tako\u0111er, volim joj re\u0107i kako njen sin voli moju boju kose ili neki odre\u0111enu odjevnu kombinaciju u kojoj se osje\u0107am jako po\u017eeljnom. To ju potpuno izludi, iako se trudi to sakriti. Zabavno ju je promatrati&#8221;, napisala je jedna snaha.<\/p>\n\n\n\n<h3 class=\"wp-block-heading\">Nesigurna svekrva<\/h3>\n\n\n\n<p>Druga snaha ka\u017ee da je njena svekrva odustala od karijere i sjajnog posla kada je zatrudnjela te da zbog toga ima kompleks. &#8220;Ponekad, kada se osje\u0107am zlobno, ka\u017eem joj da jedva \u010dekam okon\u010dati rodiljni dopust i vratiti se karijeri kako bih ponovno zara\u0111ivala novac i zadobila natrag svoj identitet. A onda joj ka\u017eem da \u0107e mi sigurno biti te\u0161ko uskladiti maj\u010dinski \u017eivot s profesionalnim, ali da sam odlu\u010dna to u\u010diniti radi svoje obitelji. Znam da se ona zbog toga osje\u0107a vrlo nesigurno, a ja tada osje\u0107am zadovoljstvo i leptiri\u0107e u trbuhu.&#8221;<\/p><div id=\"mojev-3423716042\" class=\"mojev-u-tekstu mojev-entity-placement\" style=\"margin-left: auto;margin-right: auto;text-align: center;\"><div class=\"mojev-adlabel\">oglas<\/div><div style=\"height: 250px;\"><script async src=\"https:\/\/pagead2.googlesyndication.com\/pagead\/js\/adsbygoogle.js?client=ca-pub-8106111766207173\"\r\n     crossorigin=\"anonymous\"><\/script>\r\n<!-- Prikazni 1 u tekstu -->\r\n<ins class=\"adsbygoogle\"\r\n     style=\"display:block\"\r\n     data-ad-client=\"ca-pub-8106111766207173\"\r\n     data-ad-slot=\"8535551207\"\r\n     data-ad-format=\"auto\"\r\n     data-full-width-responsive=\"true\"><\/ins>\r\n<script>\r\n     (adsbygoogle = window.adsbygoogle || []).push({});\r\n<\/script><\/div><\/div><br style=\"clear: both; display: block; float: none;\"\/>\n\n\n\n<h3 class=\"wp-block-heading\">Svekrva ne voli da je ispravljaju<\/h3>\n\n\n\n<p>&#8220;Moja svekrva misli da je najpametnija na svijetu, ali to je daleko od istine. Obi\u010dno jednostavno ignoriram njeno neosnovano brbljanje, ali povremeno je ispravim i znam da je to dovodi do ludila. Posebno ako se moj suprug i svekar slo\u017ee sa mnom, \u0161to se ve\u0107inom i doga\u0111a. Uop\u0107e se ne osje\u0107am lo\u0161e zbog toga. Ona sa mnom razgovara kao da sam glupa&#8221;, ka\u017ee tre\u0107a snaha dodaju\u0107i da ju stvarno nije briga za svekrvine osje\u0107aje.<\/p>\n\n\n\n<h3 class=\"wp-block-heading\">Svekrva ne \u017eeli da biv\u0161a snaha ima novu djecu<\/h3>\n\n\n\n<p>&#8220;Moja biv\u0161a svekrva, baka moje djece, poludi kad joj ka\u017eem da \u017eelim tre\u0107e dijete. Jednom mi je otvoreno rekla kako je nakon razvoda od oca mog biv\u0161eg mu\u017ea odlu\u010dila da vi\u0161e ne\u0107e ra\u0111ati jer nije \u017eeljela da njena ve\u0107 ro\u0111ena djeca budu nesretna zato \u0161to bi novo dijete imalo oba roditelja. Gledala sam je \u010dudno i rekla sam joj da mnoge obitelji sada \u017eive &#8220;vi\u0161eroditeljskim stilom&#8221; i da se djeca ne osje\u0107aju isklju\u010deno. Shvatila je da nije rekla najpametniju stvar na svijetu. Ali ja sam je zapravo \u017eeljela pitati je li to isto rekla svojoj k\u0107eri koja se udala za mu\u0161karaca koji od ranije ima dvije k\u0107eri. Naravno da nije.&#8221;<\/p>\n\n\n\n<h3 class=\"wp-block-heading\">Svekar mrzi dugu kosu mog sina<\/h3>\n\n\n\n<p>&#8220;Tajno u\u017eivam u tome \u0161to divlje duge kovr\u010de mog trogodi\u0161njeg sina dovode mog svekra do ludila. On \u010desto komentira kako dijete treba o\u0161i\u0161ati, kao da ide na razgovor za posao ili ne\u0161to sli\u010dno!? Znam da je to samo zato \u0161to je dje\u010dak pa odga\u0111am \u0161i\u0161anje \u0161to je du\u017ee mogu\u0107e!&#8221;<\/p>\n\n\n\n<h3 class=\"wp-block-heading\">Osramo\u0107ena svekrva<\/h3>\n\n\n\n<p>&#8220;Moja svekrva nikada ne pere podove. To je tako odvratno. Ali ona misli da je naj\u010di\u0161\u0107a osoba na svijetu. Zato namjerno nosim bijele \u010darape i hodam u njima po njenom stanu. I onda podignem noge na kau\u010d te spomenem kako su mi \u010darape prljave kako bi svi uvidjeli da su joj podovi prljavi. Mislim da \u0107u zbog toga ravno u pakao&#8221;, zaklju\u010dila je jo\u0161 jedna snaha. <\/p>\n\n\n\n<div id=\"crveno\"><\/p>\n\n\n\n<h3 class=\"wp-block-heading\">Zanima nas va\u0161a pri\u010da<\/h3>\n\n\n\n<p>\u017delite li i vi, posve anonimno, podijeliti svoje iskustvo i vi\u0111enje ove teme s nama i na\u0161im \u010ditateljima, mo\u017eete to u\u010diniti putem web obrasca <a rel=\"noreferrer noopener\" href=\"https:\/\/www.mojevrijeme.hr\/magazin\/povjerljivo\/\" target=\"_blank\">Povjerljivo<\/a>. Napi\u0161ite svoju pri\u010du!<\/p>\n\n\n\n<p><\/div>\n<div id=\"mojev-2034131139\" class=\"mojev-kraj-teksta mojev-entity-placement\" style=\"margin-bottom: 20px;margin-left: auto;margin-right: auto;text-align: center;\"><div class=\"mojev-adlabel\">oglas<\/div><div style=\"height: 250px;\"><script async src=\"https:\/\/pagead2.googlesyndication.com\/pagead\/js\/adsbygoogle.js?client=ca-pub-8106111766207173\"\r\n     crossorigin=\"anonymous\"><\/script>\r\n<!-- Display-1 -->\r\n<ins class=\"adsbygoogle\"\r\n     style=\"display:block\"\r\n     data-ad-client=\"ca-pub-8106111766207173\"\r\n     data-ad-slot=\"1465712950\"\r\n     data-ad-format=\"auto\"\r\n     data-full-width-responsive=\"true\"><\/ins>\r\n<script>\r\n     (adsbygoogle = window.adsbygoogle || []).push({});\r\n<\/script><\/div><\/div>","protected":false},"excerpt":{"rendered":"<p>Volimo mu\u010diti svoje svekrve, priznale su snahe navode\u0107i precizno \u0161to sve \u010dine kako bi se majke njihovih mu\u017eeva osje\u0107ale lo\u0161e.<\/p>\n","protected":false},"author":1,"featured_media":80743,"comment_status":"closed","ping_status":"closed","sticky":false,"template":"","format":"standard","meta":{"footnotes":""},"categories":[3552],"tags":[3437,3550],"class_list":["post-80733","post","type-post","status-publish","format-standard","has-post-thumbnail","hentry","category-povjerljivo","tag-obiteljski-odnosi","tag-svekrve-i-snahe"],"_links":{"self":[{"href":"https:\/\/www.mojevrijeme.hr\/magazin\/wp-json\/wp\/v2\/posts\/80733","targetHints":{"allow":["GET"]}}],"collection":[{"href":"https:\/\/www.mojevrijeme.hr\/magazin\/wp-json\/wp\/v2\/posts"}],"about":[{"href":"https:\/\/www.mojevrijeme.hr\/magazin\/wp-json\/wp\/v2\/types\/post"}],"author":[{"embeddable":true,"href":"https:\/\/www.mojevrijeme.hr\/magazin\/wp-json\/wp\/v2\/users\/1"}],"replies":[{"embeddable":true,"href":"https:\/\/www.mojevrijeme.hr\/magazin\/wp-json\/wp\/v2\/comments?post=80733"}],"version-history":[{"count":0,"href":"https:\/\/www.mojevrijeme.hr\/magazin\/wp-json\/wp\/v2\/posts\/80733\/revisions"}],"wp:featuredmedia":[{"embeddable":true,"href":"https:\/\/www.mojevrijeme.hr\/magazin\/wp-json\/wp\/v2\/media\/80743"}],"wp:attachment":[{"href":"https:\/\/www.mojevrijeme.hr\/magazin\/wp-json\/wp\/v2\/media?parent=80733"}],"wp:term":[{"taxonomy":"category","embeddable":true,"href":"https:\/\/www.mojevrijeme.hr\/magazin\/wp-json\/wp\/v2\/categories?post=80733"},{"taxonomy":"post_tag","embeddable":true,"href":"https:\/\/www.mojevrijeme.hr\/magazin\/wp-json\/wp\/v2\/tags?post=80733"}],"curies":[{"name":"wp","href":"https:\/\/api.w.org\/{rel}","templated":true}]}}